{"id":117853,"date":"2025-09-16T02:25:14","date_gmt":"2025-09-16T02:25:14","guid":{"rendered":"https:\/\/www.europesays.com\/es\/117853\/"},"modified":"2025-09-16T02:25:14","modified_gmt":"2025-09-16T02:25:14","slug":"preocupacion-en-el-valencia-basket-por-la-inminente-visita-del-hapoel-tel-aviv-al-roig-arena","status":"publish","type":"post","link":"https:\/\/www.europesays.com\/es\/117853\/","title":{"rendered":"Preocupaci\u00f3n en el Valencia Basket por la inminente visita del Hapoel Tel Aviv al Roig Arena"},"content":{"rendered":"<p class=\"ft-text\"><a class=\"ft-link ft-link--decoration\" href=\"https:\/\/www.superdeporte.es\/vuelta-espana\/2025\/09\/15\/javier-guillen-lamenta-imagen-ofrecio-vuelta-manifestaciones-121590623.html\" rel=\"nofollow noopener\" target=\"_blank\"><strong>Lo sucedido en la Vuelta a Espa\u00f1a en la que las multitudinarias manifestaciones propalestina<\/strong><\/a><strong> y<\/strong> las protestas por la participaci\u00f3n en la ronda espa\u00f1ola del <a class=\"ft-link ft-link--decoration\" href=\"https:\/\/www.superdeporte.es\/tags\/israel-premier-tech\/\" rel=\"nofollow noopener\" target=\"_blank\">Israel Premier-Tech<\/a>, que llevaron a la cancelaci\u00f3n de la \u00faltima etapa disputada en Madrid, <strong>han abierto un intenso debate sobre la conveniencia de expulsar a los representantes israel\u00edes de las competiciones deportivas, <\/strong>algo que ped\u00eda este lunes el propio presidente del Gobierno, Pedro S\u00e1nchez. U<strong>no de los deportes m\u00e1s afectados es el baloncesto <\/strong>ya que dos equipos, el<strong> <\/strong><a class=\"ft-link ft-link--decoration\" href=\"https:\/\/www.superdeporte.es\/tags\/hapoel-tel-aviv\/\" rel=\"nofollow noopener\" target=\"_blank\"><strong>Hapoel Tel Aviv <\/strong><\/a><strong>y el Maccabi Tel Aviv <\/strong>forman parte de la <a class=\"ft-link ft-link--decoration\" href=\"https:\/\/www.euroleaguebasketball.net\/euroleague\/\" rel=\"nofollow noopener\" target=\"_blank\">Euroliga <\/a>2025-2026. El <strong>Valencia Basket<\/strong>, adem\u00e1s, ser\u00e1 el primer club espa\u00f1ol que reciba la visita de uno de ellos, en concreto del <strong>Hapoel Tel Aviv<\/strong> al que, salvo que la situaci\u00f3n d\u00e9 un giro en las pr\u00f3ximas semanas, se<strong> enfrentar\u00e1 el 15 de octubre en el Roig Arena a las 20:30 horas en la cuarta jornada de la competici\u00f3n continental.<\/strong><\/p>\n<p>Contatos del Valencia BC con Delegaci\u00f3n de Gobierno y la Euroliga<\/p>\n<p class=\"ft-text\"><strong>Cuando tan s\u00f3lo falta un mes para la visita del Hapoel <\/strong>y ante la creciente ola de protestas anti-israel\u00edes, <strong>las alarmas se han encendido<\/strong> en el club taronja. Sus responsables se han puesto este mismo lunes 15 de septiembre en c<strong>ontacto con Delegaci\u00f3n de Gobierno<\/strong>, instituci\u00f3n encargada de coordinar los dispositivos de seguridad en casos como estos y a cuyo frente est\u00e1 <a class=\"ft-link ft-link--decoration\" href=\"https:\/\/www.superdeporte.es\/tags\/pilar-bernabe\/\" rel=\"nofollow noopener\" target=\"_blank\">Pilar Bernab\u00e9<\/a>. Adem\u00e1s, <strong>el Valencia Basket ha mantenido tambi\u00e9n contactos con la propia Euroliga<\/strong> para analizar la situaci\u00f3n. Cada vez son m\u00e1s las voces que abogan por expulsar a los equipos procedentes de Israel pero la Euroliga, en este sentido, carece de facultad para hacerlo. En sus estatutos no se contempla esta opci\u00f3n y tendr\u00eda que ser un organismo de rango superior como el <a class=\"ft-link ft-link--decoration\" href=\"https:\/\/www.superdeporte.es\/tags\/coi\/\" rel=\"nofollow noopener\" target=\"_blank\">COI <\/a>el que tomase tal determinaci\u00f3n. Es lo que pas\u00f3 con la participaci\u00f3n de los equipos rusos que fueron vetados por las instituciones internacionales.<\/p>\n<p>Juegan fuera de Israel<\/p>\n<p class=\"ft-text\"><strong>Tanto el Hapoel como el Maccabi participan en la Euroliga <\/strong>aunque sus partidos como locales los disputan respectivamente en Sof\u00eda (Bulgaria) en el caso del Hapoel y Belgrado (Serbia) en el del Maccabi. Sin embargo, los partidos que juegan como visitantes siguen programados con total normalidad.<\/p>\n<p class=\"ft-text\">A menos que se d\u00e9 un cambio en la situaci\u00f3n y tanto Hapoel como Maccabi mantengan sus plazas en la actual Euroliga, como parece que va a pasar, en el<a class=\"ft-link ft-link--decoration\" href=\"https:\/\/www.superdeporte.es\/tags\/roig-arena\/\" rel=\"nofollow noopener\" target=\"_blank\"> Roig Arena <\/a>se vivir\u00e1 un partido que seguramente ser\u00e1 catalogado como de &#8216;<strong>alto riesgo<\/strong>&#8216; por lo que l<strong>as fuerzas de seguridad a buen seguro, desplegar\u00e1n un gran dispositivo<\/strong>.<\/p>\n<p class=\"ft-text\">El otro representante de Isarel en la Euroliga, el <strong>Maccabi Tel Aviv<\/strong>, est\u00e1 previsto que visite el Roig Arena en la<strong> jornada 25<\/strong> que se disputar\u00e1 el <strong>29 de enero de 2026. <\/strong><\/p>\n<p><img decoding=\"async\" src=\"https:\/\/www.europesays.com\/es\/wp-content\/uploads\/2025\/09\/40401da3-d1d3-4205-97d4-f20368d7a2f8_alta-libre-aspect-ratio_default_0.jpg\" width=\"1200\" height=\"1500\" alt=\"El Hapoel participa en la Euroliga tras ganar la Eurocup\" class=\"ft-helper-img-rd\" loading=\"lazy\" hasdataaida=\"true\"\/><\/p>\n<p class=\"ft-helper-fontColor-quaternary ft-helper-fontSize-body-S ft-helper-spacer-t-xxs\">El Hapoel participa en la Euroliga tras ganar la Eurocup  \/ Hapoel Tel Aviv<\/p>\n<p>Ya hubo protestas en la Fonteta este abril<\/p>\n<p class=\"ft-text\"><strong>El pasado mes de abril el Hapoel Tel Aviv ya visit\u00f3 al Valencia Basket,<\/strong> en aquella ocasi\u00f3n en la Fonteta y en partido de <strong>Eurocup<\/strong>, concretamente en el <strong>tercer y definitivo partido de las semifinales <\/strong>que adem\u00e1s <a class=\"ft-link ft-link--decoration\" href=\"https:\/\/www.superdeporte.es\/valencia-basket\/2025\/04\/02\/video-eliminado-hapoel-valencia-basket-115987218.html\" rel=\"nofollow noopener\" target=\"_blank\">se sald\u00f3 con triunfo del conjunto de Israel y que dej\u00f3 al Valencia Basket fuera de la Final<\/a>. S\u00ed la alcanz\u00f3 el Hapoel que tras proclamarse campe\u00f3n de la Eurocup lograba tambi\u00e9n el pasaporte a la <strong>Euroliga<\/strong> donde de nuevo se reencontrar\u00e1n con los de <strong>Pedro Mart\u00ednez<\/strong>. En esa ocasi\u00f3n, tambi\u00e9n se despleg\u00f3 un dispositivo de seguridad especial aunque el grado de crispaci\u00f3n e indignaci\u00f3n social ante el genocidio ejercido sobre el pueblo palestino no era tan elevado como lo es en la actualidad.<\/p>\n<p class=\"ft-text\"><strong>En aquel partido, m\u00e1s de medio centenar de personas protestaron contra Israel y a favor de Palestina<\/strong>\u00a0frente al\u00a0<a href=\"https:\/\/www.superdeporte.es\/tags\/fonteta\/\" class=\"ft-link ft-link--decoration\" rel=\"nofollow noopener\" target=\"_blank\">pabell\u00f3n de la Fonteta,<\/a>\u00a0 <strong>Convocados por BDS Pa\u00eds Valenci\u00e0 y por Voces por Palestina,\u00a0<\/strong>los manifestantes llamaron al boicot contra Israel.<\/p>\n<p><img decoding=\"async\" src=\"https:\/\/www.europesays.com\/es\/wp-content\/uploads\/2025\/09\/0b5f37bb-b874-40fd-b030-4b4b121aec60_alta-libre-aspect-ratio_default_0.jpg\" width=\"1200\" height=\"890\" alt=\"Valencia Basket y Hapoel se enfrentaron en las semifinales de la Eurocup\" class=\"ft-helper-img-rd\" loading=\"lazy\" hasdataaida=\"true\"\/><\/p>\n<p class=\"ft-helper-fontColor-quaternary ft-helper-fontSize-body-S ft-helper-spacer-t-xxs\">Valencia Basket y Hapoel se enfrentaron en las semifinales de la Eurocup  \/ F. Calabuig \/ Francisco Calabuig<\/p>\n","protected":false},"excerpt":{"rendered":"Lo sucedido en la Vuelta a Espa\u00f1a en la que las multitudinarias manifestaciones propalestina y las protestas por&hellip;\n","protected":false},"author":2,"featured_media":117854,"comment_status":"","ping_status":"","sticky":false,"template":"","format":"standard","meta":{"footnotes":""},"categories":[269],"tags":[299,1918,298,168,25,24,832,833,39298,74,28467,15139,76,864,2915,23,167,235,2916,938],"class_list":{"0":"post-117853","1":"post","2":"type-post","3":"status-publish","4":"format-standard","5":"has-post-thumbnail","7":"category-baloncesto","8":"tag-baloncesto","9":"tag-basket","10":"tag-basketball","11":"tag-deportes","12":"tag-es","13":"tag-espana","14":"tag-eurocup","15":"tag-euroliga","16":"tag-hapoel-tel-aviv","17":"tag-israel","18":"tag-la-fonteta","19":"tag-maccabi","20":"tag-palestina","21":"tag-preocupacion","22":"tag-roig-arena","23":"tag-spain","24":"tag-sports","25":"tag-valencia","26":"tag-valencia-basket","27":"tag-visita"},"share_on_mastodon":{"url":"","error":""},"_links":{"self":[{"href":"https:\/\/www.europesays.com\/es\/wp-json\/wp\/v2\/posts\/117853","targetHints":{"allow":["GET"]}}],"collection":[{"href":"https:\/\/www.europesays.com\/es\/wp-json\/wp\/v2\/posts"}],"about":[{"href":"https:\/\/www.europesays.com\/es\/wp-json\/wp\/v2\/types\/post"}],"author":[{"embeddable":true,"href":"https:\/\/www.europesays.com\/es\/wp-json\/wp\/v2\/users\/2"}],"replies":[{"embeddable":true,"href":"https:\/\/www.europesays.com\/es\/wp-json\/wp\/v2\/comments?post=117853"}],"version-history":[{"count":0,"href":"https:\/\/www.europesays.com\/es\/wp-json\/wp\/v2\/posts\/117853\/revisions"}],"wp:featuredmedia":[{"embeddable":true,"href":"https:\/\/www.europesays.com\/es\/wp-json\/wp\/v2\/media\/117854"}],"wp:attachment":[{"href":"https:\/\/www.europesays.com\/es\/wp-json\/wp\/v2\/media?parent=117853"}],"wp:term":[{"taxonomy":"category","embeddable":true,"href":"https:\/\/www.europesays.com\/es\/wp-json\/wp\/v2\/categories?post=117853"},{"taxonomy":"post_tag","embeddable":true,"href":"https:\/\/www.europesays.com\/es\/wp-json\/wp\/v2\/tags?post=117853"}],"curies":[{"name":"wp","href":"https:\/\/api.w.org\/{rel}","templated":true}]}}