{"id":117855,"date":"2025-09-16T02:26:13","date_gmt":"2025-09-16T02:26:13","guid":{"rendered":"https:\/\/www.europesays.com\/es\/117855\/"},"modified":"2025-09-16T02:26:13","modified_gmt":"2025-09-16T02:26:13","slug":"quiero-experimentar-lo-que-se-vive-en-san-mames","status":"publish","type":"post","link":"https:\/\/www.europesays.com\/es\/117855\/","title":{"rendered":"\u201cQuiero experimentar lo que se vive en San Mam\u00e9s\u201d"},"content":{"rendered":"<p>\n        El curso pasado, <strong>el Arsenal fue subcampe\u00f3n de la Premier League y semifinalista de la <\/strong><a href=\"https:\/\/www.deia.eus\/tags\/champions-league\/\" title=\"Champions League\" class=\"link copy\" rel=\"nofollow noopener\" target=\"_blank\"><strong>Champions League<\/strong><\/a><strong>.<\/strong> Los de Mikel Arteta solo cayeron ante el PSG, a la postre campe\u00f3n, tras una temporada de esc\u00e1ndalo. Y este verano, el club londinense ha sabido moverse bien y mucho en el mercado para mejorar, a\u00fan m\u00e1s si cabe, una plantilla complet\u00edsima.\n<\/p>\n<p class=\"article-body__text \">\n        Todo ello convierte al Arsenal en uno de los favoritos para ganarlo todo este a\u00f1o. Sin embargo, <strong>Arteta rebaja la euforia<\/strong> y avisa que, para conseguir la Champions, primero hay que ganar en San Mam\u00e9s. <strong>\u201cEstamos en un lugar precioso, en un estadio que va a generar un ambiente especial<\/strong> y en el que estoy encantado de empezar la Champions\u201d, reconoce el t\u00e9cnico guipuzcoano.\n<\/p>\n<p>            <a href=\"https:\/\/www.deia.eus\/athletic\/2025\/09\/15\/david-raya-elogia-unai-simon-10088033.html\" title=\"David Raya elogia a Unai Sim\u00f3n: &quot;Es un porterazo&quot;\" class=\"new__media\" rel=\"nofollow noopener\" target=\"_blank\"><\/p>\n<p>                <img alt=\"David Raya elogia a Unai Sim\u00f3n: &quot;Es un porterazo&quot;\" data-src=\"https:\/\/www.europesays.com\/es\/wp-content\/uploads\/2025\/09\/ff5b2f13-516f-49c0-bd67-a505024e0f68_16-9-aspect-ratio_default_0.jpg\" class=\"lozad\"\/><\/p>\n<p>        <\/a><\/p>\n<p>        <a href=\"https:\/\/www.deia.eus\/athletic\/2025\/09\/15\/david-raya-elogia-unai-simon-10088033.html\" title=\"David Raya elogia a Unai Sim\u00f3n: &quot;Es un porterazo&quot;\" class=\"new__headline\" rel=\"nofollow noopener\" target=\"_blank\"><br \/>\n            David Raya elogia a Unai Sim\u00f3n: \u00abEs un porterazo\u00bb<br \/>\n        <\/a><\/p>\n<p class=\"article-body__text \">\n        Y es que, aunque Arteta se haya enfrentado tres veces al Athletic -una como jugador con la Real Sociedad, otra como entrenador con el Everton y la \u00faltima este verano con el Arsenal- nunca lo ha hecho en La Catedral: <strong>\u201cTen\u00eda muchas ganas de venir porque han pasado 20 a\u00f1os desde que jugu\u00e9 en casa.<\/strong> Quiero experimentar lo que se vive en este estadio y enfrentarnos a un rival que va a ser dif\u00edcil y nos va a exigir mucho\u201d.\n<\/p>\n<p>  El precedente de pretemporada no sirve<\/p>\n<p class=\"article-body__text \">\n        Arsenal y Athletic se midieron en <a href=\"https:\/\/www.deia.eus\/athletic\/2025\/08\/09\/athletic-cae-arsenal-dispara-dudas-9966171.html\" title=\"el \u00faltimo encuentro de ambos conjuntos de pretemporada\" class=\"link copy\" rel=\"nofollow noopener\" target=\"_blank\">el \u00faltimo encuentro de ambos conjuntos de pretemporada<\/a>. El \u00faltimo amistoso antes de enfrentarse a sus respectivas ligas. En esa ocasi\u00f3n, <strong>los <\/strong><strong>gunners <\/strong><strong>pasaron por encima de los rojiblancos (3-0),<\/strong> en un encuentro que no tuvo mucha m\u00e1s miga de la que quisieron poner los ingleses.\n<\/p>\n<p>            <a href=\"https:\/\/www.deia.eus\/athletic\/2025\/09\/15\/espina-quitara-inaki-williams-ante-arsenal-champions-10086789.html\" title=\"La espina que se quitar\u00e1 I\u00f1aki Williams ante el Arsenal\" class=\"new__media\" rel=\"nofollow noopener\" target=\"_blank\"><\/p>\n<p>                <img alt=\"La espina que se quitar\u00e1 I\u00f1aki Williams ante el Arsenal\" data-src=\"https:\/\/www.europesays.com\/es\/wp-content\/uploads\/2025\/09\/72aaf98e-a09e-4d88-ae5c-4ba03a9bec2a_16-9-aspect-ratio_default_0.jpg\" class=\"lozad\"\/><\/p>\n<p>        <\/a><\/p>\n<p>        <a href=\"https:\/\/www.deia.eus\/athletic\/2025\/09\/15\/espina-quitara-inaki-williams-ante-arsenal-champions-10086789.html\" title=\"La espina que se quitar\u00e1 I\u00f1aki Williams ante el Arsenal\" class=\"new__headline\" rel=\"nofollow noopener\" target=\"_blank\"><br \/>\n            La espina que se quitar\u00e1 I\u00f1aki Williams ante el Arsenal<br \/>\n        <\/a><\/p>\n<p class=\"article-body__text \">\n        Sin embargo, <strong>Arteta avisa que ese precedente no sirve<\/strong> para predecir lo que ocurrir\u00e1 en la primera jornada de Champions: \u201cEse partido sirvi\u00f3 para coger algunas informaciones y sensaciones, pero <strong>este duelo va a ser otro mundo.<\/strong> Se va a elevar el nivel de los equipos y el nivel de la exigencia. El contexto va a cambiar completamente\u201d.\n<\/p>\n<p class=\"article-body__text \">\n        En ese sentido, el t\u00e9cnico vasco <strong>teme que el Athletic \u201cnos lleve hacia lo que ellos quieren porque en casa son capaces de generar muchos minutos de peligro\u201d.<\/strong> \u201cTenemos que salir de su presi\u00f3n lo mejor posible e intentar atacar los espacios que dejen\u201d.<\/p>\n","protected":false},"excerpt":{"rendered":"El curso pasado, el Arsenal fue subcampe\u00f3n de la Premier League y semifinalista de la Champions League. Los&hellip;\n","protected":false},"author":2,"featured_media":117856,"comment_status":"","ping_status":"","sticky":false,"template":"","format":"standard","meta":{"footnotes":""},"categories":[268],"tags":[23569,168,25,24,37847,280,282,23980,10474,2228,281,23,167,1343],"class_list":{"0":"post-117855","1":"post","2":"type-post","3":"status-publish","4":"format-standard","5":"has-post-thumbnail","7":"category-futbol","8":"tag-arteta","9":"tag-deportes","10":"tag-es","11":"tag-espana","12":"tag-experimentar","13":"tag-football","14":"tag-futbol","15":"tag-mames","16":"tag-quiero","17":"tag-san","18":"tag-soccer","19":"tag-spain","20":"tag-sports","21":"tag-vive"},"share_on_mastodon":{"url":"","error":""},"_links":{"self":[{"href":"https:\/\/www.europesays.com\/es\/wp-json\/wp\/v2\/posts\/117855","targetHints":{"allow":["GET"]}}],"collection":[{"href":"https:\/\/www.europesays.com\/es\/wp-json\/wp\/v2\/posts"}],"about":[{"href":"https:\/\/www.europesays.com\/es\/wp-json\/wp\/v2\/types\/post"}],"author":[{"embeddable":true,"href":"https:\/\/www.europesays.com\/es\/wp-json\/wp\/v2\/users\/2"}],"replies":[{"embeddable":true,"href":"https:\/\/www.europesays.com\/es\/wp-json\/wp\/v2\/comments?post=117855"}],"version-history":[{"count":0,"href":"https:\/\/www.europesays.com\/es\/wp-json\/wp\/v2\/posts\/117855\/revisions"}],"wp:featuredmedia":[{"embeddable":true,"href":"https:\/\/www.europesays.com\/es\/wp-json\/wp\/v2\/media\/117856"}],"wp:attachment":[{"href":"https:\/\/www.europesays.com\/es\/wp-json\/wp\/v2\/media?parent=117855"}],"wp:term":[{"taxonomy":"category","embeddable":true,"href":"https:\/\/www.europesays.com\/es\/wp-json\/wp\/v2\/categories?post=117855"},{"taxonomy":"post_tag","embeddable":true,"href":"https:\/\/www.europesays.com\/es\/wp-json\/wp\/v2\/tags?post=117855"}],"curies":[{"name":"wp","href":"https:\/\/api.w.org\/{rel}","templated":true}]}}