{"id":117863,"date":"2025-09-16T02:31:18","date_gmt":"2025-09-16T02:31:18","guid":{"rendered":"https:\/\/www.europesays.com\/es\/117863\/"},"modified":"2025-09-16T02:31:18","modified_gmt":"2025-09-16T02:31:18","slug":"ed-sheeran-se-muda-a-estados-unidos-kiss-fm","status":"publish","type":"post","link":"https:\/\/www.europesays.com\/es\/117863\/","title":{"rendered":"Ed Sheeran se muda a Estados Unidos \u2013 KISS FM"},"content":{"rendered":"<p>&#13;<br \/>\n\t\t&#13;<br \/>\n&#13;<br \/>\n\t&#13;<\/p>\n<p><strong>Ed Sheeran <\/strong>ha confirmado un cambio significativo en su vida personal y profesional: <strong>se instalar\u00e1 en Estados Unidos junto a su familia<\/strong>. El anuncio lo hizo durante el Podcast 2 Johnnies, en el que explic\u00f3 que, al coincidir con su extensa gira norteamericana, no tiene sentido mantener idas y vueltas constantes entre ambos pa\u00edses. \u201cMe voy de gira por all\u00ed un tiempo y tengo una familia, por lo que vamos a instalarnos all\u00ed\u201d, se\u00f1al\u00f3.<\/p>\n<p>Aunque el artista no ha detallado el lugar exacto, reconoci\u00f3 su predilecci\u00f3n por <strong>Nashville<\/strong>. \u201cEs mi ciudad favorita de los Estados Unidos y siempre ha sido mi objetivo final mudarme all\u00ed y poder vivir en el campo\u201d, afirm\u00f3 al Daily Mail. La elecci\u00f3n no sorprende, dado que Nashville es considerada la <strong>capital musical del country <\/strong>y ha atra\u00eddo a numerosos artistas internacionales en busca de inspiraci\u00f3n y estabilidad.<\/p>\n<p>La noticia llega tras la <strong>pol\u00e9mica por unas declaraciones <\/strong>recientes en las que el brit\u00e1nico asegur\u00f3 sentirse \u201cculturalmente irland\u00e9s\u201d. Sheeran, de padre irland\u00e9s y con una infancia marcada por la m\u00fasica tradicional de ese pa\u00eds, declar\u00f3 que sus primeras experiencias musicales estuvieron vinculadas a Irlanda. \u201cCrec\u00ed con m\u00fasica tradicional en mi casa y eso es lo que siento como m\u00edo\u201d, afirm\u00f3.<\/p>\n<p>El punto de fricci\u00f3n con parte del p\u00fablico brit\u00e1nico se produjo cuando matiz\u00f3 sus palabras: <strong>\u201cEl hecho de que haya nacido en Gran Breta\u00f1a no significa que tenga que ser brit\u00e1nico\u201d<\/strong>. Estas declaraciones generaron cr\u00edticas en Inglaterra, donde algunos cuestionaron su compromiso con el pa\u00eds que lo vio nacer.<\/p>\n<p class=\"has-text-align-right\">Redacci\u00f3n<\/p>\n<p>\t&#13;<br \/>\n&#13;<\/p>\n<p>            <a href=\"http:\/\/www.facebook.com\/sharer\/sharer.php?u=https:\/\/www.kissfm.es\/2025\/09\/09\/ed-sheeran-fija-su-futuro-en-estados-unidos\/&amp;t=Ed Sheeran se muda a Estados Unidos\" target=\"_blank\" rel=\"noopener noreferrer nofollow\"><img decoding=\"async\" src=\"https:\/\/www.europesays.com\/es\/wp-content\/uploads\/2025\/08\/Facebook.png\" alt=\"\"\/><\/a><br \/>\n            <a href=\"#\" onclick=\"essb_window('https:\/\/twitter.com\/intent\/tweet?text=Ed Sheeran se muda a Estados Unidos&amp;url=https:\/\/www.kissfm.es\/2025\/09\/09\/ed-sheeran-fija-su-futuro-en-estados-unidos\/\/&amp;counturl=https:\/\/www.kissfm.es\/2025\/09\/09\/ed-sheeran-fija-su-futuro-en-estados-unidos\/&amp;hashtags=\" return=\"\" false=\"\" rel=\"noopener noreferrer\"><img decoding=\"async\" src=\"https:\/\/www.europesays.com\/es\/wp-content\/uploads\/2025\/08\/Twitter.png\" alt=\"\"\/><\/a><br \/>\n        &#13;<br \/>\n        &#13;<br \/>\n<script async src=\"https:\/\/platform.twitter.com\/widgets.js\" charset=\"utf-8\"><\/script><\/p>\n","protected":false},"excerpt":{"rendered":"&#13; &#13; &#13; &#13; Ed Sheeran ha confirmado un cambio significativo en su vida personal y profesional: se&hellip;\n","protected":false},"author":2,"featured_media":117864,"comment_status":"","ping_status":"","sticky":false,"template":"","format":"standard","meta":{"footnotes":""},"categories":[170],"tags":[146,147,25,24,184,185,23],"class_list":{"0":"post-117863","1":"post","2":"type-post","3":"status-publish","4":"format-standard","5":"has-post-thumbnail","7":"category-musica","8":"tag-entertainment","9":"tag-entretenimiento","10":"tag-es","11":"tag-espana","12":"tag-music","13":"tag-musica","14":"tag-spain"},"share_on_mastodon":{"url":"","error":""},"_links":{"self":[{"href":"https:\/\/www.europesays.com\/es\/wp-json\/wp\/v2\/posts\/117863","targetHints":{"allow":["GET"]}}],"collection":[{"href":"https:\/\/www.europesays.com\/es\/wp-json\/wp\/v2\/posts"}],"about":[{"href":"https:\/\/www.europesays.com\/es\/wp-json\/wp\/v2\/types\/post"}],"author":[{"embeddable":true,"href":"https:\/\/www.europesays.com\/es\/wp-json\/wp\/v2\/users\/2"}],"replies":[{"embeddable":true,"href":"https:\/\/www.europesays.com\/es\/wp-json\/wp\/v2\/comments?post=117863"}],"version-history":[{"count":0,"href":"https:\/\/www.europesays.com\/es\/wp-json\/wp\/v2\/posts\/117863\/revisions"}],"wp:featuredmedia":[{"embeddable":true,"href":"https:\/\/www.europesays.com\/es\/wp-json\/wp\/v2\/media\/117864"}],"wp:attachment":[{"href":"https:\/\/www.europesays.com\/es\/wp-json\/wp\/v2\/media?parent=117863"}],"wp:term":[{"taxonomy":"category","embeddable":true,"href":"https:\/\/www.europesays.com\/es\/wp-json\/wp\/v2\/categories?post=117863"},{"taxonomy":"post_tag","embeddable":true,"href":"https:\/\/www.europesays.com\/es\/wp-json\/wp\/v2\/tags?post=117863"}],"curies":[{"name":"wp","href":"https:\/\/api.w.org\/{rel}","templated":true}]}}