{"id":117865,"date":"2025-09-16T02:32:18","date_gmt":"2025-09-16T02:32:18","guid":{"rendered":"https:\/\/www.europesays.com\/es\/117865\/"},"modified":"2025-09-16T02:32:18","modified_gmt":"2025-09-16T02:32:18","slug":"la-pelicula-toy-story-cumple-30-anos-y-regresa-al-cine-para-celebrar","status":"publish","type":"post","link":"https:\/\/www.europesays.com\/es\/117865\/","title":{"rendered":"La pel\u00edcula Toy Story cumple 30 a\u00f1os y regresa al cine para celebrar"},"content":{"rendered":"<p>                                <strong>\u00bfSabes cu\u00e1nto miden Woody y Buzz Lightyear o qui\u00e9n ide\u00f3 la caracter\u00edstica frase del vaquero \u00abHay una serpiente en mi bota\u00bb?\u00a0<\/strong><\/p>\n<p>Ciudad de M\u00e9xico, 14 de septiembre (SiEmbargo).- La pel\u00edcula animada Toy Story volvi\u00f3 a los <a href=\"https:\/\/www.sinembargo.mx\/4695441\/cuando-inicia-el-29-tour-de-cine-frances-y-que-peliculas-lo-componen\/\" target=\"_blank\" rel=\"noopener nofollow\">cines<\/a> por tiempo limitado como parte de la celebraci\u00f3n de su 30 aniversario. Una oportunidad para los fans de Woody, Buzz Lightyear, Rex, Betty y el resto de la pandilla, de disfrutar en pantalla grande una vez m\u00e1s esta cinta o verla por primera vez.<\/p>\n<p><strong>\u00bfDe qu\u00e9 trata?<\/strong><\/p>\n<p>Woody (voz en ingl\u00e9s de Tom Hanks), un vaquero de juguete con buen coraz\u00f3n, y el favorito de Andy (voz en ingl\u00e9s de John Morris), ve peligrar su lugar especial cuando aparece la figura de acci\u00f3n de Buzz Lightyear (voz en ingl\u00e9s de Tim Allen). A\u00fan peor, el arrogante Buzz cree que es un verdadero guardi\u00e1n espacial en una misi\u00f3n para regresar a su planeta. Cuando la familia de Andy se muda a una nueva casa, Woody y Buzz deben escapar de las garras del vecino malvado Sid Phillips (voz en ingl\u00e9s de Erik von Detten) para volver con su ni\u00f1o.<\/p>\n<p><strong>Datos de Toy Story<\/strong><\/p>\n<p>Para conmemorar el regreso de este cl\u00e1sico de<a href=\"https:\/\/www.instagram.com\/DisneyStudiosLA\/\" target=\"_blank\" rel=\"noopener nofollow\"> Disney<\/a> y Pixar compartimos algunos datos interesantes de esta pel\u00edcula que marc\u00f3 a una generaci\u00f3n y marc\u00f3 la historia de la animaci\u00f3n.<\/p>\n<p><img loading=\"lazy\" decoding=\"async\" class=\"alignnone size-full wp-image-3730847 img-sharpen\" src=\"data:image\/svg+xml,%3Csvg%20xmlns=\" http:=\"\" alt=\"\" width=\"110\" height=\"110\" data-lazy-src=\"https:\/\/www.europesays.com\/es\/wp-content\/uploads\/2025\/09\/sd_01.gif\"\/><\/p>\n<p><strong>Cambi\u00f3 el futuro de la animaci\u00f3n<\/strong><\/p>\n<p>Toy Story es la primera pel\u00edcula animada en CGI (im\u00e1genes generadas por computadora por sus siglas en ingl\u00e9s) de la historia, que cambi\u00f3 para siempre el futuro del cine, la narraci\u00f3n y la animaci\u00f3n. Adem\u00e1s, fue el primer largometraje creado por Pixar Animation Studios.<\/p>\n<p><img loading=\"lazy\" decoding=\"async\" class=\"size-full wp-image-4700310 img-sharpen\" src=\"data:image\/svg+xml,%3Csvg%20xmlns=\" http:=\"\" alt=\"Toy Story celebra 30 a\u00f1os\" width=\"700\" height=\"458\" data-lazy- data-lazy- data-lazy-src=\"https:\/\/www.europesays.com\/es\/wp-content\/uploads\/2025\/09\/toystorypelicula.jpg\"\/>Toy Story fue la primera pel\u00edcula animada creada con im\u00e1genes generadas por computadora. Foto: Cortes\u00eda Disney<\/p>\n<p><img loading=\"lazy\" decoding=\"async\" class=\"alignnone size-full wp-image-3730847 img-sharpen\" src=\"data:image\/svg+xml,%3Csvg%20xmlns=\" http:=\"\" alt=\"\" width=\"110\" height=\"110\" data-lazy-src=\"https:\/\/www.europesays.com\/es\/wp-content\/uploads\/2025\/09\/sd_02.gif\"\/><\/p>\n<p><strong>Nominada de los Premios Oscar <\/strong><\/p>\n<p>La pel\u00edcula, que se estren\u00f3 en 1995, recibi\u00f3 tres nominaciones en para la edici\u00f3n 68 de los Premios Oscar : Mejor guion original, Mejor banda sonora y Mejor canci\u00f3n. Recibi\u00f3 un Oscar Honor\u00edfico por \u00abLogro especial\u00bb.<\/p>\n<p>La cinta tambi\u00e9n estuvo nominada en los Globos de Oro numero 53 como Mejor pel\u00edcula &#8211; Comedia o musical y Mejor canci\u00f3n original (Randy Newman \u00abYou Got a Friend in Me\u00bb).<\/p>\n<p><img loading=\"lazy\" decoding=\"async\" class=\"alignnone size-full wp-image-3730847 img-sharpen\" src=\"data:image\/svg+xml,%3Csvg%20xmlns=\" http:=\"\" alt=\"\" width=\"110\" height=\"110\" data-lazy-src=\"https:\/\/www.europesays.com\/es\/wp-content\/uploads\/2025\/09\/sd_03.gif\"\/><\/p>\n<p><strong>\u00bfCu\u00e1nto miden Woody y Buzz?<\/strong><\/p>\n<p>El ic\u00f3nico vaquero de Toy Story Woody tiene una estatura de 38 cent\u00edmetros y alcanza los 40 cent\u00edmetros con el sombrero puesto. Por su parte, el astronauta Buzz Lightyear mide 29 cent\u00edmetros y con el casco puesto alcanza los 30 cent\u00edmetros.<\/p>\n<p><img loading=\"lazy\" decoding=\"async\" class=\"size-full wp-image-4700314 img-sharpen\" src=\"data:image\/svg+xml,%3Csvg%20xmlns=\" http:=\"\" alt=\"Toy Story celebra 30 a\u00f1os\" width=\"700\" height=\"458\" data-lazy- data-lazy- data-lazy-src=\"https:\/\/www.europesays.com\/es\/wp-content\/uploads\/2025\/09\/toy-story.jpg\"\/>Toy Story se estren\u00f3 en noviembre de 1995. Foto: Cortes\u00eda Disney<\/p>\n<p><img loading=\"lazy\" decoding=\"async\" class=\"alignnone size-full wp-image-3730847 img-sharpen\" src=\"data:image\/svg+xml,%3Csvg%20xmlns=\" http:=\"\" alt=\"\" width=\"110\" height=\"110\" data-lazy-src=\"https:\/\/www.europesays.com\/es\/wp-content\/uploads\/2025\/09\/sd_04.gif\"\/><\/p>\n<p><strong>Una improvisaci\u00f3n acertada <\/strong><\/p>\n<p>La frase caracter\u00edstica de Woody es: \u00abHay una serpiente en mi bota\u00bb, esta fue un aporte espontaneo de Tom Hanks, quien presta su voz al vaquero en la versi\u00f3n en ingl\u00e9s.<\/p>\n<p><img loading=\"lazy\" decoding=\"async\" class=\"alignnone size-full wp-image-3730847 img-sharpen\" src=\"data:image\/svg+xml,%3Csvg%20xmlns=\" http:=\"\" alt=\"\" width=\"110\" height=\"110\" data-lazy-src=\"https:\/\/www.europesays.com\/es\/wp-content\/uploads\/2025\/09\/sd_05.gif\"\/><\/p>\n<p><strong>La huella de Pixar<\/strong><\/p>\n<p>24 empleados de Pixar que trabajaron en Toy Story, aun trabajan en el estudio de animaci\u00f3n y 6 de ellos forman parte de la pel\u00edcula Toy Story 5 que se espera llegue al cine en junio del 2026.<\/p>\n<p>Pixar dej\u00f3 varios gui\u00f1os en la pel\u00edcula, uno es acerca de su historia ya que varios de los libros que aparecen en la habitaci\u00f3n de Andy llevan nombres de los cortometrajes de Pixar, adem\u00e1s de nombres de los miembros de Poxar como los autores de los libros.<\/p>\n<p><img loading=\"lazy\" decoding=\"async\" class=\"size-full wp-image-4700313 img-sharpen\" src=\"data:image\/svg+xml,%3Csvg%20xmlns=\" http:=\"\" alt=\"Toy Story celebra 30 a\u00f1os\" width=\"700\" height=\"457\" data-lazy- data-lazy- data-lazy-src=\"https:\/\/www.europesays.com\/es\/wp-content\/uploads\/2025\/09\/toy-story-2.jpg\"\/>Woody y Buzz Lightyear deben escapar de las garras del vecino malvado Sid Phillips. Foto: Cortes\u00eda Disney<br \/>\n                            <script async src=\"\/\/www.instagram.com\/embed.js\"><\/script><\/p>\n","protected":false},"excerpt":{"rendered":"\u00bfSabes cu\u00e1nto miden Woody y Buzz Lightyear o qui\u00e9n ide\u00f3 la caracter\u00edstica frase del vaquero \u00abHay una serpiente&hellip;\n","protected":false},"author":2,"featured_media":117866,"comment_status":"","ping_status":"","sticky":false,"template":"","format":"standard","meta":{"footnotes":""},"categories":[169],"tags":[177,146,147,25,24,176,175,23],"class_list":{"0":"post-117865","1":"post","2":"type-post","3":"status-publish","4":"format-standard","5":"has-post-thumbnail","7":"category-cine","8":"tag-cine","9":"tag-entertainment","10":"tag-entretenimiento","11":"tag-es","12":"tag-espana","13":"tag-film","14":"tag-movies","15":"tag-spain"},"share_on_mastodon":{"url":"","error":""},"_links":{"self":[{"href":"https:\/\/www.europesays.com\/es\/wp-json\/wp\/v2\/posts\/117865","targetHints":{"allow":["GET"]}}],"collection":[{"href":"https:\/\/www.europesays.com\/es\/wp-json\/wp\/v2\/posts"}],"about":[{"href":"https:\/\/www.europesays.com\/es\/wp-json\/wp\/v2\/types\/post"}],"author":[{"embeddable":true,"href":"https:\/\/www.europesays.com\/es\/wp-json\/wp\/v2\/users\/2"}],"replies":[{"embeddable":true,"href":"https:\/\/www.europesays.com\/es\/wp-json\/wp\/v2\/comments?post=117865"}],"version-history":[{"count":0,"href":"https:\/\/www.europesays.com\/es\/wp-json\/wp\/v2\/posts\/117865\/revisions"}],"wp:featuredmedia":[{"embeddable":true,"href":"https:\/\/www.europesays.com\/es\/wp-json\/wp\/v2\/media\/117866"}],"wp:attachment":[{"href":"https:\/\/www.europesays.com\/es\/wp-json\/wp\/v2\/media?parent=117865"}],"wp:term":[{"taxonomy":"category","embeddable":true,"href":"https:\/\/www.europesays.com\/es\/wp-json\/wp\/v2\/categories?post=117865"},{"taxonomy":"post_tag","embeddable":true,"href":"https:\/\/www.europesays.com\/es\/wp-json\/wp\/v2\/tags?post=117865"}],"curies":[{"name":"wp","href":"https:\/\/api.w.org\/{rel}","templated":true}]}}