{"id":117867,"date":"2025-09-16T02:33:12","date_gmt":"2025-09-16T02:33:12","guid":{"rendered":"https:\/\/www.europesays.com\/es\/117867\/"},"modified":"2025-09-16T02:33:12","modified_gmt":"2025-09-16T02:33:12","slug":"el-athletic-cree-que-la-grave-lesion-de-prados-permite-a-laporte-jugar-la-champions","status":"publish","type":"post","link":"https:\/\/www.europesays.com\/es\/117867\/","title":{"rendered":"El Athletic cree que la grave lesi\u00f3n de Prados permite a Laporte jugar la Champions"},"content":{"rendered":"<p>Por una v\u00eda o por otra, el Athletic cree que Aymeric Laporte ser\u00e1 inscrito en la UEFA. La <a href=\"https:\/\/www.elcorreo.com\/athletic\/benat-prados-cruzado-roto-perdera-temporada-20250915192902-nt.html\" data-voc-vtm-id=\"in-text-traffic\" title=\"desgracia de su compa\u00f1ero Be\u00f1at Prados\" data-mrf-link=\"www.elcorreo.com\" rel=\"nofollow noopener\" target=\"_blank\">desgracia de su compa\u00f1ero Be\u00f1at Prados<\/a>,  &#8230; que ha sufrido una lesi\u00f3n de rodilla de larga duraci\u00f3n y que le tendr\u00e1 al menos seis meses de baja, abre la puerta a la inscripci\u00f3n del central en la Liga de Campeones.<\/p>\n<p class=\"v-p\">El club entiende que Laporte encaja en la nueva norma aprobada por la UEFA hace tres d\u00edas. La modificaci\u00f3n de la regla en el Comit\u00e9 Ejecutivo celebrado en Tirana (Albania) da protecci\u00f3n a aquellos clubes que sufran una lesi\u00f3n de larga duraci\u00f3n de alg\u00fan jugador inscrito, como es el caso de Prados.<\/p>\n<p class=\"v-p\">A partir de ahora puede ser sustituido por otro jugador en las listas del torneo durante la fase de liga regular sin tener que esperar como antes a las eliminatorias de febrero. Laporte apunta a ser el primer beneficiado, aunque el club a\u00fan espera que la UEFA lo certifique.<\/p>\n<p class=\"v-p\">\u00abEl Comit\u00e9 Ejecutivo aprob\u00f3 una modificaci\u00f3n del reglamento de las competiciones de clubes masculinos de la UEFA 2025-26 para permitir la sustituci\u00f3n temporal de un m\u00e1ximo de un jugador de campo con una lesi\u00f3n o enfermedad de larga duraci\u00f3n durante la fase liga hasta la sexta jornada incluida. El motivo de esta adaptaci\u00f3n es garantizar que las listas de convocatorias no se reduzcan de forma injusta y que los jugadores est\u00e9n protegidos frente a una presi\u00f3n adicional por la carga de trabajo\u00bb, afirm\u00f3 la UEFA para explicar el cambio de normativa.<\/p>\n<p>Un recurso<\/p>\n<p class=\"v-p\">El Athletic, adem\u00e1s, sigue a la espera de conocer la respuesta a su recurso a la UEFA presentado antes de la lesi\u00f3n de Prados. El club vivi\u00f3 un dur\u00edsimo cierre de mercado. La FIFA rechaz\u00f3 el transfer internacional de Laporte porque la documentaci\u00f3n se subi\u00f3 fuera de plazo, las 23.59.59 del 1 de septiembre.<\/p>\n<p class=\"v-p\">Esa negativa gener\u00f3 un problema a\u00f1adido. Al d\u00eda siguiente, a la medianoche del 2 de febrero, se cerraba el plazo de inscripci\u00f3n en la Liga de Campeones. Como no ten\u00eda el transfer, Ibaigane no envi\u00f3 el nombre del franc\u00e9s a la UEFA.<\/p>\n<p class=\"v-p\">El pasado jueves la FIFA rectific\u00f3 y concedi\u00f3 el transfer a Laporte, autorizado as\u00ed a jugar las tres competiciones espa\u00f1olas, Liga, Copa y Supercopa. El permiso lleg\u00f3 despu\u00e9s de la bajada de la ventanilla de la UEFA para la Champions.<\/p>\n<p class=\"v-p\">En Ibaigane se considera que su posici\u00f3n es ventajosa. Se entiende que no fue inscrito el 2 de septiembre porque la FIFA hab\u00eda echado atr\u00e1s su transfer 24 horas antes. Se entiende que lo coherente es que se le d\u00e9 la autorizaci\u00f3n una vez que una organizaci\u00f3n superior como la FIFA ya ha dado el visto bueno.<\/p>\n<p class=\"v-p\">En el club se da por hecho que por una v\u00eda o por otra, el jugador estar\u00e1 en la competici\u00f3n continental. El partido ante el Arsenal llegaba en todo caso demasiado pronto para el central. Su pretemporada ha sido deficiente porque el Al-Nassr le dej\u00f3 fuera de la primera fase de ella en Austria y s\u00f3lo le reclut\u00f3 para los \u00faltimos d\u00edas en la celebrada en Portugal.<\/p>\n<p class=\"v-p\">El central se ha ejercitado por su cuenta. En el club se conf\u00eda en que est\u00e9 en condiciones de jugar en un par de semanas. Por tanto, se espera que participe en el primer partido fuera en Champions, en Dortmund.<\/p>\n","protected":false},"excerpt":{"rendered":"Por una v\u00eda o por otra, el Athletic cree que Aymeric Laporte ser\u00e1 inscrito en la UEFA. La&hellip;\n","protected":false},"author":2,"featured_media":117868,"comment_status":"","ping_status":"","sticky":false,"template":"","format":"standard","meta":{"footnotes":""},"categories":[93],"tags":[2182,11681,168,25,24,4351,10660,2179,10005,1262,23,167],"class_list":{"0":"post-117867","1":"post","2":"type-post","3":"status-publish","4":"format-standard","5":"has-post-thumbnail","7":"category-deportes","8":"tag-athletic","9":"tag-champions","10":"tag-deportes","11":"tag-es","12":"tag-espana","13":"tag-espera","14":"tag-jugara","15":"tag-laporte","16":"tag-saber","17":"tag-sigue","18":"tag-spain","19":"tag-sports"},"share_on_mastodon":{"url":"","error":""},"_links":{"self":[{"href":"https:\/\/www.europesays.com\/es\/wp-json\/wp\/v2\/posts\/117867","targetHints":{"allow":["GET"]}}],"collection":[{"href":"https:\/\/www.europesays.com\/es\/wp-json\/wp\/v2\/posts"}],"about":[{"href":"https:\/\/www.europesays.com\/es\/wp-json\/wp\/v2\/types\/post"}],"author":[{"embeddable":true,"href":"https:\/\/www.europesays.com\/es\/wp-json\/wp\/v2\/users\/2"}],"replies":[{"embeddable":true,"href":"https:\/\/www.europesays.com\/es\/wp-json\/wp\/v2\/comments?post=117867"}],"version-history":[{"count":0,"href":"https:\/\/www.europesays.com\/es\/wp-json\/wp\/v2\/posts\/117867\/revisions"}],"wp:featuredmedia":[{"embeddable":true,"href":"https:\/\/www.europesays.com\/es\/wp-json\/wp\/v2\/media\/117868"}],"wp:attachment":[{"href":"https:\/\/www.europesays.com\/es\/wp-json\/wp\/v2\/media?parent=117867"}],"wp:term":[{"taxonomy":"category","embeddable":true,"href":"https:\/\/www.europesays.com\/es\/wp-json\/wp\/v2\/categories?post=117867"},{"taxonomy":"post_tag","embeddable":true,"href":"https:\/\/www.europesays.com\/es\/wp-json\/wp\/v2\/tags?post=117867"}],"curies":[{"name":"wp","href":"https:\/\/api.w.org\/{rel}","templated":true}]}}