{"id":117879,"date":"2025-09-16T02:40:17","date_gmt":"2025-09-16T02:40:17","guid":{"rendered":"https:\/\/www.europesays.com\/es\/117879\/"},"modified":"2025-09-16T02:40:17","modified_gmt":"2025-09-16T02:40:17","slug":"anulados-1-000-millones-en-contratos-con-israel","status":"publish","type":"post","link":"https:\/\/www.europesays.com\/es\/117879\/","title":{"rendered":"Anulados 1.000 millones en contratos con Israel"},"content":{"rendered":"<p>Madrid (EFE).- El Ministerio de Defensa ha anulado dos contratos con empresas israel\u00edes por valor de casi 1.000 millones de euros sin que el Gobierno haya aprobado a\u00fan el real decreto que consolida jur\u00eddicamente el embargo de armas a Israel, que tampoco va a ir este martes al Consejo de Ministros.<\/p>\n<p>El Ejecutivo est\u00e1 ultimando esta medida, anunciada el pasado lunes por el presidente del Gobierno, Pedro S\u00e1nchez, y es posible que su aprobaci\u00f3n se produzca la pr\u00f3xima semana, han se\u00f1alado a EFE fuentes del Gobierno.<\/p>\n<p>Mientras, el <a href=\"https:\/\/www.defensa.gob.es\/\" target=\"_blank\" rel=\"noreferrer noopener nofollow\">Departamento que dirige Margarita Robles<\/a> sigue trabajando en el plan de desconexi\u00f3n tecnol\u00f3gica militar con Israel y en alternativas para que las Fuerzas Armadas puedan disponer de los programas que necesitan, han se\u00f1alado a EFE fuentes de Defensa.<\/p>\n<p>Fruto de ello es la anulaci\u00f3n oficial la semana pasada de los contratos para la adquisici\u00f3n de lanzacohetes de alta movilidad Silam y el sistema de misiles contracarro Spike L.R., ambas capacidades destinadas al Ej\u00e9rcito de Tierra.<\/p>\n<p>La Plataforma de Contrataci\u00f3n public\u00f3 el pasado d\u00eda la revocaci\u00f3n del contrato de compra de lanzacohetes Silam a la uni\u00f3n temporal de empresas Rheinmetall Expal Muntions y EM&amp;E, por un importe de 700 millones de euros.<\/p>\n<p>El mismo d\u00eda public\u00f3 la anulaci\u00f3n de la adjudicaci\u00f3n a la empresa PAP Tecnos Innovaci\u00f3n SA, filial espa\u00f1ola de la empresa israel\u00ed Rafael, del contrato de compra de 168 misiles Spike, por un valor de 287,5 millones de euros.<\/p>\n<p>En una comparecencia en el Congreso el pasado mes de junio para dar cuenta de los contratos de material de defensa con Israel, Robles ya asegur\u00f3 que determinados programas como estos dos iban a ser sustituidos por tecnolog\u00eda espa\u00f1ola y asegur\u00f3 que ello no tiene por qu\u00e9 implicar un retraso en los proyectos.<\/p>\n<p>\u00abTenemos reuniones permanentes con las industrias espa\u00f1olas para que ellos nos digan si el plan de desconexi\u00f3n que vamos a hacer, si los sustitutos para el Spike o para el Silam son posibles realizarlos en Espa\u00f1a. Y nos dicen que s\u00ed\u00bb, explic\u00f3 entonces la ministra a los diputados.<\/p>\n<p>El real decreto forma parte de una bater\u00eda de medidas anunciada por S\u00e1nchez y<a href=\"https:\/\/efe.com\/euro-efe\/2025-06-23\/ue-exteriores-israel-iran\/\" target=\"_blank\" rel=\"noreferrer noopener nofollow\"> establecer\u00e1 la prohibici\u00f3n legal de comprar <\/a>y vender armamento, munici\u00f3n y equipamiento militar a Israel.<\/p>\n<p>Se trata de un texto complejo de articular, cuyo contenido se tiene que ajustar su contenido al ordenamiento jur\u00eddico europeo, reconocieron fuentes gubernamentales.<\/p>\n","protected":false},"excerpt":{"rendered":"Madrid (EFE).- El Ministerio de Defensa ha anulado dos contratos con empresas israel\u00edes por valor de casi 1.000&hellip;\n","protected":false},"author":2,"featured_media":117880,"comment_status":"","ping_status":"","sticky":false,"template":"","format":"standard","meta":{"footnotes":""},"categories":[5],"tags":[17,18,1616,25,24,13,14,11,74,19,20,9,10,15,16,952,23,12,21,22],"class_list":{"0":"post-117879","1":"post","2":"type-post","3":"status-publish","4":"format-standard","5":"has-post-thumbnail","7":"category-titulares","8":"tag-breaking-news","9":"tag-breakingnews","10":"tag-defensa","11":"tag-es","12":"tag-espana","13":"tag-featured-news","14":"tag-featurednews","15":"tag-headlines","16":"tag-israel","17":"tag-latest-news","18":"tag-latestnews","19":"tag-news","20":"tag-noticias","21":"tag-noticias-destacadas","22":"tag-noticiasdestacadas","23":"tag-politica","24":"tag-spain","25":"tag-titulares","26":"tag-ultimas-noticias","27":"tag-ultimasnoticias"},"share_on_mastodon":{"url":"","error":""},"_links":{"self":[{"href":"https:\/\/www.europesays.com\/es\/wp-json\/wp\/v2\/posts\/117879","targetHints":{"allow":["GET"]}}],"collection":[{"href":"https:\/\/www.europesays.com\/es\/wp-json\/wp\/v2\/posts"}],"about":[{"href":"https:\/\/www.europesays.com\/es\/wp-json\/wp\/v2\/types\/post"}],"author":[{"embeddable":true,"href":"https:\/\/www.europesays.com\/es\/wp-json\/wp\/v2\/users\/2"}],"replies":[{"embeddable":true,"href":"https:\/\/www.europesays.com\/es\/wp-json\/wp\/v2\/comments?post=117879"}],"version-history":[{"count":0,"href":"https:\/\/www.europesays.com\/es\/wp-json\/wp\/v2\/posts\/117879\/revisions"}],"wp:featuredmedia":[{"embeddable":true,"href":"https:\/\/www.europesays.com\/es\/wp-json\/wp\/v2\/media\/117880"}],"wp:attachment":[{"href":"https:\/\/www.europesays.com\/es\/wp-json\/wp\/v2\/media?parent=117879"}],"wp:term":[{"taxonomy":"category","embeddable":true,"href":"https:\/\/www.europesays.com\/es\/wp-json\/wp\/v2\/categories?post=117879"},{"taxonomy":"post_tag","embeddable":true,"href":"https:\/\/www.europesays.com\/es\/wp-json\/wp\/v2\/tags?post=117879"}],"curies":[{"name":"wp","href":"https:\/\/api.w.org\/{rel}","templated":true}]}}