{"id":117887,"date":"2025-09-16T02:45:10","date_gmt":"2025-09-16T02:45:10","guid":{"rendered":"https:\/\/www.europesays.com\/es\/117887\/"},"modified":"2025-09-16T02:45:10","modified_gmt":"2025-09-16T02:45:10","slug":"wta-jovic-vence-a-arango-y-gana-el-abierto-de-guadalajara","status":"publish","type":"post","link":"https:\/\/www.europesays.com\/es\/117887\/","title":{"rendered":"WTA: Jovic vence a Arango y gana el Abierto de Guadalajara"},"content":{"rendered":"<p>Con la victoria en Jalisco, la estadounidense de 17 a\u00f1os se ubicar\u00e1 entre las 40 mejores tenistas del circuito<\/p>\n<p>GUADALAJARA &#8212; La estadounidense de 17 a\u00f1os <strong><a href=\"https:\/\/www.espn.com.mx\/tenis\/jugador\/_\/id\/11050\/iva-jovic\" rel=\"nofollow noopener\" target=\"_blank\">Iva Jovic<\/a><\/strong> derrot\u00f3 este domingo por 6-4, 6-1 a la colombiana <strong><a href=\"http:\/\/tenis\/jugador\/_\/id\/3184\/emiliana-arango\" rel=\"nofollow\">Emiliana Arango<\/a><\/strong>, disminuida f\u00edsicamente, para ganar la final del <strong>Abierto de Guadalajara<\/strong>, torneo 500 de la<strong><a href=\"http:\/\/tenis\/rankings\/_\/tipo\/wta\" rel=\"nofollow\"> WTA<\/a><\/strong>.<\/p>\n<p>Apenas en el arranque del partido <strong>Arango<\/strong> dio muestras de problemas f\u00edsicos. Primero pareci\u00f3 sufrir falta de aire, luego posible malestar de est\u00f3mago, luego, dolor en los muslos, a pesar de lo cual luch\u00f3 cada punto.<\/p>\n<p>En el sexto juego Jovic, una de las promesas del tenis mundial, quebr\u00f3 el servicio de <strong>Arango<\/strong>, pero la colombiana hizo buenas devoluciones y recuper\u00f3 el golpe; volvi\u00f3 a perder el saque en el octavo y, despu\u00e9s de salvar tres puntos de set, de nuevo igual\u00f3 las acciones.<\/p>\n<p><img class=\" lazyload lazyload\" data-image-container=\".inline-photo\" height=\"320\" width=\"570\"\/>Iva Jovic venci\u00f3 en la final a Emiliana Arango.\u00a0Simon Barber\/Getty Images<\/p>\n<p>Fue en el d\u00e9cimo que<strong> Jovic<\/strong> quebr\u00f3 por tercera vez consecutiva para ganar la primera manga en 53 minutos.<\/p>\n<p>A veces detenida, en otras con gesto de dolor, <strong>Emiliana<\/strong>, que empez\u00f3 la semana en el n\u00famero 86 del ranking, sigui\u00f3 luchando y estuvo cerca de romper el saque de su rival en el primer juego.<\/p>\n<p><strong>Jovic r<\/strong>ecuper\u00f3 tres puntos de quiebre y luego descifr\u00f3 el saque de su oponente para irse delante 2-0.<\/p>\n<p>En el tercero la colombiana vomit\u00f3; sin embargo, en una muestra de pundonor, se concentr\u00f3 en un golpe cada vez y quebr\u00f3 el servicio de la estadounidense.<\/p>\n<p>Despu\u00e9s de ser atendida por el m\u00e9dico, <strong>Arango<\/strong> trat\u00f3 de mantenerse en el partido pero dio demasiadas ventajas. <strong>Jovic<\/strong> gan\u00f3 los cuatro games siguientes y se llev\u00f3 el triunfo para ganar su primer t\u00edtulo 500 de la <strong>WTA<\/strong>.<\/p>\n<blockquote class=\"twitter-tweet\">\n<p lang=\"en\" dir=\"ltr\">Dreams do come true! \ud83c\udf1f Iva Jovic \ud83c\uddfa\ud83c\uddf8 is our new Champion! \ud83c\udfc6\ud83c\udfbe<a href=\"https:\/\/twitter.com\/hashtag\/GDLOpenAKRONxSantander?src=hash&amp;ref_src=twsrc%5Etfw\" rel=\"nofollow noopener\" target=\"_blank\">#GDLOpenAKRONxSantander<\/a> <a href=\"https:\/\/twitter.com\/hashtag\/WTA?src=hash&amp;ref_src=twsrc%5Etfw\" rel=\"nofollow noopener\" target=\"_blank\">#WTA<\/a> <a href=\"https:\/\/twitter.com\/hashtag\/ThisIsTennis?src=hash&amp;ref_src=twsrc%5Etfw\" rel=\"nofollow noopener\" target=\"_blank\">#ThisIsTennis<\/a> <a href=\"https:\/\/t.co\/DweQhDfINj\" rel=\"nofollow\">pic.twitter.com\/DweQhDfINj<\/a><\/p>\n<p>\u2014 GDL Open AKRON presentado por Santander (@WTAGuadalajara) <a href=\"https:\/\/twitter.com\/WTAGuadalajara\/status\/1967360462661841150?ref_src=twsrc%5Etfw\" rel=\"nofollow noopener\" target=\"_blank\">September 14, 2025<\/a><\/p><\/blockquote>\n<p><strong>Jovic<\/strong>, que comenz\u00f3 la semana en el 73 del ranking, aparecer\u00e1 el lunes entre las 40 mejores tenistas del mundo, en tanto <strong>Arango<\/strong> se ubicar\u00e1 en el 53 como mejor colombiana del circuito, delante de <strong>Camila Osorio<\/strong>, que perdi\u00f3 en los octavos de finales en <strong>Guadalajara<\/strong> y baj\u00f3 al lugar 85.<\/p>\n<p>Adem\u00e1s de sumar 500 puntos a su ranking, <strong>Jovic<\/strong> gan\u00f3 un premio de 164 mil d\u00f3lares. La colombiana agreg\u00f3 325 unidades y fue premiada con 101 mil d\u00f3lares.<\/p>\n<p><script async src=\"https:\/\/platform.twitter.com\/widgets.js\" charset=\"utf-8\"><\/script><\/p>\n","protected":false},"excerpt":{"rendered":"Con la victoria en Jalisco, la estadounidense de 17 a\u00f1os se ubicar\u00e1 entre las 40 mejores tenistas del&hellip;\n","protected":false},"author":2,"featured_media":117888,"comment_status":"","ping_status":"","sticky":false,"template":"","format":"standard","meta":{"footnotes":""},"categories":[274],"tags":[168,25,24,23,167,327,326],"class_list":{"0":"post-117887","1":"post","2":"type-post","3":"status-publish","4":"format-standard","5":"has-post-thumbnail","7":"category-tenis","8":"tag-deportes","9":"tag-es","10":"tag-espana","11":"tag-spain","12":"tag-sports","13":"tag-tenis","14":"tag-tennis"},"share_on_mastodon":{"url":"","error":""},"_links":{"self":[{"href":"https:\/\/www.europesays.com\/es\/wp-json\/wp\/v2\/posts\/117887","targetHints":{"allow":["GET"]}}],"collection":[{"href":"https:\/\/www.europesays.com\/es\/wp-json\/wp\/v2\/posts"}],"about":[{"href":"https:\/\/www.europesays.com\/es\/wp-json\/wp\/v2\/types\/post"}],"author":[{"embeddable":true,"href":"https:\/\/www.europesays.com\/es\/wp-json\/wp\/v2\/users\/2"}],"replies":[{"embeddable":true,"href":"https:\/\/www.europesays.com\/es\/wp-json\/wp\/v2\/comments?post=117887"}],"version-history":[{"count":0,"href":"https:\/\/www.europesays.com\/es\/wp-json\/wp\/v2\/posts\/117887\/revisions"}],"wp:featuredmedia":[{"embeddable":true,"href":"https:\/\/www.europesays.com\/es\/wp-json\/wp\/v2\/media\/117888"}],"wp:attachment":[{"href":"https:\/\/www.europesays.com\/es\/wp-json\/wp\/v2\/media?parent=117887"}],"wp:term":[{"taxonomy":"category","embeddable":true,"href":"https:\/\/www.europesays.com\/es\/wp-json\/wp\/v2\/categories?post=117887"},{"taxonomy":"post_tag","embeddable":true,"href":"https:\/\/www.europesays.com\/es\/wp-json\/wp\/v2\/tags?post=117887"}],"curies":[{"name":"wp","href":"https:\/\/api.w.org\/{rel}","templated":true}]}}