{"id":117905,"date":"2025-09-16T02:58:12","date_gmt":"2025-09-16T02:58:12","guid":{"rendered":"https:\/\/www.europesays.com\/es\/117905\/"},"modified":"2025-09-16T02:58:12","modified_gmt":"2025-09-16T02:58:12","slug":"alejandra-rubio-intenta-defender-a-su-madre-con-el-comodin-antonio-david-flores-y-sale-escaldada","status":"publish","type":"post","link":"https:\/\/www.europesays.com\/es\/117905\/","title":{"rendered":"Alejandra Rubio intenta defender a su madre con el comod\u00edn Antonio David Flores y sale escaldada"},"content":{"rendered":"<p>                                    <img decoding=\"async\" loading=\"lazy\" src=\"https:\/\/www.europesays.com\/es\/wp-content\/uploads\/2025\/09\/667d8915d47ff.jpeg\" alt=\"Jes\u00fas Manuel Ruiz\" width=\"40\" height=\"40\" data-full-src=\"https:\/\/www.europesays.com\/es\/wp-content\/uploads\/2025\/09\/667d8915d47ff.jpeg\"\/><\/p>\n<p class=\"paragraph\">La hija de<b><a href=\"https:\/\/www.esdiario.com\/chismografo\/250906\/166466\/terelu-desata-polemica-viernes-dice-rocio-flores.html\" title=\"Terelu desata la pol\u00e9mica en \" de=\"\" viernes=\"\" con=\"\" lo=\"\" que=\"\" dice=\"\" roc=\"\" flores=\"\" rel=\"nofollow noopener\" target=\"_blank\"> Terelu Campos <\/a><\/b> fue el plato fuerte este pasado s\u00e1bado en el programa Vaya Fama de <b>Telecinco<\/b> para rebatir la humillaci\u00f3n justificada de <b>Roc\u00edo Flores <\/b>a su madre tras la intervenci\u00f3n la noche anterior en el programa De Viernes. La hija de <b><a href=\"https:\/\/www.esdiario.com\/chismografo\/250523\/159711\/antonio-david-bombazo-melody-eurovision.html\" title=\"Antonio David Flores reaparece: \u2018bombazo\u2019 sobre Melody, TVE y Eurovisi\u00f3n\" rel=\"nofollow noopener\" target=\"_blank\">Antonio David Flore<\/a>s<\/b> arrastr\u00f3 dial\u00e9cticamente a la hija de la comunicadora <b>Teresa Campos.<\/b><\/p>\n<p>            <a href=\"#\" title=\"\"><\/p>\n<p>                    <img loading=\"lazy\" decoding=\"async\" data-index=\"\" width=\"140\" height=\"140\" alt=\"Roc\u00edo Flores y Terelu Campos, en De Viernes\" data-full=\"[object Object]\" data-original=\"[object Object]\" src=\"https:\/\/imagenes.esdiario.com\/files\/related_image\/uploads\/2025\/09\/13\/68c51ffa8938a.jpeg\" data-full-src=\"https:\/\/www.europesays.com\/es\/wp-content\/uploads\/2025\/09\/68c51ffa8938a.jpeg\"\/><\/p>\n<p>            <\/a><\/p>\n<p class=\"paragraph\">La \u201cni\u00f1a\u201d (y no de la curva o s\u00ed) utiliz\u00f3 el antiguo y a\u00f1ejo comod\u00edn de<b> Antonio David Flores <\/b>para asegurar que Roc\u00edo est\u00e1 influida por su padre. <b><a href=\"https:\/\/www.esdiario.com\/chismografo\/250909\/166673\/mar-flores-picota-lujoso-regalo-alejandra-rubio-deja-todos-boca-abierta.html\" title=\"Mar Flores, en la picota: ahora por un lujoso regalo a Alejandra Rubio que nos deja boquiabiertos\" rel=\"nofollow noopener\" target=\"_blank\">Alejandra Rubio<\/a><\/b> no vio la entrevista. Le interesa poco la actualidad del coraz\u00f3n. No se enter\u00f3 de nada. Estar\u00eda criando a su hijo y no pudo echar un vistazo al programa que presentan<b> Santi Acosta y Beatriz Archidona<\/b> a\u00fan sabiendo que ten\u00eda que trabajar el d\u00eda siguiente.\u00a0<\/p>\n<p class=\"paragraph\">Los que fuimos testigos de lo que asever\u00f3 la nieta de<b> <a href=\"https:\/\/www.esdiario.com\/chismografo\/medios\/230622\/134075\/vida-rocio-jurado-pedro-carrasco-serie.html\" rel=\"nofollow noopener\" target=\"_blank\">Roc\u00edo Jurado<\/a> <\/b>pudimos percibir que fue ecu\u00e1nime con sus progenitores. Cont\u00f3 lo que sinti\u00f3 por parte de su padre y de su madre ausente. La saga Campos defendi\u00f3 a capa y espada aquella docuserie o cuento chino sin precedente en la televisi\u00f3n por la amoralidad que supuso a todos los niveles incluso el judicial. Un atentado jur\u00eddico en toda regla.<\/p>\n<p>            <a href=\"#\" title=\"\"><\/p>\n<p>                    <img loading=\"lazy\" decoding=\"async\" data-index=\"\" width=\"140\" height=\"140\" alt=\"Alejandra Rubio en Fiesta de Mediaset.\" data-full=\"[object Object]\" data-original=\"[object Object]\" src=\"https:\/\/imagenes.esdiario.com\/files\/related_image\/uploads\/2025\/09\/01\/68b5c2ab67617.jpeg\" data-full-src=\"https:\/\/www.europesays.com\/es\/wp-content\/uploads\/2025\/09\/68b5c2ab67617.jpeg\"\/><\/p>\n<p>            <\/a><\/p>\n<p class=\"paragraph\">Alejandra, la hija del empresario de las gafas fue tibia, una vez m\u00e1s. Y su \u00fanico argumento fue utilizar de nuevo la manipulaci\u00f3n que pudo hacer el padre sobre la hija, quien se tuvo que ir a vivir con su progenitor a la edad de 15 a\u00f1os porque no quer\u00eda vivir m\u00e1s tiempo con su madre y su entonces pareja,<b> <a href=\"https:\/\/www.esdiario.com\/chismografo\/220721\/98272\/companero-universidad-revela-fidel-albiac-distancias-cortas.html\" rel=\"nofollow noopener\" target=\"_blank\">Fidel Albiac<\/a>. <\/b>Despu\u00e9s lleg\u00f3 la boda con venta en la revista <b>Hola<\/b>. Tiempo despu\u00e9s se march\u00f3 el ni\u00f1o. La teor\u00eda brillante de Rubio tambi\u00e9n ser\u00e1 que el ni\u00f1o estaba manipulado. Como el resto de la familia que no tiene relaci\u00f3n con la hija de La M\u00e1s Grande.<\/p>\n<p class=\"paragraph\">Roc\u00edo Flores mostr\u00f3 su verdad. La misma que ha contado en privado con quien se ha reunido. No cambi\u00f3 ni una coma. La sobrina de <b><a href=\"https:\/\/www.esdiario.com\/chismografo\/250908\/166530\/verdad-paso-gloria-camila-e-ivan-gonzalez-estalla-hija-ortega-cano-honduras.html\" title=\"Lo que de verdad pas\u00f3 entre Gloria Camila e Iv\u00e1n Gonz\u00e1lez estalla a la hija de Ortega Cano en Honduras\" rel=\"nofollow noopener\" target=\"_blank\">Gloria Camila<\/a><\/b> cont\u00f3 por primera vez c\u00f3mo se volvi\u00f3 a reencontrar con su familia materna despu\u00e9s de que su madre se lo impidiera a\u00f1os atr\u00e1s. No entr\u00f3 en los temas judiciales que a\u00fan no se han resuelto. Nada que ver con lo que hizo su  madre incluso con mostrar documentos de una menor que jam\u00e1s pueden ser mostrados. A los 18 a\u00f1os tienen que ser destruidos. La diferencia fue sobresaliente.<\/p>\n<p class=\"paragraph\"><b>\u00a0Terelu Campos<\/b> se fue calentita a casa porque estuvo acorralada por el testimonio de Roc\u00edo Flores. La protagonista fue aplaudida por el p\u00fablico asistente y por el clamor silenciado del resto de colaboradores principalmente por <b><a href=\"https:\/\/www.esdiario.com\/chismografo\/250614\/161178\/cruce-punales-barbara-rey-angela-portero-amores-pasados.html\" rel=\"nofollow noopener\" target=\"_blank\">\u00c1ngela Portero<\/a> y <a href=\"https:\/\/www.esdiario.com\/chismografo\/250302\/153996\/maria-patino-senala-jose-antonio-leon-dice-sobre-programa.html\" rel=\"nofollow noopener\" target=\"_blank\">Jos\u00e9 Antonio Le\u00f3n,<\/a><\/b> voces silenciadas en otros momentos de hace 4 a\u00f1os. La intervenci\u00f3n en calidad de defensa de Alejandra Rubio hacia su madre fue poco visto. Tan s\u00f3lo un 7% de share el programa Vaya Fama. Flores la noche anterior fue lo m\u00e1s visto. Rubio y su madre  y la Tita Carmen Borrego ya huelen a antiguo argumental.<\/p>\n","protected":false},"excerpt":{"rendered":"La hija de Terelu Campos fue el plato fuerte este pasado s\u00e1bado en el programa Vaya Fama de&hellip;\n","protected":false},"author":2,"featured_media":117906,"comment_status":"","ping_status":"","sticky":false,"template":"","format":"standard","meta":{"footnotes":""},"categories":[91],"tags":[5617,38885,146,147,25,24,27816,23,692,1145],"class_list":{"0":"post-117905","1":"post","2":"type-post","3":"status-publish","4":"format-standard","5":"has-post-thumbnail","7":"category-entretenimiento","8":"tag-alejandra-rubio","9":"tag-antonio-david-flores","10":"tag-entertainment","11":"tag-entretenimiento","12":"tag-es","13":"tag-espana","14":"tag-rocio-flores","15":"tag-spain","16":"tag-telecinco","17":"tag-terelu-campos"},"share_on_mastodon":{"url":"","error":""},"_links":{"self":[{"href":"https:\/\/www.europesays.com\/es\/wp-json\/wp\/v2\/posts\/117905","targetHints":{"allow":["GET"]}}],"collection":[{"href":"https:\/\/www.europesays.com\/es\/wp-json\/wp\/v2\/posts"}],"about":[{"href":"https:\/\/www.europesays.com\/es\/wp-json\/wp\/v2\/types\/post"}],"author":[{"embeddable":true,"href":"https:\/\/www.europesays.com\/es\/wp-json\/wp\/v2\/users\/2"}],"replies":[{"embeddable":true,"href":"https:\/\/www.europesays.com\/es\/wp-json\/wp\/v2\/comments?post=117905"}],"version-history":[{"count":0,"href":"https:\/\/www.europesays.com\/es\/wp-json\/wp\/v2\/posts\/117905\/revisions"}],"wp:featuredmedia":[{"embeddable":true,"href":"https:\/\/www.europesays.com\/es\/wp-json\/wp\/v2\/media\/117906"}],"wp:attachment":[{"href":"https:\/\/www.europesays.com\/es\/wp-json\/wp\/v2\/media?parent=117905"}],"wp:term":[{"taxonomy":"category","embeddable":true,"href":"https:\/\/www.europesays.com\/es\/wp-json\/wp\/v2\/categories?post=117905"},{"taxonomy":"post_tag","embeddable":true,"href":"https:\/\/www.europesays.com\/es\/wp-json\/wp\/v2\/tags?post=117905"}],"curies":[{"name":"wp","href":"https:\/\/api.w.org\/{rel}","templated":true}]}}