{"id":117911,"date":"2025-09-16T03:01:10","date_gmt":"2025-09-16T03:01:10","guid":{"rendered":"https:\/\/www.europesays.com\/es\/117911\/"},"modified":"2025-09-16T03:01:10","modified_gmt":"2025-09-16T03:01:10","slug":"trump-anuncia-que-toma-el-control-policial-de-memphis-y-afirma-que-tambien-lo-hara-con-chicago-y-san-luis","status":"publish","type":"post","link":"https:\/\/www.europesays.com\/es\/117911\/","title":{"rendered":"Trump anuncia que toma el control policial de Memphis y afirma que tambi\u00e9n lo har\u00e1 con Chicago y San Luis"},"content":{"rendered":"<p class=\"article-text\">\n        Primero fue Los \u00c1ngeles. Luego lleg\u00f3 Washington DC. Y ahora es el turno para Memphis y, despu\u00e9s Chicago. \u201cHoy, a petici\u00f3n del gobernador Bill Lee, de Tennessee, estoy firmando un memorando presidencial para establecer el Grupo de Trabajo para la Seguridad de Memphis, tal como lo hicimos en Washington DC, y vamos a mantener. Este grupo de trabajo ser\u00e1 una r\u00e9plica del de aqu\u00ed [por DC]. Ahora estamos enviando un contingente, tambi\u00e9n los enviamos a Chicago con cierta moderaci\u00f3n, pero probablemente lo haremos a continuaci\u00f3n.  Vamos a salvar Chicago, vamos a esperar un poco\u201d.\n    <\/p>\n<p class=\"article-text\">\n        \u201cNo queremos perder Chicago\u201d, ha dicho Trump, \u201cpodemos perder Chicago, lugares como San Luis. Queremos salvar estos lugares, as\u00ed que vamos a tener que ir muy a lo grande. Tenemos que ir y salvar nuestras grandes ciudades. Chicago es una gran ciudad y la vamos a volver a hacer grande muy pronto. Y creo que podemos lograrlo a pesar de su enorme tama\u00f1o. Y vamos a hacer que Memphis vuelva a ser segura. Tenemos que salvar a nuestro pa\u00eds de la delincuencia violenta\u201d.\n    <\/p>\n<p class=\"article-text\">\n        El adjunto a la direcci\u00f3n de Gabinete de la Casa Blanca, Stephen Miller, ha dicho: \u201cLo que est\u00e1 sucediendo aqu\u00ed es que el presidente ha dejado claro el poder de las fuerzas del orden federales que se utiliz\u00f3 durante los \u00faltimos cuatro a\u00f1os para acosar y atacar a conservadores, a cristianos y a familias respetuosas de la ley, se utilizar\u00e1 para expulsar de nuestras calles a todos los criminales, a todos los delincuentes violentos, a todos los asesinos, a todos los c\u00e1rteles y a todos los terroristas nacionales. As\u00ed que, ya seas miembro de Antifa, terrorista nacional, miembro de una pandilla violenta, narcotraficante, asesino entrenado en la guerra de Irak o cualquier otra persona que est\u00e9 da\u00f1ando a tu pueblo, el presidente Trump dice que usar\u00e1 al FBI, al Departamento de Defensa, a la ATF y a la DEA para aniquilarte, para encerrarte, para sacarte de las calles o para aplicar las consecuencias legales necesarias\u201d.\n    <\/p>\n","protected":false},"excerpt":{"rendered":"Primero fue Los \u00c1ngeles. Luego lleg\u00f3 Washington DC. Y ahora es el turno para Memphis y, despu\u00e9s Chicago.&hellip;\n","protected":false},"author":2,"featured_media":117912,"comment_status":"","ping_status":"","sticky":false,"template":"","format":"standard","meta":{"footnotes":""},"categories":[42],"tags":[4187,17,18,18462,2811,2797,13,14,11,61,62,63,64,19,20,25595,9,10,15,16,15118,523,349,12,4350,936,21,22,65,66,67],"class_list":{"0":"post-117911","1":"post","2":"type-post","3":"status-publish","4":"format-standard","5":"has-post-thumbnail","7":"category-internacional","8":"tag-anuncia","9":"tag-breaking-news","10":"tag-breakingnews","11":"tag-chicago","12":"tag-control","13":"tag-declara","14":"tag-featured-news","15":"tag-featurednews","16":"tag-headlines","17":"tag-internacional","18":"tag-international","19":"tag-international-news","20":"tag-internationalnews","21":"tag-latest-news","22":"tag-latestnews","23":"tag-memphis","24":"tag-news","25":"tag-noticias","26":"tag-noticias-destacadas","27":"tag-noticiasdestacadas","28":"tag-policial","29":"tag-sera","30":"tag-siguiente","31":"tag-titulares","32":"tag-toma","33":"tag-trump","34":"tag-ultimas-noticias","35":"tag-ultimasnoticias","36":"tag-world","37":"tag-world-news","38":"tag-worldnews"},"share_on_mastodon":{"url":"","error":""},"_links":{"self":[{"href":"https:\/\/www.europesays.com\/es\/wp-json\/wp\/v2\/posts\/117911","targetHints":{"allow":["GET"]}}],"collection":[{"href":"https:\/\/www.europesays.com\/es\/wp-json\/wp\/v2\/posts"}],"about":[{"href":"https:\/\/www.europesays.com\/es\/wp-json\/wp\/v2\/types\/post"}],"author":[{"embeddable":true,"href":"https:\/\/www.europesays.com\/es\/wp-json\/wp\/v2\/users\/2"}],"replies":[{"embeddable":true,"href":"https:\/\/www.europesays.com\/es\/wp-json\/wp\/v2\/comments?post=117911"}],"version-history":[{"count":0,"href":"https:\/\/www.europesays.com\/es\/wp-json\/wp\/v2\/posts\/117911\/revisions"}],"wp:featuredmedia":[{"embeddable":true,"href":"https:\/\/www.europesays.com\/es\/wp-json\/wp\/v2\/media\/117912"}],"wp:attachment":[{"href":"https:\/\/www.europesays.com\/es\/wp-json\/wp\/v2\/media?parent=117911"}],"wp:term":[{"taxonomy":"category","embeddable":true,"href":"https:\/\/www.europesays.com\/es\/wp-json\/wp\/v2\/categories?post=117911"},{"taxonomy":"post_tag","embeddable":true,"href":"https:\/\/www.europesays.com\/es\/wp-json\/wp\/v2\/tags?post=117911"}],"curies":[{"name":"wp","href":"https:\/\/api.w.org\/{rel}","templated":true}]}}