{"id":117918,"date":"2025-09-16T03:06:08","date_gmt":"2025-09-16T03:06:08","guid":{"rendered":"https:\/\/www.europesays.com\/es\/117918\/"},"modified":"2025-09-16T03:06:08","modified_gmt":"2025-09-16T03:06:08","slug":"david-martinez-directo-al-top-de-peso-gallo","status":"publish","type":"post","link":"https:\/\/www.europesays.com\/es\/117918\/","title":{"rendered":"David Mart\u00ednez: Directo Al Top De Peso Gallo"},"content":{"rendered":"<p dir=\"ltr\">La ilusi\u00f3n que genera David se explican en su ascenso mete\u00f3rico: firm\u00f3 contrato con UFC tras impresionar al presidente en la temporada 8 de Dana White\u2019s Contender Series, en 2024 y debut\u00f3 en Marzo de este a\u00f1o con un nocaut en el primer round a Saimon Oliveira.<\/p>\n<p dir=\"ltr\"><a href=\"https:\/\/www.ufcespanol.com\/trending\/all\" rel=\"nofollow noopener\" target=\"_blank\"><strong>&gt;&gt;NOCHE UFC: ESPECTACULAR VICTORIA DE MEXICANOS<\/strong><\/a><\/p>\n<p dir=\"ltr\">Su segunda presentaci\u00f3n fue inicialmente estipulada en\u00a0<strong>Noche UFC\u00a0<\/strong>contra el ecuatoriano Carlos Vera, un atleta con dos peleas de experiencia en la empresa, en un emparejamiento entre promesas reci\u00e9n llegadas.\u00a0<\/p>\n<p dir=\"ltr\">\u2018Peque\u00f1o\u2019 fue baja por lesi\u00f3n y la oportunidad fue para Quang Le, de tres peleas en la empresa, aunque d\u00edas despu\u00e9s se conoci\u00f3 la baja por lesi\u00f3n de Ra\u00fal Rosas Jr, el rival de Rob Font, y David termin\u00f3 emparejado con el atleta de ra\u00edces puertorrique\u00f1as.<\/p>\n","protected":false},"excerpt":{"rendered":"La ilusi\u00f3n que genera David se explican en su ascenso mete\u00f3rico: firm\u00f3 contrato con UFC tras impresionar al&hellip;\n","protected":false},"author":2,"featured_media":117919,"comment_status":"","ping_status":"","sticky":false,"template":"","format":"standard","meta":{"footnotes":""},"categories":[276],"tags":[168,25,24,23,167,343],"class_list":{"0":"post-117918","1":"post","2":"type-post","3":"status-publish","4":"format-standard","5":"has-post-thumbnail","7":"category-ufc","8":"tag-deportes","9":"tag-es","10":"tag-espana","11":"tag-spain","12":"tag-sports","13":"tag-ufc"},"share_on_mastodon":{"url":"","error":""},"_links":{"self":[{"href":"https:\/\/www.europesays.com\/es\/wp-json\/wp\/v2\/posts\/117918","targetHints":{"allow":["GET"]}}],"collection":[{"href":"https:\/\/www.europesays.com\/es\/wp-json\/wp\/v2\/posts"}],"about":[{"href":"https:\/\/www.europesays.com\/es\/wp-json\/wp\/v2\/types\/post"}],"author":[{"embeddable":true,"href":"https:\/\/www.europesays.com\/es\/wp-json\/wp\/v2\/users\/2"}],"replies":[{"embeddable":true,"href":"https:\/\/www.europesays.com\/es\/wp-json\/wp\/v2\/comments?post=117918"}],"version-history":[{"count":0,"href":"https:\/\/www.europesays.com\/es\/wp-json\/wp\/v2\/posts\/117918\/revisions"}],"wp:featuredmedia":[{"embeddable":true,"href":"https:\/\/www.europesays.com\/es\/wp-json\/wp\/v2\/media\/117919"}],"wp:attachment":[{"href":"https:\/\/www.europesays.com\/es\/wp-json\/wp\/v2\/media?parent=117918"}],"wp:term":[{"taxonomy":"category","embeddable":true,"href":"https:\/\/www.europesays.com\/es\/wp-json\/wp\/v2\/categories?post=117918"},{"taxonomy":"post_tag","embeddable":true,"href":"https:\/\/www.europesays.com\/es\/wp-json\/wp\/v2\/tags?post=117918"}],"curies":[{"name":"wp","href":"https:\/\/api.w.org\/{rel}","templated":true}]}}