{"id":117921,"date":"2025-09-16T03:09:08","date_gmt":"2025-09-16T03:09:08","guid":{"rendered":"https:\/\/www.europesays.com\/es\/117921\/"},"modified":"2025-09-16T03:09:08","modified_gmt":"2025-09-16T03:09:08","slug":"tertulia-de-cuesta-la-union-ciclista-critica-al-gobierno-espanol-esradio","status":"publish","type":"post","link":"https:\/\/www.europesays.com\/es\/117921\/","title":{"rendered":"Tertulia de Cuesta: La Uni\u00f3n Ciclista critica al Gobierno espa\u00f1ol &#8211; esRadio"},"content":{"rendered":"<ol>\n<li><a href=\"https:\/\/news.google.com\/rss\/articles\/CBMi5gFBVV95cUxPenQ1MGJheUJMOEpHTE1PaTc0MHgzd29MQWFCWFljUnh4cTVDRUQtN1loRkhiNUxTV3ZlZWxfR3J1SVVGVTJwamg4dXB4NTVGXzVuZER3QVpVUi1zci1qZ2tMMWhra0FsOHc2dDBHVGhsOHphVHlqR0Z6aWVkUEoxeXBhZkF0RjdhR0puNzczN3R2NEhydkJHRVd1Tmt6ZFNDZEtDYjY3WjctbEVVYzEzZFJDMUZ1UlhjTzdEOFVTWEQ1cFdsSFljamlqem94NE1mek1uVDl0ZWFOOUlHQ1RDYVlJYnpFdw?oc=5\" target=\"_blank\" rel=\"nofollow noopener\">Tertulia de Cuesta: La Uni\u00f3n Ciclista critica al Gobierno espa\u00f1ol<\/a>&nbsp;&nbsp;esRadio<\/li>\n<li><a href=\"https:\/\/news.google.com\/rss\/articles\/CBMizwFBVV95cUxPTk5fY2x6bHZaYkI0cENEVldsYnd5cklwNW5HOWxNYmwzU25fc1lkWjU2ZU93SzRNMnptX2x1MXg5MHFtOThZbE80VW56cW5UQ2lteU1hVHNZZG51b0k0TWhMRXBlak56UzBOaHhhRV92bXNKY1YyRUFCNUtrMDE3YkwybVV6UEtxM05lTzY2WHRMVVc0bEp3WHc4OEF6dlZwNW5mdl9CMF9HUUJHeHMtc2owS1VuOE9ZbTF4VVBDXzN3aWJZSU4td19zWUhFM2s?oc=5\" target=\"_blank\" rel=\"nofollow noopener\">Cr\u00f3nica Rosa: La respuesta de Mar Flores a Ana Obreg\u00f3n<\/a>&nbsp;&nbsp;esRadio<\/li>\n<li><a href=\"https:\/\/news.google.com\/rss\/articles\/CBMiigFBVV95cUxPQmR3RWRReHh1V1BHd0ktNFFVVElueG1rTlgtMFkwTTRUYlh3TFFTTVl6Tzg2cHRMall6TmVLSHNhM19HamN1bmNZS05rVjhVZHVzSk04SEtpNklNNnlIdHJZV1VCbDNoWV9iRTFvc1FwQjFrcmVTbWNZS3FfMDB4b1NFdTliQ1V0dkE?oc=5\" target=\"_blank\" rel=\"nofollow noopener\">Ignacio Camacho: Orgullo patotero<\/a>&nbsp;&nbsp;ABC<\/li>\n<li><a href=\"https:\/\/news.google.com\/rss\/articles\/CBMikAJBVV95cUxOMkxWR3pPTTVOb2wzV1hTOUVaX0Z6b0FSTVdtYm5uUjE4Uk1XSWFJUW1TTFQtVThwbjBra1FvTzN2cFlneEVmRWI0YXo3WHRrSTJBTXBQSUVUS0o2TlQwM3o2cXFFeS0tcXZ2MzZRTk56VlJGbzYtNXp6S0RMU2F4akhIMGVJLVhUZktnRGVEZmE0TktlNXRkNE5XTl9ZWTh2bTcxenJ5SnVMTUdSRlJjVlFKS201RmJJTmNLRlZLay01NmRlV3dlUHRxZHo3NFh4NU1hYWw4RlV3bWd4WFo4NDF3cUpwXy05VDV6RmZXZGpDMWdROUEtRHN2SnZjN0lDNDhteGRSTUZ4MHplZlg3ZNIBkAJBVV95cUxQbnhjTHNxYlVac2U3MGhTTnRoaWZQcld0UmVia0dac19JekZMQURZTU84cUNYcFVNcGNBbXM0anpubkhZX1diZlEyLVpJS0NtOWJLYW5nSEZmNEMxWjl6RTVzZUd6MFlkNnM4TjVrYlk1Q2dZbkcyam1jTk9DREEyUU9nMUZyc2ZhNzloU2drSFcxUklLdHpZeUs2cFlDUjhqczVCTVJQMUw3c0NTUk1WSGtwWk5CTnc5VzFYdVV5QkhoYXZHUGtxdTJ5TWlEUkd5dWl4X3NCb2Y3TUVWYndiNHYwY3NfOGVFZWlkblF3LWFlbGdaUGlCdlVSeXVYTS01TjZqbW5UMjNlRjhMblBZOA?oc=5\" target=\"_blank\" rel=\"nofollow noopener\">El mon\u00f3logo de las ocho: \u00abPedro S\u00e1nchez ha encontrado en Oriente Pr\u00f3ximo el aliviadero para sus angustias<\/a>&nbsp;&nbsp;Onda Cero<\/li>\n<li><a href=\"https:\/\/news.google.com\/rss\/articles\/CBMiwAFBVV95cUxQOEpBTXJLQnRmRkZuS1ZPUVQ1cnphWUpNdGprTk5PLUpyLUdrVlFpSTBaYUd3Mk9mRmJ5WGhBT0ZEQVM1ZGFpenF3ZlhGMnlyVVBNZmthQl80ZEVFRl9yblNvMC10N0hycWJWTzVNaWVmbElQVlRiZTFNOEtOYVJQMTBNWjNrTlVMLWowTWozRW9SdWs5MkM1clVUeWd2X09hQWp5NjlwZExhYkdjNXh1YUR3R083bWhaS0lhT21JRjE?oc=5\" target=\"_blank\" rel=\"nofollow noopener\">S\u00e1nchez ha reventado La Vuelta, pero s\u00f3lo ha ganado unas horas de tiempo<\/a>&nbsp;&nbsp;El Espa\u00f1ol<\/li>\n<\/ol>\n","protected":false},"excerpt":{"rendered":"Tertulia de Cuesta: La Uni\u00f3n Ciclista critica al Gobierno espa\u00f1ol&nbsp;&nbsp;esRadio Cr\u00f3nica Rosa: La respuesta de Mar Flores a&hellip;\n","protected":false},"author":2,"featured_media":117922,"comment_status":"","ping_status":"","sticky":false,"template":"","format":"standard","meta":{"footnotes":""},"categories":[273],"tags":[313,312,168,25,24,23,167],"class_list":{"0":"post-117921","1":"post","2":"type-post","3":"status-publish","4":"format-standard","5":"has-post-thumbnail","7":"category-ciclismo","8":"tag-ciclismo","9":"tag-cycling","10":"tag-deportes","11":"tag-es","12":"tag-espana","13":"tag-spain","14":"tag-sports"},"share_on_mastodon":{"url":"","error":""},"_links":{"self":[{"href":"https:\/\/www.europesays.com\/es\/wp-json\/wp\/v2\/posts\/117921","targetHints":{"allow":["GET"]}}],"collection":[{"href":"https:\/\/www.europesays.com\/es\/wp-json\/wp\/v2\/posts"}],"about":[{"href":"https:\/\/www.europesays.com\/es\/wp-json\/wp\/v2\/types\/post"}],"author":[{"embeddable":true,"href":"https:\/\/www.europesays.com\/es\/wp-json\/wp\/v2\/users\/2"}],"replies":[{"embeddable":true,"href":"https:\/\/www.europesays.com\/es\/wp-json\/wp\/v2\/comments?post=117921"}],"version-history":[{"count":0,"href":"https:\/\/www.europesays.com\/es\/wp-json\/wp\/v2\/posts\/117921\/revisions"}],"wp:featuredmedia":[{"embeddable":true,"href":"https:\/\/www.europesays.com\/es\/wp-json\/wp\/v2\/media\/117922"}],"wp:attachment":[{"href":"https:\/\/www.europesays.com\/es\/wp-json\/wp\/v2\/media?parent=117921"}],"wp:term":[{"taxonomy":"category","embeddable":true,"href":"https:\/\/www.europesays.com\/es\/wp-json\/wp\/v2\/categories?post=117921"},{"taxonomy":"post_tag","embeddable":true,"href":"https:\/\/www.europesays.com\/es\/wp-json\/wp\/v2\/tags?post=117921"}],"curies":[{"name":"wp","href":"https:\/\/api.w.org\/{rel}","templated":true}]}}