{"id":117925,"date":"2025-09-16T03:11:04","date_gmt":"2025-09-16T03:11:04","guid":{"rendered":"https:\/\/www.europesays.com\/es\/117925\/"},"modified":"2025-09-16T03:11:04","modified_gmt":"2025-09-16T03:11:04","slug":"35-anos-del-estreno-del-buesa-arena","status":"publish","type":"post","link":"https:\/\/www.europesays.com\/es\/117925\/","title":{"rendered":"35 a\u00f1os del estreno del Buesa Arena"},"content":{"rendered":"<p>\n        El Fernando Buesa Arena est\u00e1 de celebraci\u00f3n. Hoy se cumplen <strong>35 a\u00f1os<\/strong> desde que el actual pabell\u00f3n del <a href=\"https:\/\/www.noticiasdealava.eus\/baskonia\/\" title=\"Baskonia\" class=\"link copy\" rel=\"nofollow noopener\" target=\"_blank\">Baskonia<\/a> <strong>alberg\u00f3 su primer encuentro el 15 de septiembre de 1990<\/strong>, cita en la que el club azulgrana recibi\u00f3 al Atl\u00e9tico de Madrid Villalba.\n<\/p>\n<p class=\"article-body__text \">\n        El choque fue el \u00faltimo amistoso de la pretemporada y se resolvi\u00f3 con un <strong>87-84 favorable al Baskonia<\/strong> con la presencia de 3.500 aficionados. Eso s\u00ed, por aquel entonces a\u00fan se llamaba Pabell\u00f3n Araba.\n<\/p>\n<p class=\"article-body__text \">\n        El encuentro de inauguraci\u00f3n fue todo un acontecimiento para la ciudad y la resoluci\u00f3n de u<strong>n largo debate entre ampliar Mendizorroza o transformar la antigua plaza de ganado de Zurbano<\/strong>. Finalmente y con una <strong>importante implicaci\u00f3n del Diputado General Fernando Buesa<\/strong>, que posteriormente dar\u00eda nombre al pabell\u00f3n, se opt\u00f3 por la segunda alternativa.\n<\/p>\n<p class=\"article-photo__footer\">\n            La plantilla del Baskonia, en la inauguraci\u00f3n del Pabell\u00f3n Araba en 1990.            Archivo Provincial de \u00c1lava        <\/p>\n<p class=\"article-body__text \">\n        En apenas tres meses se instalaron las <strong>gradas para acoger a 5.000 aficionados bajo la c\u00fapula de la Plaza de Ganado<\/strong> y el resto es historia. El recinto fue evolucionando con el paso de los a\u00f1os y <strong>en 2010, tras una reforma integral, alcanz\u00f3 su capacidad actual de 15.504 espectadores<\/strong>, consolid\u00e1ndose como uno de los escenarios m\u00e1s espectaculares del baloncesto europeo y en un verdadero fort\u00edn para el Baskonia.\n<\/p>\n<p class=\"article-body__text \">\n        A lo largo de estos 35 a\u00f1os, el Buesa Arena ha sido escenario de algunos de los momentos m\u00e1s importantes del baloncesto nacional e internacional. <strong>En 2019, acogi\u00f3 la <\/strong><strong>Final Four<\/strong><strong> de la EuroLeague,<\/strong> convirtiendo a Vitoria-Gasteiz en el epicentro del baloncesto europeo y recibiendo a miles de aficionados y a los mejores equipos del continente.\n<\/p>\n<p class=\"article-body__text \">\n        Adem\u00e1s, <strong>el Buesa Arena ha acogido en hasta siete ocasiones la Copa del Rey<\/strong>. La \u00faltima vez que nuestro recinto alberg\u00f3 este evento fue en 2017 y entre las ediciones hist\u00f3ricas celebradas en el pabell\u00f3n de Zurbano destaca la del <strong>17 de marzo de 2002, cuando Baskonia se proclam\u00f3 campe\u00f3n en casa<\/strong>, un t\u00edtulo que qued\u00f3 grabado en la memoria de la afici\u00f3n azulgrana.<\/p>\n","protected":false},"excerpt":{"rendered":"El Fernando Buesa Arena est\u00e1 de celebraci\u00f3n. Hoy se cumplen 35 a\u00f1os desde que el actual pabell\u00f3n del&hellip;\n","protected":false},"author":2,"featured_media":117926,"comment_status":"","ping_status":"","sticky":false,"template":"","format":"standard","meta":{"footnotes":""},"categories":[269],"tags":[18103,988,3334,299,298,39305,168,25,24,1055,23,167],"class_list":{"0":"post-117925","1":"post","2":"type-post","3":"status-publish","4":"format-standard","5":"has-post-thumbnail","7":"category-baloncesto","8":"tag-18103","9":"tag-anos","10":"tag-arena","11":"tag-baloncesto","12":"tag-basketball","13":"tag-buesa","14":"tag-deportes","15":"tag-es","16":"tag-espana","17":"tag-estreno","18":"tag-spain","19":"tag-sports"},"share_on_mastodon":{"url":"","error":""},"_links":{"self":[{"href":"https:\/\/www.europesays.com\/es\/wp-json\/wp\/v2\/posts\/117925","targetHints":{"allow":["GET"]}}],"collection":[{"href":"https:\/\/www.europesays.com\/es\/wp-json\/wp\/v2\/posts"}],"about":[{"href":"https:\/\/www.europesays.com\/es\/wp-json\/wp\/v2\/types\/post"}],"author":[{"embeddable":true,"href":"https:\/\/www.europesays.com\/es\/wp-json\/wp\/v2\/users\/2"}],"replies":[{"embeddable":true,"href":"https:\/\/www.europesays.com\/es\/wp-json\/wp\/v2\/comments?post=117925"}],"version-history":[{"count":0,"href":"https:\/\/www.europesays.com\/es\/wp-json\/wp\/v2\/posts\/117925\/revisions"}],"wp:featuredmedia":[{"embeddable":true,"href":"https:\/\/www.europesays.com\/es\/wp-json\/wp\/v2\/media\/117926"}],"wp:attachment":[{"href":"https:\/\/www.europesays.com\/es\/wp-json\/wp\/v2\/media?parent=117925"}],"wp:term":[{"taxonomy":"category","embeddable":true,"href":"https:\/\/www.europesays.com\/es\/wp-json\/wp\/v2\/categories?post=117925"},{"taxonomy":"post_tag","embeddable":true,"href":"https:\/\/www.europesays.com\/es\/wp-json\/wp\/v2\/tags?post=117925"}],"curies":[{"name":"wp","href":"https:\/\/api.w.org\/{rel}","templated":true}]}}