{"id":117943,"date":"2025-09-16T03:26:09","date_gmt":"2025-09-16T03:26:09","guid":{"rendered":"https:\/\/www.europesays.com\/es\/117943\/"},"modified":"2025-09-16T03:26:09","modified_gmt":"2025-09-16T03:26:09","slug":"israel-bombardea-intensamente-la-ciudad-de-gaza-y-sus-tropas-avanzan","status":"publish","type":"post","link":"https:\/\/www.europesays.com\/es\/117943\/","title":{"rendered":"Israel bombardea intensamente la ciudad de Gaza y sus tropas avanzan"},"content":{"rendered":"<p>Gaza (EFE).- El Ej\u00e9rcito de Israel lanz\u00f3 este lunes en la noche una serie de intensos ataques a\u00e9reos contra la ciudad de Gaza mientras sus tanques avanzan lentamente de cara a una invasi\u00f3n terrestre de la capital gazat\u00ed, seg\u00fan comprob\u00f3 EFE e informaron fuentes locales.<\/p>\n<p>Las fuerzas israel\u00edes est\u00e1n atacando con dureza la ciudad, asediada y <a href=\"https:\/\/efe.com\/mundo\/2025-09-09\/ofensiva-israel-ciudad-gaza\/\" rel=\"nofollow noopener\" target=\"_blank\">bajo orden de desalojo<\/a>, con helic\u00f3pteros, drones y robots cargados de explosivos, mientras sus tropas van ganando terreno en diferentes zonas de las afueras de la urbe, especialmente por el noroeste.<\/p>\n<p>En esa zona, los tanques israel\u00edes van avanzando y retrocediendo para ir ganando terreno poco a poco, indicaron las fuentes, aunque no est\u00e1 claro si han llegado a cruzar los l\u00edmites de la ciudad.<\/p>\n<p>\u00abSe reportan fuertes ataques a\u00e9reos israel\u00edes en el noroeste de la ciudad de Gaza mientras se avecina una operaci\u00f3n terrestre\u00bb, inform\u00f3 el diario israel\u00ed Times Of Israel, y el Haaretz afirm\u00f3 que \u00abmiles huyen de Gaza mientras las Fuerzas de Defensa de Israel llevan a cabo extensos ataques\u00bb.<\/p>\n<p>Temor por los rehenes en Gaza ante los ataques de Israel<\/p>\n<p>Las familias de los secuestrados israel\u00edes en Gaza expresaron su \u00abprofunda preocupaci\u00f3n\u00bb por los intensos ataques que Israel est\u00e1 llevando a cabo en la Franja de Gaza, afirmando que \u00abpodr\u00eda ser la \u00faltima para <a href=\"https:\/\/efe.com\/mundo\/2025-09-06\/trump-negociacion-hamas-liberacion-rehenes-gaza\/\" rel=\"nofollow noopener\" target=\"_blank\">los rehenes<\/a>\u00ab.<\/p>\n<p>En un comunicado, el Foro de Familias de Rehenes y Desaparecidos, que representa a la mayor\u00eda de los familiares de los secuestrados en los ataques de Ham\u00e1s contra Israel del 7 de octubre de 2023, muestran su inquietud por \u00ablos informes sobre la importante operaci\u00f3n militar lanzada esta noche en la ciudad de Gaza\u00bb.<\/p>\n<p><img loading=\"lazy\" data-recalc-dims=\"1\" decoding=\"async\" width=\"900\" height=\"600\" src=\"https:\/\/www.europesays.com\/es\/wp-content\/uploads\/2025\/09\/Gaza-Israel-2.webp\" alt=\"Israel bombardea intensamente la ciudad de Gaza y sus tropas avanzan de cara a una invasi\u00f3n terrestre\" class=\"wp-image-2147707\" style=\"width:980px;height:auto\"  \/>Vista de tanques de Israel en medio de una capa de humo tras una ataque sobre la ciudad de Gaza, este 15 de septiembre de 2025. EFE\/Atef Safadi<\/p>\n<p>\u00abTras 710 noches de cautiverio por terroristas, esta noche podr\u00eda ser la \u00faltima para los rehenes que apenas sobreviven, y nuestra \u00faltima oportunidad de localizar y recuperar a los fallecidos para un entierro digno\u00bb, afirman.<\/p>\n<p>Por ello, anuncian que varios familiares se dirigen hacia la residencia del primer ministro israel\u00ed, Benjam\u00edn Netanyahu, en Jerusal\u00e9n, con el objetivo de protestar contra esta ofensiva que, aseguran, pone en riesgo a los rehenes.<\/p>\n<p>Ham\u00e1s se\u00f1ala a Netanyahu<\/p>\n<p>El grupo islamista Ham\u00e1s asegur\u00f3 que la vida de los rehenes israel\u00edes que a\u00fan mantiene en su poder es \u00abplena responsabilidad\u00bb del primer ministro de Israel, Benjam\u00edn Netanyahu, en el marco de su ofensiva de contra la ciudad de Gaza.<\/p>\n<p>\u00abNetanyahu lleva plena responsabilidad por la vida de sus prisioneros en la Franja de Gaza y la Administraci\u00f3n estadounidense carga con responsabilidad directa en la escalada de la brutal guerra de exterminio en la Franja, debido al apoyo y la pol\u00edtica de enga\u00f1o que est\u00e1 llevando a cabo para encubrir los cr\u00edmenes de guerra de la ocupaci\u00f3n que el mundo ha estado presenciando desde hace casi dos a\u00f1os\u00bb, expres\u00f3 Ham\u00e1s en un comunicado divulgado en la madrugada de este martes.<\/p>\n<p>El pronunciamiento del grupo isl\u00e1mico se conoci\u00f3 despu\u00e9s de que el presidente de Estados Unidos, Donald Trump, advirtiera a Ham\u00e1s de no usar a los rehenes como escudos humanos para tratar de frenar la ofensiva israel\u00ed de cara a una invasi\u00f3n terrestre de la capital gazat\u00ed.<\/p>\n<p>Trump advierte a Ham\u00e1s<\/p>\n<p>Por su parte, el presidente de Estados Unidos, Donald Trump, advirti\u00f3 al movimiento palestino Ham\u00e1s de no usar a los rehenes israel\u00edes que a\u00fan mantiene en su poder como escudos humanos para frenar la ofensiva israel\u00ed terrestre sobre la ciudad de Gaza.<\/p>\n<p>En su cuenta de Truth Social, Trump dijo haber \u00able\u00eddo unos informes de prensa\u00bb -no precis\u00f3 en qu\u00e9 medio- que dec\u00edan que los rehenes ser\u00edan sacados a la superficie de Gaza desde sus escondrijos subterr\u00e1neos, y se\u00f1al\u00f3 que tal idea equivaldr\u00eda a \u00abuna atrocidad humana, una cosa como la que muy poca gente ha visto nunca antes\u00bb, escribi\u00f3.<\/p>\n<p><img data-recalc-dims=\"1\" loading=\"lazy\" decoding=\"async\" width=\"900\" height=\"600\" src=\"https:\/\/www.europesays.com\/es\/wp-content\/uploads\/2025\/09\/Gaza-Israel-3.webp\" alt=\"Israel bombardea intensamente la ciudad de Gaza y sus tropas avanzan de cara a una invasi\u00f3n terrestre\" class=\"wp-image-2147753\" style=\"width:980px;height:auto\"  \/>El presidente de Estados Unidos, Donald Trump, habla durante un acto en la Casa Blanca, este 15 de septiembre de 2025. EFE\/Samuel Corum\/Pool<\/p>\n<p>Lanz\u00f3 a continuaci\u00f3n una advertencia m\u00e1s expl\u00edcita a Ham\u00e1s: \u00abNo dejen que esto suceda o AQU\u00cd PUEDE PASAR DE TODO\u00bb.<\/p>\n<p>Ham\u00e1s mantiene en su poder a medio centenar de rehenes desde hace casi dos a\u00f1os, escondidos bajo tierra, y se teme que la mitad de ellos est\u00e9n ya muertos desde hace meses.<\/p>\n<p>Destrucci\u00f3n ante el avance de las tropas<\/p>\n<p>Desde que Israel anunciara sus planes de invadir y ocupar la ciudad de Gaza, los bombardeos se han incrementado contra la capital gazat\u00ed, con decenas de muertos all\u00ed cada d\u00eda, pero tambi\u00e9n las demoliciones y la destrucci\u00f3n de cualquier tipo de infraestructuras.<\/p>\n<p>Ayer domingo, el Ej\u00e9rcito israel\u00ed derrib\u00f3 al menos cinco torres de gran altura de la urbe y hoy <a href=\"https:\/\/efe.com\/mundo\/2025-09-15\/israel-edificio-mas-alto-gaza\/\" rel=\"nofollow noopener\" target=\"_blank\">ha hecho lo mismo con una sexta<\/a>. Junto a ellas, las fuerzas armadas han destruido decenas de edificios en la capital desde que Israel anunci\u00f3 su intenci\u00f3n de invadir toda la ciudad a mediados de agosto.<\/p>\n<p>La semana pasada, el Ej\u00e9rcito israel\u00ed declar\u00f3 toda la ciudad de Gaza como \u00abzona de combate peligrosa\u00bb e inst\u00f3 a sus residentes a desplazarse hacia la nueva \u00abzona humanitaria\u00bb cerca de Jan Yunis, anunciada el s\u00e1bado, a pesar de que ya se encuentra saturada de desplazados.<\/p>\n<p>Se calcula que en la ciudad quedan al menos 650.000 personas -seg\u00fan las \u00faltimas cifras del Ej\u00e9rcito israel\u00ed- del alrededor de un mill\u00f3n que viv\u00edan en la urbe a mediados de agosto, cuando Israel anunci\u00f3 su intenci\u00f3n de invadir la capital.<\/p>\n","protected":false},"excerpt":{"rendered":"Gaza (EFE).- El Ej\u00e9rcito de Israel lanz\u00f3 este lunes en la noche una serie de intensos ataques a\u00e9reos&hellip;\n","protected":false},"author":2,"featured_media":117944,"comment_status":"","ping_status":"","sticky":false,"template":"","format":"standard","meta":{"footnotes":""},"categories":[5],"tags":[17,18,25,24,13,14,8933,11,74,19,20,9,10,15,16,76,23,12,21,22],"class_list":{"0":"post-117943","1":"post","2":"type-post","3":"status-publish","4":"format-standard","5":"has-post-thumbnail","7":"category-titulares","8":"tag-breaking-news","9":"tag-breakingnews","10":"tag-es","11":"tag-espana","12":"tag-featured-news","13":"tag-featurednews","14":"tag-guerra-gaza","15":"tag-headlines","16":"tag-israel","17":"tag-latest-news","18":"tag-latestnews","19":"tag-news","20":"tag-noticias","21":"tag-noticias-destacadas","22":"tag-noticiasdestacadas","23":"tag-palestina","24":"tag-spain","25":"tag-titulares","26":"tag-ultimas-noticias","27":"tag-ultimasnoticias"},"share_on_mastodon":{"url":"","error":""},"_links":{"self":[{"href":"https:\/\/www.europesays.com\/es\/wp-json\/wp\/v2\/posts\/117943","targetHints":{"allow":["GET"]}}],"collection":[{"href":"https:\/\/www.europesays.com\/es\/wp-json\/wp\/v2\/posts"}],"about":[{"href":"https:\/\/www.europesays.com\/es\/wp-json\/wp\/v2\/types\/post"}],"author":[{"embeddable":true,"href":"https:\/\/www.europesays.com\/es\/wp-json\/wp\/v2\/users\/2"}],"replies":[{"embeddable":true,"href":"https:\/\/www.europesays.com\/es\/wp-json\/wp\/v2\/comments?post=117943"}],"version-history":[{"count":0,"href":"https:\/\/www.europesays.com\/es\/wp-json\/wp\/v2\/posts\/117943\/revisions"}],"wp:featuredmedia":[{"embeddable":true,"href":"https:\/\/www.europesays.com\/es\/wp-json\/wp\/v2\/media\/117944"}],"wp:attachment":[{"href":"https:\/\/www.europesays.com\/es\/wp-json\/wp\/v2\/media?parent=117943"}],"wp:term":[{"taxonomy":"category","embeddable":true,"href":"https:\/\/www.europesays.com\/es\/wp-json\/wp\/v2\/categories?post=117943"},{"taxonomy":"post_tag","embeddable":true,"href":"https:\/\/www.europesays.com\/es\/wp-json\/wp\/v2\/tags?post=117943"}],"curies":[{"name":"wp","href":"https:\/\/api.w.org\/{rel}","templated":true}]}}