{"id":117949,"date":"2025-09-16T03:29:06","date_gmt":"2025-09-16T03:29:06","guid":{"rendered":"https:\/\/www.europesays.com\/es\/117949\/"},"modified":"2025-09-16T03:29:06","modified_gmt":"2025-09-16T03:29:06","slug":"jesus-aguilar-marca-registrada-en-shows-mexicanos","status":"publish","type":"post","link":"https:\/\/www.europesays.com\/es\/117949\/","title":{"rendered":"Jes\u00fas Aguilar: Marca Registrada En Shows Mexicanos"},"content":{"rendered":"<p><a href=\"https:\/\/www.ufcespanol.com\/news\/lopes-vs-silva-pelea-de-la-noche\" rel=\"nofollow noopener\" target=\"_blank\"><strong>&gt;&gt;LOPES VS. SILVA: PELEA DE LA NOCHE<\/strong><\/a><\/p>\n<p dir=\"ltr\"><strong>\u201cSeguir\u00e9 mejorando y entrar\u00e9 al Top\u201d.<\/strong><\/p>\n<p dir=\"ltr\">La primera presentaci\u00f3n del atleta ensenadense ante sus fans mexicanos en UFC fue en febrero de 2024, cuando form\u00f3 parte de la cartelera en el regreso de la empresa a M\u00e9xico en un duelo contra el brasile\u00f1o Mateus Mendon\u00e7a en el cual se impuso tras el fallo dividido de los jueces.<\/p>\n<p dir=\"ltr\">Un a\u00f1o y medio despu\u00e9s, Jes\u00fas volvi\u00f3 a levantar el brazo en el show aniversario de la Independencia mexicana, con una victoria que tiene su peso en oro por lo significativo del escenario y por el impacto deportivo; el mexicano deja atr\u00e1s la derrota contra el brasile\u00f1o Rafael Estevam, engrosa su r\u00e9cord en UFC a cuatro triunfos y dos derrotas y comienza a mirar desde cerca el ranking de la divisi\u00f3n de las 125 libras.<\/p>\n","protected":false},"excerpt":{"rendered":"&gt;&gt;LOPES VS. SILVA: PELEA DE LA NOCHE \u201cSeguir\u00e9 mejorando y entrar\u00e9 al Top\u201d. La primera presentaci\u00f3n del atleta&hellip;\n","protected":false},"author":2,"featured_media":117950,"comment_status":"","ping_status":"","sticky":false,"template":"","format":"standard","meta":{"footnotes":""},"categories":[276],"tags":[168,25,24,23,167,343],"class_list":{"0":"post-117949","1":"post","2":"type-post","3":"status-publish","4":"format-standard","5":"has-post-thumbnail","7":"category-ufc","8":"tag-deportes","9":"tag-es","10":"tag-espana","11":"tag-spain","12":"tag-sports","13":"tag-ufc"},"share_on_mastodon":{"url":"","error":""},"_links":{"self":[{"href":"https:\/\/www.europesays.com\/es\/wp-json\/wp\/v2\/posts\/117949","targetHints":{"allow":["GET"]}}],"collection":[{"href":"https:\/\/www.europesays.com\/es\/wp-json\/wp\/v2\/posts"}],"about":[{"href":"https:\/\/www.europesays.com\/es\/wp-json\/wp\/v2\/types\/post"}],"author":[{"embeddable":true,"href":"https:\/\/www.europesays.com\/es\/wp-json\/wp\/v2\/users\/2"}],"replies":[{"embeddable":true,"href":"https:\/\/www.europesays.com\/es\/wp-json\/wp\/v2\/comments?post=117949"}],"version-history":[{"count":0,"href":"https:\/\/www.europesays.com\/es\/wp-json\/wp\/v2\/posts\/117949\/revisions"}],"wp:featuredmedia":[{"embeddable":true,"href":"https:\/\/www.europesays.com\/es\/wp-json\/wp\/v2\/media\/117950"}],"wp:attachment":[{"href":"https:\/\/www.europesays.com\/es\/wp-json\/wp\/v2\/media?parent=117949"}],"wp:term":[{"taxonomy":"category","embeddable":true,"href":"https:\/\/www.europesays.com\/es\/wp-json\/wp\/v2\/categories?post=117949"},{"taxonomy":"post_tag","embeddable":true,"href":"https:\/\/www.europesays.com\/es\/wp-json\/wp\/v2\/tags?post=117949"}],"curies":[{"name":"wp","href":"https:\/\/api.w.org\/{rel}","templated":true}]}}