{"id":117957,"date":"2025-09-16T03:34:15","date_gmt":"2025-09-16T03:34:15","guid":{"rendered":"https:\/\/www.europesays.com\/es\/117957\/"},"modified":"2025-09-16T03:34:15","modified_gmt":"2025-09-16T03:34:15","slug":"primeras-pinceladas-de-la-era-galbiati","status":"publish","type":"post","link":"https:\/\/www.europesays.com\/es\/117957\/","title":{"rendered":"Primeras pinceladas de la era Galbiati"},"content":{"rendered":"<p>\n        Aunque a\u00fan es pronto para obtener conclusiones definitivas, el primer encuentro de la pretemporada del <a href=\"https:\/\/www.noticiasdealava.eus\/baskonia\/\" title=\"Baskonia\" class=\"link copy\" rel=\"nofollow noopener\" target=\"_blank\">Baskonia<\/a> abierto al p\u00fablico, que termin\u00f3 con victoria del San Pablo Burgos por 90-88, <strong>reflej\u00f3 algunas de las novedades que pretende implementar el nuevo entrenador Paolo Galbiati respecto al equipo de la pasada temporada<\/strong> dirigido por Pablo Laso.\n<\/p>\n<p class=\"article-body__text \">\n        Es cierto que el contexto del amistoso disputado en el Coliseum de Burgos fue<strong> excepcional, ya que el Baskonia s\u00f3lo pudo contar con siete jugadores del primer equipo <\/strong>y uno de ellos, Mamadi Diakite, apenas complet\u00f3 dos d\u00edas de entrenamientos junto al resto del grupo antes de la cita.\n<\/p>\n<p>            <a href=\"https:\/\/www.noticiasdealava.eus\/baskonia\/2025\/09\/12\/baskonia-medio-construir-sucumbe-burgos-pretemporada-amistoso-10078018.html\" title=\"Un Baskonia a medio construir sucumbe en Burgos (90-88)\" class=\"new__media\" rel=\"nofollow noopener\" target=\"_blank\"><\/p>\n<p>                <img alt=\"Un Baskonia a medio construir sucumbe en Burgos (90-88)\" data-src=\"https:\/\/www.europesays.com\/es\/wp-content\/uploads\/2025\/09\/1757993652_859_90948687-5927-40bd-b6df-c539cc7ac9da_16-9-aspect-ratio_default_0_x680y322.jpg\" class=\"lozad\"\/><\/p>\n<p>        <\/a><\/p>\n<p>        <a href=\"https:\/\/www.noticiasdealava.eus\/baskonia\/2025\/09\/12\/baskonia-medio-construir-sucumbe-burgos-pretemporada-amistoso-10078018.html\" title=\"Un Baskonia a medio construir sucumbe en Burgos (90-88)\" class=\"new__headline\" rel=\"nofollow noopener\" target=\"_blank\"><br \/>\n            Un Baskonia a medio construir sucumbe en Burgos (90-88)<br \/>\n        <\/a><\/p>\n<p class=\"article-body__text \">\n        Pese a ello, Galbiati, con la ayuda de los canteranos, utiliz\u00f3 una <strong>rotaci\u00f3n amplia que apunta a mantener a lo largo de la temporada, como \u00e9l mismo afirm\u00f3 en su rueda de prensa de presentaci\u00f3n<\/strong>, en la que adelant\u00f3 que evitar\u00eda que sus jugadores disputaran m\u00e1s de 20 minutos por encuentro.\n<\/p>\n<p class=\"article-body__text \">\n        Condicionados por el estilo de juego vertical, intenso y de posesiones cortas que pretende implantar en Vitoria, los hombres de Galbiati van a necesitar frescura de piernas y, con ese objetivo, el t\u00e9cnico italiano <strong>planea recurrir a rotaciones profundas y que sus pupilos se mantengan pocos minutos seguidos sobre el parqu\u00e9<\/strong>.\n<\/p>\n<p>            <a href=\"https:\/\/www.noticiasdealava.eus\/baskonia\/2025\/09\/02\/paolo-galbiati-implementar-estilo-revolucionario-10034910.html\" title=\"Paolo Galbiati: &quot;No voy a implementar un estilo revolucionario, pero s\u00ed diferente&quot;\" class=\"new__media\" rel=\"nofollow noopener\" target=\"_blank\"><\/p>\n<p>                <img alt=\"Paolo Galbiati: &quot;No voy a implementar un estilo revolucionario, pero s\u00ed diferente&quot;\" data-src=\"https:\/\/www.europesays.com\/es\/wp-content\/uploads\/2025\/09\/1757993653_550_fef8791a-5651-4a67-b24c-6de53d161c47_16-9-aspect-ratio_default_0.jpg\" class=\"lozad\"\/><\/p>\n<p>        <\/a><\/p>\n<p>        <a href=\"https:\/\/www.noticiasdealava.eus\/baskonia\/2025\/09\/02\/paolo-galbiati-implementar-estilo-revolucionario-10034910.html\" title=\"Paolo Galbiati: &quot;No voy a implementar un estilo revolucionario, pero s\u00ed diferente&quot;\" class=\"new__headline\" rel=\"nofollow noopener\" target=\"_blank\"><br \/>\n            Paolo Galbiati: \u00abNo voy a implementar un estilo revolucionario, pero s\u00ed diferente\u00bb<br \/>\n        <\/a><\/p>\n<p class=\"article-body__text \">\n        As\u00ed lo hizo al menos durante la primera parte en Burgos. <strong>Desde el primer momento llam\u00f3 la atenci\u00f3n su utilizaci\u00f3n de las sustituciones, ya que cambi\u00f3 su quinteto por completo y al mismo tiempo en tres ocasiones s\u00f3lo en los diez primeros minutos<\/strong>. Forrest, Joksimovic, Diallo, Diakite y Samanic entraron como titulares y los sustituyeron a los cuatro minutos de juego Villar, Khatiashvili, Hrabar, Frisch y Diop, que dejaron paso de nuevo a los titulares superado el ecuador del parcial inicial, con la intervenci\u00f3n tambi\u00e9n de I\u00f1igo Royo.\n<\/p>\n<p class=\"article-body__text \">\n        Once jugadores, por lo tanto, participaron en el primer cuarto y muchos de ellos en dos rotaciones diferentes. Esta filosof\u00eda, si bien no se ha visto anteriormente en el Baskonia, s\u00ed que<strong> fue utilizada la pasada temporada en la Euroliga por el exbaskonista Tiago Splitter y su Par\u00eds Basketball<\/strong>, una de las revelaciones de la campa\u00f1a.\n<\/p>\n<p>            <a href=\"https:\/\/www.noticiasdealava.eus\/baskonia\/2025\/09\/14\/galbiati-suma-efectivos-baskonia-10082238.html\" title=\"Galbiati suma efectivos en el Baskonia\" class=\"new__media\" rel=\"nofollow noopener\" target=\"_blank\"><\/p>\n<p>                <img alt=\"Galbiati suma efectivos en el Baskonia\" data-src=\"https:\/\/www.europesays.com\/es\/wp-content\/uploads\/2025\/09\/1757993654_633_d0054dec-b84d-4d5d-9b97-6a380918a69c_16-9-aspect-ratio_default_0_x761y444.jpg\" class=\"lozad\"\/><\/p>\n<p>        <\/a><\/p>\n<p>        <a href=\"https:\/\/www.noticiasdealava.eus\/baskonia\/2025\/09\/14\/galbiati-suma-efectivos-baskonia-10082238.html\" title=\"Galbiati suma efectivos en el Baskonia\" class=\"new__headline\" rel=\"nofollow noopener\" target=\"_blank\"><br \/>\n            Galbiati suma efectivos en el Baskonia<br \/>\n        <\/a><\/p>\n<p class=\"article-body__text \">\n        Esto, unido al reparto equitativo de minutos en una rotaci\u00f3n profunda \u2013en la primera parte siete piezas disputaron entre 8 y 12 minutos\u2013, <strong>permite que los jugadores se sometan a esfuerzos m\u00e1s cortos y explosivos mediante los que mantener la agresividad y la verticalidad a la hora de defender y correr la cancha<\/strong> a lo largo del partido.\n<\/p>\n<p class=\"article-body__text \">\n        Eso s\u00ed, ser\u00e1 necesario que los jugadores se acostumbren a jugar durante intervalos tan cortos, que <strong>dificultan asentarse sobre el parqu\u00e9 y que aparezcan rachas anotadoras<\/strong>. De hecho, la ventaja que fue adquiriendo el Burgos con el paso de los minutos<strong> forz\u00f3 a Galbiati a renunciar en la segunda parte a una propuesta tan radical y dar continuidad a las piezas m\u00e1s importantes disponibles<\/strong>, con Forrest alcanzando los 29 minutos de juego, Joksimovic los 26, Samanic los 24 y Rafa Villar los 22. Los dem\u00e1s s\u00ed que estuvieron por debajo de ese l\u00edmite de 20 minutos del que habla Galbiati.\n<\/p>\n<p>  Verticalidad y rebote <\/p>\n<p class=\"article-body__text \">\n        En cuanto al estilo de juego, lo m\u00e1s rese\u00f1able fue el deseo del equipo de correr la cancha siempre que recuperaba el bal\u00f3n y lanzar en los primeros segundos de las posesiones, nada m\u00e1s plantarse en cancha rival y sin dejar al San Pablo Burgos reorganizarse.<strong> El equipo penetr\u00f3 constantemente hacia el aro y lanz\u00f3 desde fuera menos que los locales (27 por 34 del Burgos)<\/strong>. A cambio, <strong>acudi\u00f3 a la l\u00ednea de tiros libres en 34 ocasiones, aunque s\u00f3lo anot\u00f3 20<\/strong>, algo que result\u00f3 decisivo en el devenir del choque.\n<\/p>\n<p>            <a href=\"https:\/\/www.noticiasdealava.eus\/baskonia\/2025\/09\/15\/35-anos-estreno-buesa-arena-10086807.html\" title=\"35 a\u00f1os del estreno del Buesa Arena\" class=\"new__media\" rel=\"nofollow noopener\" target=\"_blank\"><\/p>\n<p>                <img alt=\"35 a\u00f1os del estreno del Buesa Arena\" data-src=\"https:\/\/www.europesays.com\/es\/wp-content\/uploads\/2025\/09\/8a78dedd-62fe-401d-b69e-a7c3415e373d_16-9-aspect-ratio_default_0.jpg\" class=\"lozad\"\/><\/p>\n<p>        <\/a><\/p>\n<p>        <a href=\"https:\/\/www.noticiasdealava.eus\/baskonia\/2025\/09\/15\/35-anos-estreno-buesa-arena-10086807.html\" title=\"35 a\u00f1os del estreno del Buesa Arena\" class=\"new__headline\" rel=\"nofollow noopener\" target=\"_blank\"><br \/>\n            35 a\u00f1os del estreno del Buesa Arena<br \/>\n        <\/a><\/p>\n<p class=\"article-body__text \">\n        Los azulgranas tambi\u00e9n <strong>dominaron en el rebote con 46 capturas frente a las 29 del rival <\/strong>y cargaron bien el rebote ofensivo (17 en total) a pesar de que no lograron sacarle beneficio a esa superioridad. Son cifras que, con algo m\u00e1s de acierto en el tiro, deber\u00edan haber dado la victoria a un Baskonia del que <strong>se podr\u00e1n obtener m\u00e1s conclusiones el pr\u00f3ximo viernes ante el Valencia<\/strong> Basket, ya con una plantilla m\u00e1s reconocible.<\/p>\n","protected":false},"excerpt":{"rendered":"Aunque a\u00fan es pronto para obtener conclusiones definitivas, el primer encuentro de la pretemporada del Baskonia abierto al&hellip;\n","protected":false},"author":2,"featured_media":117958,"comment_status":"","ping_status":"","sticky":false,"template":"","format":"standard","meta":{"footnotes":""},"categories":[269],"tags":[299,298,168,25,24,17490,1975,1640,23,167],"class_list":{"0":"post-117957","1":"post","2":"type-post","3":"status-publish","4":"format-standard","5":"has-post-thumbnail","7":"category-baloncesto","8":"tag-baloncesto","9":"tag-basketball","10":"tag-deportes","11":"tag-es","12":"tag-espana","13":"tag-galbiati","14":"tag-pinceladas","15":"tag-primeras","16":"tag-spain","17":"tag-sports"},"share_on_mastodon":{"url":"","error":""},"_links":{"self":[{"href":"https:\/\/www.europesays.com\/es\/wp-json\/wp\/v2\/posts\/117957","targetHints":{"allow":["GET"]}}],"collection":[{"href":"https:\/\/www.europesays.com\/es\/wp-json\/wp\/v2\/posts"}],"about":[{"href":"https:\/\/www.europesays.com\/es\/wp-json\/wp\/v2\/types\/post"}],"author":[{"embeddable":true,"href":"https:\/\/www.europesays.com\/es\/wp-json\/wp\/v2\/users\/2"}],"replies":[{"embeddable":true,"href":"https:\/\/www.europesays.com\/es\/wp-json\/wp\/v2\/comments?post=117957"}],"version-history":[{"count":0,"href":"https:\/\/www.europesays.com\/es\/wp-json\/wp\/v2\/posts\/117957\/revisions"}],"wp:featuredmedia":[{"embeddable":true,"href":"https:\/\/www.europesays.com\/es\/wp-json\/wp\/v2\/media\/117958"}],"wp:attachment":[{"href":"https:\/\/www.europesays.com\/es\/wp-json\/wp\/v2\/media?parent=117957"}],"wp:term":[{"taxonomy":"category","embeddable":true,"href":"https:\/\/www.europesays.com\/es\/wp-json\/wp\/v2\/categories?post=117957"},{"taxonomy":"post_tag","embeddable":true,"href":"https:\/\/www.europesays.com\/es\/wp-json\/wp\/v2\/tags?post=117957"}],"curies":[{"name":"wp","href":"https:\/\/api.w.org\/{rel}","templated":true}]}}