{"id":117961,"date":"2025-09-16T03:36:17","date_gmt":"2025-09-16T03:36:17","guid":{"rendered":"https:\/\/www.europesays.com\/es\/117961\/"},"modified":"2025-09-16T03:36:17","modified_gmt":"2025-09-16T03:36:17","slug":"carlo-costanzia-y-nuria-gonzalez-cara-a-cara-en-el-cumpleanos-de-terelu","status":"publish","type":"post","link":"https:\/\/www.europesays.com\/es\/117961\/","title":{"rendered":"Carlo Costanzia y Nuria Gonz\u00e1lez, cara a cara en el cumplea\u00f1os de Terelu"},"content":{"rendered":"<p data-start=\"421\" data-end=\"880\">El pr\u00f3ximo mi\u00e9rcoles 17 de septiembre,<strong> Terelu Campos<\/strong> <a href=\"https:\/\/okdiario.com\/look\/actualidad\/terelu-campos-alejandra-rubio-olvidan-polemica-mar-flores-concierto-bunbury-2378800\" rel=\"nofollow noopener\" target=\"_blank\">celebrar\u00e1 su 60 cumplea\u00f1os<\/a> con una elegante cena de gala en el Restaurante Jimmy\u2019s, uno de los enclaves m\u00e1s exclusivos de la capital. La presentadora, hija de la recordada periodista <strong>Mar\u00eda Teresa Campos<\/strong>, ha querido reunir a familiares, amigos y compa\u00f1eros de profesi\u00f3n para conmemorar este hito en su vida, que coincide adem\u00e1s con la actualidad medi\u00e1tica que rodea a algunas de las figuras de su entorno.<\/p>\n<p data-start=\"882\" data-end=\"1541\">Entre los invitados destacados se encuentran <strong>Alejandra Rubio<\/strong>, hija de Terelu, acompa\u00f1ada de <strong>Carlo Costanzia<\/strong>, padre de su hijo. Pero la atenci\u00f3n de los medios no solo estar\u00e1 en la familia cercana: tambi\u00e9n est\u00e1 confirmada la asistencia de <strong>Nuria Gonz\u00e1lez<\/strong>, <a href=\"https:\/\/okdiario.com\/look\/actualidad\/intento-terelu-campos-acercarse-consuegra-mar-flores-2080987\" rel=\"nofollow noopener\" target=\"_blank\">quien se conoce que mantiene una tensa relaci\u00f3n con Mar Flores, la madre de Carlo.<\/a> La presencia de ambos en la misma celebraci\u00f3n, pocos d\u00edas despu\u00e9s de la publicaci\u00f3n de las memorias de la modelo, a\u00f1ade un ingrediente inesperado y llama la atenci\u00f3n de los medios, dado el pasado de enemistad entre Nuria y Mar Flores, lo que <strong>podr\u00eda generar un ambiente cargado de tensi\u00f3n entre los protagonistas.<\/strong><\/p>\n<p>\n<img decoding=\"async\" loading=\"lazy\" class=\"size-full wp-image-2380096\" alt=\"Terelu Campos en Benalmadena. (Foto: Gtres)\" width=\"1707\" height=\"2560\"  src=\"https:\/\/www.europesays.com\/es\/wp-content\/uploads\/2025\/09\/1757813648_83_placeholder.jpg\"  bad-src=\"https:\/\/www.europesays.com\/es\/wp-content\/uploads\/2025\/09\/1757813648_83_placeholder.jpg\"\/><\/p>\n<p><img decoding=\"async\" loading=\"lazy\" class=\"size-full wp-image-2380096\" src=\"https:\/\/www.europesays.com\/es\/wp-content\/uploads\/2025\/09\/u588622_010-1-scaled.jpg\" alt=\"Terelu Campos en Benalmadena. (Foto: Gtres)\" width=\"1707\" height=\"2560\"  \/><\/p>\n<p> Terelu Campos en Benalmadena. (Foto: Gtres)\n<\/p>\n<p>El origen de esta guerra medi\u00e1tica se remontar\u00eda a aquellos maravillosos a\u00f1os en que Mar Flores sali\u00f3 con <strong>Fernando Fern\u00e1ndez Tapias<\/strong>, quien <a href=\"https:\/\/okdiario.com\/look\/actualidad\/nuria-gonzalez-pronuncia-conocerse-impugnacion-del-testamento-fernando-fernandez-tapias-2325603\" rel=\"nofollow noopener\" target=\"_blank\">falleci\u00f3 en octubre de 2023.<\/a> La modelo y presentadora de televisi\u00f3n fue pillada bes\u00e1ndose con el mism\u00edsimo Conde Lequio, lo que puso punto y final a su romance con el empresario naviero que, poco tiempo despu\u00e9s, comenz\u00f3 una relaci\u00f3n sentimental con <strong>Nuria Gonz\u00e1lez<\/strong>. Y ah\u00ed est\u00e1 el quit de la cuesti\u00f3n. Entonces, la estilista en el mundo de la moda era amiga de Mar, y ambas lo eran, a su vez, de Terelu Campos. La hija de Mar\u00eda Teresa Campos se posicion\u00f3 del lado de Nuria en el conflicto, lleg\u00e1ndo a ficharla incluso como colaboradora del programa que durante a\u00f1os present\u00f3 en las tardes de la televisi\u00f3n auton\u00f3mica madrile\u00f1a, Con T de Tarde.<\/p>\n<p data-start=\"201\" data-end=\"1344\">En su libro Mar en calma, Mar Flores dedica un espacio a hablar de Nuria Gonz\u00e1lez, desvincul\u00e1ndose de pol\u00e9micas y conflictos pasados.<strong> \u00abNuria sale en el libro y hablo desde la amistad porque es el recuerdo que yo tengo con ella<\/strong>, lo que ella haya pensado de m\u00ed no tengo ni idea ni me interesa tampoco\u00bb, afirma. <a href=\"https:\/\/okdiario.com\/look\/actualidad\/elsa-anka-35-anos-amistad-mar-flores-testigo-sus-calvario-vi-moratones-piel-2378258\" rel=\"nofollow noopener\" target=\"_blank\">Mar explica que su relaci\u00f3n con Nuria qued\u00f3 limitada tras la formalizaci\u00f3n de la relaci\u00f3n de \u00e9sta con Fernando Fern\u00e1ndez Tapias<\/a>, y subraya que nunca busc\u00f3 generar enfrentamientos: <strong>\u00abJam\u00e1s criticar\u00eda p\u00fablicamente a una mujer\u00bb<\/strong>.\u00a0 Reconoce, adem\u00e1s, que Nuria actu\u00f3 desde sus miedos y que cada persona gestiona sus inseguridades de distinta manera, destacando que se protegi\u00f3 utilizando su c\u00edrculo social.<\/p>\n<p>\n<img decoding=\"async\" loading=\"lazy\" class=\"size-full wp-image-2380094\" alt=\"Mar Flores y Fernando Fern\u00e1ndez-Tapias. (Foto: Gtres)\" width=\"1764\" height=\"2560\"  src=\"https:\/\/www.europesays.com\/es\/wp-content\/uploads\/2025\/09\/1757813648_83_placeholder.jpg\"  bad-src=\"https:\/\/www.europesays.com\/es\/wp-content\/uploads\/2025\/09\/1757813648_83_placeholder.jpg\"\/><\/p>\n<p><img decoding=\"async\" loading=\"lazy\" class=\"size-full wp-image-2380094\" src=\"https:\/\/www.europesays.com\/es\/wp-content\/uploads\/2025\/09\/a00027573-1-scaled.jpg\" alt=\"Mar Flores y Fernando Fern\u00e1ndez-Tapias. (Foto: Gtres)\" width=\"1764\" height=\"2560\"  \/><\/p>\n<p> Mar Flores y Fernando Fern\u00e1ndez-Tapias. (Foto: Gtres)\n<\/p>\n<p>Los otros invitados al cumplea\u00f1os de Terelu Campos<\/p>\n<p data-start=\"1543\" data-end=\"2129\">Adem\u00e1s de su hija y Carlo, estar\u00e1n presentes su hermana <strong>Carmen Borrego<\/strong>, su sobrino <strong>Jos\u00e9 Mar\u00eda Almoguera<\/strong> con <a href=\"https:\/\/okdiario.com\/look\/actualidad\/jose-maria-almoguera-maria-jerezana-paso-mas-relacion-2274229\" rel=\"nofollow noopener\" target=\"_blank\">su pareja Mar\u00eda<\/a> y amigos cercanos como Yolanda Gonz\u00e1lez y Eduardo Navarrete. Asimismo, asistir\u00e1n figuras reconocidas de Telecinco, cadena que ha sido un pilar en la carrera de Terelu, como Ra\u00fal Prieto, ex director de S\u00e1lvame, <strong>Beatriz Archidona<\/strong>,<strong> Santi Acosta<\/strong>, <strong>Antonio Montero<\/strong>, <strong>Marisa Mart\u00edn Bl\u00e1zquez<\/strong>,<strong> Jos\u00e9 Antonio Le\u00f3n<\/strong>, <strong>Patricia P\u00e9rez<\/strong>, <strong>\u00c1ngela Portero<\/strong> y <strong>Bel\u00e9n Rodr\u00edguez<\/strong>.<\/p>\n<p data-start=\"2131\" data-end=\"2576\">La celebridad tambi\u00e9n ha querido invitar a los amigos que hizo durante su participaci\u00f3n en Supervivientes 2025, incluyendo a <strong>Anita Williams<\/strong>, <strong>Laura Cuevas<\/strong>, <strong>Almacor<\/strong> y<strong> Carmen Alcayde<\/strong>. Cabe recordar que pese a no ser concursante oficial del programa, Terelu se convirti\u00f3 en la primera celebridad en realizar dos saltos desde el helic\u00f3ptero en la historia del reality de supervivencia.<\/p>\n","protected":false},"excerpt":{"rendered":"El pr\u00f3ximo mi\u00e9rcoles 17 de septiembre, Terelu Campos celebrar\u00e1 su 60 cumplea\u00f1os con una elegante cena de gala&hellip;\n","protected":false},"author":2,"featured_media":117962,"comment_status":"","ping_status":"","sticky":false,"template":"","format":"standard","meta":{"footnotes":""},"categories":[174],"tags":[255,146,147,25,24,256,23,5522],"class_list":{"0":"post-117961","1":"post","2":"type-post","3":"status-publish","4":"format-standard","5":"has-post-thumbnail","7":"category-famosos","8":"tag-celebrities","9":"tag-entertainment","10":"tag-entretenimiento","11":"tag-es","12":"tag-espana","13":"tag-famosos","14":"tag-spain","15":"tag-terelu"},"share_on_mastodon":{"url":"","error":""},"_links":{"self":[{"href":"https:\/\/www.europesays.com\/es\/wp-json\/wp\/v2\/posts\/117961","targetHints":{"allow":["GET"]}}],"collection":[{"href":"https:\/\/www.europesays.com\/es\/wp-json\/wp\/v2\/posts"}],"about":[{"href":"https:\/\/www.europesays.com\/es\/wp-json\/wp\/v2\/types\/post"}],"author":[{"embeddable":true,"href":"https:\/\/www.europesays.com\/es\/wp-json\/wp\/v2\/users\/2"}],"replies":[{"embeddable":true,"href":"https:\/\/www.europesays.com\/es\/wp-json\/wp\/v2\/comments?post=117961"}],"version-history":[{"count":0,"href":"https:\/\/www.europesays.com\/es\/wp-json\/wp\/v2\/posts\/117961\/revisions"}],"wp:featuredmedia":[{"embeddable":true,"href":"https:\/\/www.europesays.com\/es\/wp-json\/wp\/v2\/media\/117962"}],"wp:attachment":[{"href":"https:\/\/www.europesays.com\/es\/wp-json\/wp\/v2\/media?parent=117961"}],"wp:term":[{"taxonomy":"category","embeddable":true,"href":"https:\/\/www.europesays.com\/es\/wp-json\/wp\/v2\/categories?post=117961"},{"taxonomy":"post_tag","embeddable":true,"href":"https:\/\/www.europesays.com\/es\/wp-json\/wp\/v2\/tags?post=117961"}],"curies":[{"name":"wp","href":"https:\/\/api.w.org\/{rel}","templated":true}]}}