{"id":117963,"date":"2025-09-16T03:38:06","date_gmt":"2025-09-16T03:38:06","guid":{"rendered":"https:\/\/www.europesays.com\/es\/117963\/"},"modified":"2025-09-16T03:38:06","modified_gmt":"2025-09-16T03:38:06","slug":"angelica-tanarro-descubre-el-universo-de-isidro-parra-en-un-monografico","status":"publish","type":"post","link":"https:\/\/www.europesays.com\/es\/117963\/","title":{"rendered":"Ang\u00e9lica Tanarro descubre el universo de Isidro Parra en un monogr\u00e1fico"},"content":{"rendered":"<p data-start=\"193\" data-end=\"896\">Este <strong data-start=\"198\" data-end=\"226\">domingo 14 de septiembre<\/strong> se ha presentado en la <strong data-start=\"250\" data-end=\"276\">Fundaci\u00f3n Isidro Parra<\/strong> el libro <strong data-start=\"286\" data-end=\"309\">\u2018Vuelan las L\u00edneas\u2019<\/strong>, de la escritora y periodista <strong data-start=\"340\" data-end=\"360\">Ang\u00e9lica Tanarro<\/strong>, un monogr\u00e1fico que recopila m\u00e1s de <strong data-start=\"397\" data-end=\"413\">800 im\u00e1genes<\/strong> de la trayectoria de <strong data-start=\"435\" data-end=\"451\">Isidro Parra<\/strong>. Con <strong data-start=\"457\" data-end=\"472\">308 p\u00e1ginas<\/strong> y editado en tirada limitada por la <strong data-start=\"509\" data-end=\"535\">Fundaci\u00f3n Isidro Parra<\/strong>, el volumen constituye un testimonio esencial del universo creativo del artista <strong data-start=\"616\" data-end=\"630\">alcazare\u00f1o<\/strong> y se enmarca en el programa de actos del <strong data-start=\"672\" data-end=\"703\">centenario de su nacimiento<\/strong>. La cuidada edici\u00f3n, a cargo de <strong data-start=\"736\" data-end=\"764\">Alejandro Mart\u00ednez Parra<\/strong>, sobrino del pintor, re\u00fane un valioso legado que conecta la pluralidad est\u00e9tica de <strong data-start=\"848\" data-end=\"857\">Parra<\/strong> con su inagotable vitalidad art\u00edstica.<\/p>\n<p data-start=\"898\" data-end=\"1380\">Al acto han acompa\u00f1ado las concejalas del <strong data-start=\"940\" data-end=\"979\">Ayuntamiento de Alc\u00e1zar de San Juan<\/strong>, <strong data-start=\"981\" data-end=\"999\">Cristina Perea<\/strong> y <strong data-start=\"1002\" data-end=\"1028\">B\u00e1rbara S\u00e1nchez Mateos<\/strong>, quienes han querido sumarse con su presencia al homenaje a uno de los creadores m\u00e1s singulares de la localidad. Ambas representantes han expresado el agradecimiento institucional a la <strong data-start=\"1214\" data-end=\"1227\">Fundaci\u00f3n<\/strong> y a la autora del libro, destacando la relevancia de un proyecto que, adem\u00e1s de preservar la memoria de <strong data-start=\"1332\" data-end=\"1341\">Parra<\/strong>, acerca su obra a nuevas generaciones.<\/p>\n<p data-start=\"1382\" data-end=\"2016\">La concejala de Cultura, <strong data-start=\"1407\" data-end=\"1425\">Cristina Perea<\/strong>, ha subrayado durante su intervenci\u00f3n el significado de esta fecha para el municipio: \u00abHoy celebramos los <strong data-start=\"1532\" data-end=\"1575\">100 a\u00f1os del nacimiento de Isidro Parra<\/strong>, y para el <strong data-start=\"1587\" data-end=\"1603\">Ayuntamiento<\/strong> es un honor ser parte de esta programaci\u00f3n. <strong data-start=\"1648\" data-end=\"1671\">Alc\u00e1zar de San Juan<\/strong> se reconoce en su figura, en su humor y en su libertad creativa, y con este libro seguimos acercando su legado a toda la ciudadan\u00eda\u00bb. La responsable de cultura ha se\u00f1alado adem\u00e1s que la colaboraci\u00f3n municipal con la <strong data-start=\"1888\" data-end=\"1914\">Fundaci\u00f3n Isidro Parra<\/strong> se mantiene a lo largo de todo el calendario de actividades previsto para este <strong data-start=\"1994\" data-end=\"2015\">a\u00f1o conmemorativo<\/strong>.<\/p>\n<p data-start=\"2018\" data-end=\"2463\">La jornada se ha abierto con las palabras de <strong data-start=\"2063\" data-end=\"2091\">Alejandro Mart\u00ednez Parra<\/strong>, quien ha evocado el recuerdo \u00edntimo y entra\u00f1able de su t\u00edo en el d\u00eda de su centenario. Asimismo, ha destacado que esta ocasi\u00f3n resultaba id\u00f3nea para presentar un libro que pone en valor la versatilidad del artista, no s\u00f3lo en sus obras m\u00e1s reconocidas, sino tambi\u00e9n en los peque\u00f1os dibujos de <strong data-start=\"2386\" data-end=\"2411\">10 por 10 cent\u00edmetros<\/strong> que constituyen un ejercicio de ingenio y libertad.<\/p>\n<p data-start=\"2465\" data-end=\"2943\">La autora, <strong data-start=\"2476\" data-end=\"2496\">Ang\u00e9lica Tanarro<\/strong>, ha explicado c\u00f3mo se ha adentrado en el universo creativo de <strong data-start=\"2559\" data-end=\"2575\">Isidro Parra<\/strong> a trav\u00e9s del <strong data-start=\"2589\" data-end=\"2599\">dibujo<\/strong>, una disciplina que considera esencial para comprender las m\u00faltiples facetas del pintor. Ha se\u00f1alado que en cada trazo se vislumbra la amplitud de registros del artista, desde el <strong data-start=\"2779\" data-end=\"2791\">realismo<\/strong> al coqueteo con las <strong data-start=\"2812\" data-end=\"2827\">vanguardias<\/strong>, pasando por su amor por \u00e1mbitos como la <strong data-start=\"2869\" data-end=\"2884\">tauromaquia<\/strong>, rasgos que dan cuenta de su compleja y rica personalidad.<\/p>\n<p data-start=\"2945\" data-end=\"3150\">La jornada se ha completado con la lectura del <strong data-start=\"2992\" data-end=\"3022\">Manifiesto del \u201cDalomismo\u201d<\/strong>, escrito por el propio <strong data-start=\"3046\" data-end=\"3055\">Parra<\/strong> en <strong data-start=\"3059\" data-end=\"3067\">1995<\/strong>, un texto cargado de iron\u00eda y frescura que refleja con fidelidad su talante vital.<\/p>\n","protected":false},"excerpt":{"rendered":"Este domingo 14 de septiembre se ha presentado en la Fundaci\u00f3n Isidro Parra el libro \u2018Vuelan las L\u00edneas\u2019,&hellip;\n","protected":false},"author":2,"featured_media":117964,"comment_status":"","ping_status":"","sticky":false,"template":"","format":"standard","meta":{"footnotes":""},"categories":[172],"tags":[224,146,147,25,24,225,23],"class_list":{"0":"post-117963","1":"post","2":"type-post","3":"status-publish","4":"format-standard","5":"has-post-thumbnail","7":"category-libros","8":"tag-books","9":"tag-entertainment","10":"tag-entretenimiento","11":"tag-es","12":"tag-espana","13":"tag-libros","14":"tag-spain"},"share_on_mastodon":{"url":"","error":""},"_links":{"self":[{"href":"https:\/\/www.europesays.com\/es\/wp-json\/wp\/v2\/posts\/117963","targetHints":{"allow":["GET"]}}],"collection":[{"href":"https:\/\/www.europesays.com\/es\/wp-json\/wp\/v2\/posts"}],"about":[{"href":"https:\/\/www.europesays.com\/es\/wp-json\/wp\/v2\/types\/post"}],"author":[{"embeddable":true,"href":"https:\/\/www.europesays.com\/es\/wp-json\/wp\/v2\/users\/2"}],"replies":[{"embeddable":true,"href":"https:\/\/www.europesays.com\/es\/wp-json\/wp\/v2\/comments?post=117963"}],"version-history":[{"count":0,"href":"https:\/\/www.europesays.com\/es\/wp-json\/wp\/v2\/posts\/117963\/revisions"}],"wp:featuredmedia":[{"embeddable":true,"href":"https:\/\/www.europesays.com\/es\/wp-json\/wp\/v2\/media\/117964"}],"wp:attachment":[{"href":"https:\/\/www.europesays.com\/es\/wp-json\/wp\/v2\/media?parent=117963"}],"wp:term":[{"taxonomy":"category","embeddable":true,"href":"https:\/\/www.europesays.com\/es\/wp-json\/wp\/v2\/categories?post=117963"},{"taxonomy":"post_tag","embeddable":true,"href":"https:\/\/www.europesays.com\/es\/wp-json\/wp\/v2\/tags?post=117963"}],"curies":[{"name":"wp","href":"https:\/\/api.w.org\/{rel}","templated":true}]}}