{"id":117973,"date":"2025-09-16T03:44:14","date_gmt":"2025-09-16T03:44:14","guid":{"rendered":"https:\/\/www.europesays.com\/es\/117973\/"},"modified":"2025-09-16T03:44:14","modified_gmt":"2025-09-16T03:44:14","slug":"radiohead-se-enreda-con-el-asedio-israeli-a-gaza-y-algunos-fans-le-dan-la-espalda-no-ire-a-su-concierto-cultura","status":"publish","type":"post","link":"https:\/\/www.europesays.com\/es\/117973\/","title":{"rendered":"Radiohead se enreda con el asedio israel\u00ed a Gaza y algunos fans le dan la espalda: \u201cNo ir\u00e9 a su concierto\u201d | Cultura"},"content":{"rendered":"<p class=\"\">Las entradas <a href=\"https:\/\/elpais.com\/cultura\/2025-09-12\/entradas-para-radiohead-en-madrid-conciertos-fechas-y-precios-para-los-conciertos-de-su-gira.html\" target=\"_self\" rel=\"nofollow noopener\" title=\"https:\/\/elpais.com\/cultura\/2025-09-12\/entradas-para-radiohead-en-madrid-conciertos-fechas-y-precios-para-los-conciertos-de-su-gira.html\">para los cuatro conciertos de Radiohead en Madrid<\/a> se pusieron a la venta el pasado viernes. Despu\u00e9s de siete a\u00f1os de ausencia, el grupo brit\u00e1nico anunci\u00f3 una peculiar gira: cinco ciudades europeas, cuatro actuaciones en cada una. Empieza en Movistar Arena de Madrid los d\u00edas 4, 5, 7 y 8 de noviembre. En total, ser\u00e1n 65.000 entradas. Luego, el grupo viajar\u00e1 a Bolonia, Londres, Copenhague y Berl\u00edn, donde finalizar\u00e1n el 12 de diciembre. A pesar de que se dise\u00f1\u00f3 un sistema para evitar la reventa ya existen p\u00e1ginas digitales que ofrecen t\u00edckets con un incremento considerable. El precio oficial en pista para Madrid, la m\u00e1s econ\u00f3mica, era de 120 euros sumados los gastos de gesti\u00f3n. <\/p>\n<p class=\"\">Eva Cano Plaza, ge\u00f3grafa vallisoletana de 45 a\u00f1os, ten\u00eda pensado comprar entradas. \u201cCuando sali\u00f3 Radiohead, en los noventa, yo estaba de Erasmus. Enseguida se convirti\u00f3 en la banda sonora de aquella \u00e9poca, que me ha acompa\u00f1ado hasta hoy\u201d. Pero decidi\u00f3 a \u00faltima hora frenarse. La semana pasada ley\u00f3 varios art\u00edculos sobre la vinculaci\u00f3n de la banda con Israel y finalmente ella y sus tres amigas han preferido dejarlo pasar. \u201cEstoy intentado aplicar en mi vida el no uso de consumo de algo que pueda contribuir al genocidio. Quiero elegir sobre mis gustos con otra mentalidad. Es muy dif\u00edcil llevarlo a cabo al 100%, porque no puedes saber qui\u00e9n est\u00e1 detr\u00e1s de todo lo que consumes, pero ya me lo he aplicado, por ejemplo, en productos de cosm\u00e9tica, de alimentaci\u00f3n y ahora en este concierto\u201d, explica. Otros seguidores, sin embargo, han decidido acudir a los recitales. <\/p>\n<p><img alt=\"Seguidores esperan para asistir a un concierto de Radiohead en Tel Aviv el 19 de julio de 2017.  \" decoding=\"auto\" class=\"_re lazyload a_m-h\" height=\"291\"  width=\"414\"  src=\"https:\/\/www.europesays.com\/es\/wp-content\/uploads\/2025\/09\/3FVLNOYZTFGKHIQLFNZOT7ZC2U.jpg\" loading=\"lazy\"\/>Seguidores esperan para asistir a un concierto de Radiohead en Tel Aviv el 19 de julio de 2017.  AFP Contributor (AFP via Getty Images)<\/p>\n<p class=\"\">Radiohead ha actuado en Tel Aviv en varias ocasiones, una circunstancia que ha provocado un gran debate entre sus seguidores. <a href=\"https:\/\/www.youtube.com\/watch?v=XFkzRNyygfk&amp;list=RDXFkzRNyygfk&amp;start_radio=1\" target=\"_self\" rel=\"nofollow noopener\" title=\"https:\/\/www.youtube.com\/watch?v=XFkzRNyygfk&amp;list=RDXFkzRNyygfk&amp;start_radio=1\">Creep, el primer \u00e9xito de los brit\u00e1nicos,<\/a> cal\u00f3 m\u00e1s en Israel que en pa\u00edses europeos con una potente industria pop. Radiohead no ha sido la \u00fanica estrella que ha presentado su espect\u00e1culo en Israel: Paul McCartney, Madonna, Justin Bieber o The Rolling Stones, por poner solo unos ejemplos, interpretaron su repertorio all\u00ed en recitales en los a\u00f1os 2000. <\/p>\n<p class=\"\">Uno de los m\u00e1s beligerantes por la presencia de Radiohead en suelo israel\u00ed ha sido <a href=\"https:\/\/elpais.com\/cultura\/2025-03-30\/una-ventana-de-libertad-una-meta-cuando-pink-floyd-at-pompeii-se-colo-en-la-espana-de-franco.html\" target=\"_self\" rel=\"nofollow noopener\" title=\"https:\/\/elpais.com\/cultura\/2025-03-30\/una-ventana-de-libertad-una-meta-cuando-pink-floyd-at-pompeii-se-colo-en-la-espana-de-franco.html\">Roger Waters, leyenda del rock al frente de Pink Floyd.<\/a> Waters lleg\u00f3 a escribir \u201cun correo\u201d a Thom Yorke, l\u00edder de Radiohead, para intentar convencerlo de que anulase sus conciertos en Israel. Seg\u00fan la versi\u00f3n del propio Waters, Yorke no contest\u00f3. Hace unos meses, el exl\u00edder de Pink Floyd <a href=\"https:\/\/es.rollingstone.com\/roger-waters-critica-a-thom-yorke-y-jonny-greenwood-por-su-postura-sobre-israel-y-palestina\/ \" target=\"_self\" rel=\"nofollow noopener\" title=\"https:\/\/es.rollingstone.com\/roger-waters-critica-a-thom-yorke-y-jonny-greenwood-por-su-postura-sobre-israel-y-palestina\/ \">volvi\u00f3 a enviar un mensaje<\/a> al grupo durante una entrevista. \u201cThom, Jonny, \u00bfno os dais cuenta? No es un conflicto: es un genocidio\u201d.<\/p>\n<p class=\"\">Cuando Waters apela a Jonny se refiere a Jonny Greenwood, el guitarrista de Radiohead, el que mayor v\u00ednculo de la banda tiene con Israel. Greenwood est\u00e1 casado con la fot\u00f3grafa y artista visual israel\u00ed Sharona Katan. Se conocieron cuando el grupo act\u00fao en Tel Aviv en 1993. La pareja tiene tres hijos. El sobrino de Greenwood sirvi\u00f3 en las Fuerzas de Defensa de Israel y muri\u00f3 en la guerra de Gaza en 2024. El guitarrista y teclista de Radiohead mantiene un proyecto art\u00edstico con el m\u00fasico israel\u00ed Dudu Tassa. Su \u00faltimo disco se llama Jarak Qaribak, que significa Tu vecino es tu amigo y ofrece canciones de amor de Medio Oriente y Norte de \u00c1frica.<\/p>\n<p><img alt=\"Jonny Greenwood en un concierto de Radiohead en julio de 2018 en el Madison Square Garden de Nueva York. \" decoding=\"auto\" class=\"_re lazyload a_m-h\" height=\"274\"  width=\"414\"  src=\"https:\/\/www.europesays.com\/es\/wp-content\/uploads\/2025\/09\/FST7NIOUYBFPHGQG4DGCWMUU7I.jpg\" loading=\"lazy\"\/>Jonny Greenwood en un concierto de Radiohead en julio de 2018 en el Madison Square Garden de Nueva York. Jeff Kravitz (FilmMagic)<\/p>\n<p class=\"\">En mayo de 2025 el d\u00fao emiti\u00f3 un comunicado informando de que cancelaba dos actuaciones en Inglaterra: \u201cTanto los locales de Londres y Bristol donde \u00edbamos a actuar como las personas que trabajan all\u00ed han recibido suficientes amenazas cre\u00edbles como para concluir que no es seguro seguir adelante con los conciertos\u201d. Y a\u00f1adieron: \u201cIntimidar a los locales para que cancelen nuestros espect\u00e1culos no contribuir\u00e1 a lograr la paz y la justicia que Oriente Medio se merece. Esta cancelaci\u00f3n ser\u00e1 celebrada como una victoria por quienes la respaldan, pero no vemos nada que celebrar ni que se haya logrado nada positivo\u201d. La organizaci\u00f3n Campa\u00f1a Palestina por el <a href=\"https:\/\/bdsmovement.net\/es\/boicot-acad%C3%A9mico\" target=\"_self\" rel=\"nofollow noopener\" title=\"https:\/\/bdsmovement.net\/es\/boicot-acad%C3%A9mico\">Boicot Acad\u00e9mico y Cultural a Israel<\/a> (PACBI) calific\u00f3 los recitales como \u201cun lavado de imagen art\u00edstica\u201d y celebr\u00f3 su cancelaci\u00f3n. <\/p>\n<p class=\"\">En junio 2024, Greenwood y Tassa actuaron en Tel Aviv. En ese momento, PACBI exigi\u00f3 \u201cpresi\u00f3n pac\u00edfica y creativa sobre Radiohead para que se distanciara claramente de esta flagrante complicidad con el crimen\u201d. Unos d\u00edas antes del concierto, varios testigos aseguraron que vieron a Greenwood en una manifestaci\u00f3n contra Netanyahu. Los convocados ped\u00edan nuevas elecciones y el r\u00e1pido regreso de los rehenes israel\u00edes capturados por Ham\u00e1s.<\/p>\n<p><img alt=\"Thom Yorke y Jonny Greenwood actuando con The Smile, grupo paralelo a Radiohead, en diciembre de 2022 en Los \u00c1ngeles. &#10;&#10;\" decoding=\"auto\" class=\"_re lazyload a_m-h\" height=\"276\"  width=\"414\"  src=\"https:\/\/www.europesays.com\/es\/wp-content\/uploads\/2025\/09\/RGUIO7C54RFVRJXBLBKMREHGQY.jpg\" loading=\"lazy\"\/>Thom Yorke y Jonny Greenwood actuando con The Smile, grupo paralelo a Radiohead, en diciembre de 2022 en Los \u00c1ngeles. <\/p>\n<p>Scott Dudelson (Getty Images)<\/p>\n<p class=\"\">Greenwood justific\u00f3 as\u00ed <a href=\"https:\/\/warp.la\/johnny-greenwood-radiohead-comunicado-israel\/ \" target=\"_self\" rel=\"nofollow noopener\" title=\"https:\/\/warp.la\/johnny-greenwood-radiohead-comunicado-israel\/ \">en un comunicado la gira del d\u00fao, que se produc\u00eda al mismo tiempo que Israel mataba a inocentes: <\/a>\u201cHe colaborado con Dudu desde 2008. Creo que vale la pena crear un proyecto art\u00edstico que combine m\u00fasicos \u00e1rabes y jud\u00edos. Y tambi\u00e9n es importante que uno recuerde a todos que las ra\u00edces culturales jud\u00edas en pa\u00edses como Irak y Yemen se remontan a miles de a\u00f1os\u201d. En otro momento del comunicado afirma: \u201cDe todos modos, ning\u00fan arte es tan importante como para detener toda la muerte y el sufrimiento que nos rodean. Pero no hacer nada parece la peor opci\u00f3n. Y silenciar a los artistas israel\u00edes por haber nacido jud\u00edos en Israel no parece una forma de llegar a un entendimiento entre las dos partes de este conflicto\u201d. <\/p>\n<p><img alt=\"El israel\u00ed Dudu Tassa actuando de telonero de Radiohead en abril de 2017 en California. &#10;&#10;\" decoding=\"auto\" class=\"_re lazyload a_m-h\" height=\"278\"  width=\"414\"  src=\"https:\/\/www.europesays.com\/es\/wp-content\/uploads\/2025\/09\/FLA57MPPNBDVBEWFVUZA4RALAM.jpg\" loading=\"lazy\"\/>El israel\u00ed Dudu Tassa actuando de telonero de Radiohead en abril de 2017 en California. <\/p>\n<p>Tim Mosenfelder (Getty Images)<\/p>\n<p class=\"\">En 2024, Thom Yorke abandon\u00f3 el escenario en un concierto en Australia despu\u00e9s de que un asistente le increpara: \u201c\u00bfCu\u00e1ntos ni\u00f1os tienen que morir para que condenes el genocidio en Gaza?\u201d. El pasado mayo, <a href=\"https:\/\/www.instagram.com\/p\/DKR8Mc_CoKj\/?utm_source=ig_embed\" target=\"_self\" rel=\"nofollow noopener\" title=\"https:\/\/www.instagram.com\/p\/DKR8Mc_CoKj\/?utm_source=ig_embed\">el cantante public\u00f3 en su Instagram<\/a> un largo texto refiri\u00e9ndose a ese incidente, explicando su postura y confesando que este tema le hab\u00eda producido problemas de salud mental. \u201cEspero que alguien que haya escuchado una nota de la m\u00fasica de mi banda, haya mirado los dise\u00f1os o haya le\u00eddo las letras, se d\u00e9 cuenta de que es evidente que no podr\u00eda de ninguna manera apoyar ninguna forma de extremismo o deshumanizaci\u00f3n hacia otras personas\u201d. Y contin\u00faa: \u201cCreo que Netanyahu y su equipo de extremistas est\u00e1n totalmente fuera de control y es necesario pararlos. La comunidad internacional deber\u00eda poner toda la presi\u00f3n que pueda para que paren. Su excusa de defensa propia hace tiempo que es demasiado endeble y ha sido sustituida por un deseo transparente de tomar el control de Gaza y Cisjordania\u201d. <\/p>\n<p class=\"\">M\u00e1s adelante, Yorke se pregunta por qu\u00e9 Hamas no ha liberado a los rehenes israel\u00edes: \u201c\u00bfPor qu\u00e9 Hamas escogi\u00f3 cometer esos actos horribles el 7 de octubre? La respuesta parece obvia y creo que Hamas escoge esconderse detr\u00e1s de la gente, en una postura igualmente c\u00ednica para sus propios intereses\u201d. A la fan de Radiohead Eva Cano Plaza este comunicado \u201cle parece insuficiente\u201d. \u201cCreo que lo que hace Yorke es justificar su dolor. Creo que miran m\u00e1s por ellos mismos que por analizar la situaci\u00f3n. Acepto sus disculpas, pero no me convencen. Elijo no ir a verle. Sus canciones me han hecho muy feliz y seguir\u00e9 tarare\u00e1ndolas, pero creo que estamos en un momento en el que es importante elegir la pol\u00edtica que quieres en tu vida. Se puede hacer pol\u00edtica en el d\u00eda a d\u00eda y este es un caso claro\u201d. <\/p>\n<p><img alt=\"Parte del equipo de la pel\u00edcula 'El hilo invisible' en la alfombra roja de los Oscar 2018. Desde la izquierda, la actriz Maya Rudolph, el director de cine Paul Thomas Anderson, el compositor de la banda sonora Jonny Greenwood y su pareja, la artista visual Sharona Katan .    &#10;&#10;&#10;  \" decoding=\"auto\" class=\"_re lazyload a_m-h\" height=\"276\"  width=\"414\"  src=\"https:\/\/www.europesays.com\/es\/wp-content\/uploads\/2025\/09\/TXLO3NFLZVAY3GDJZMVXVFZ65I.jpg\" loading=\"lazy\"\/>Parte del equipo de la pel\u00edcula &#8216;El hilo invisible&#8217; en la alfombra roja de los Oscar 2018. Desde la izquierda, la actriz Maya Rudolph, el director de cine Paul Thomas Anderson, el compositor de la banda sonora Jonny Greenwood y su pareja, la artista visual Sharona Katan .    <\/p>\n<p>  Kevin Mazur (WireImage)<\/p>\n<p class=\"\">Mark Borland, profesor de ingl\u00e9s de 36 a\u00f1os que lleva viviendo en Madrid una d\u00e9cada, no es de la misma opini\u00f3n: \u201cHe decidido ir al concierto porque para m\u00ed est\u00e1 claro que ning\u00fan miembro de Radiohead apoya a Israel. Desde mi punto de vista, dar un concierto en un pa\u00eds no equivale a apoyar a su gobierno o a su presidente. De hecho, Radiohead ha criticado p\u00fablicamente a Netanyahu. Soy fan de la banda desde hace 25 a\u00f1os y los miembros han mostrado siempre su compromiso en diversas causas\u201d. <\/p>\n<p class=\"\">Activistas proPalestina han pedido el boicot a la inminente gira de Radiohead. Mientras el grupo intenta parar la pol\u00e9mica, otros m\u00fasicos ingleses se movilizan para denunciar la situaci\u00f3n del pueblo gazat\u00ed. Este mi\u00e9rcoles se celebra en Londres el concierto <a href=\"https:\/\/togetherforpalestine.org\/\" target=\"_self\" rel=\"nofollow noopener\" title=\"https:\/\/togetherforpalestine.org\/\">Together for Palestine<\/a>, auspiciado por el veterano Brian Eno. Actuar\u00e1n, entre otros, Damon Albarn, James Blake, Jamie xx o Hot Chip. Adem\u00e1s, Massive Attack <a href=\"https:\/\/www.instagram.com\/p\/DMNt8dPIoKU\/?utm_source=ig_embed\" target=\"_self\" rel=\"nofollow noopener\" title=\"https:\/\/www.instagram.com\/p\/DMNt8dPIoKU\/?utm_source=ig_embed\">ha creado una alianza entre m\u00fasicos<\/a> para defender a los grupos \u201cque se est\u00e1n enfrentando a intimidaciones desde dentro de la industria musical por su apoyo a Palestina y Gaza\u201d. Parece claro que no son tiempos para optar por el silencio. <\/p>\n<p><script async src=\"\/\/www.instagram.com\/embed.js\"><\/script><\/p>\n","protected":false},"excerpt":{"rendered":"Las entradas para los cuatro conciertos de Radiohead en Madrid se pusieron a la venta el pasado viernes.&hellip;\n","protected":false},"author":2,"featured_media":117974,"comment_status":"","ping_status":"","sticky":false,"template":"","format":"standard","meta":{"footnotes":""},"categories":[91],"tags":[218,208,209,146,147,25,24,74,303,185,77,76,3529,1273,23,21086],"class_list":{"0":"post-117973","1":"post","2":"type-post","3":"status-publish","4":"format-standard","5":"has-post-thumbnail","7":"category-entretenimiento","8":"tag-canciones","9":"tag-conciertos","10":"tag-cultura","11":"tag-entertainment","12":"tag-entretenimiento","13":"tag-es","14":"tag-espana","15":"tag-israel","16":"tag-movistar","17":"tag-musica","18":"tag-oriente-proximo","19":"tag-palestina","20":"tag-radiohead","21":"tag-rock","22":"tag-spain","23":"tag-thom-yorke"},"share_on_mastodon":{"url":"","error":""},"_links":{"self":[{"href":"https:\/\/www.europesays.com\/es\/wp-json\/wp\/v2\/posts\/117973","targetHints":{"allow":["GET"]}}],"collection":[{"href":"https:\/\/www.europesays.com\/es\/wp-json\/wp\/v2\/posts"}],"about":[{"href":"https:\/\/www.europesays.com\/es\/wp-json\/wp\/v2\/types\/post"}],"author":[{"embeddable":true,"href":"https:\/\/www.europesays.com\/es\/wp-json\/wp\/v2\/users\/2"}],"replies":[{"embeddable":true,"href":"https:\/\/www.europesays.com\/es\/wp-json\/wp\/v2\/comments?post=117973"}],"version-history":[{"count":0,"href":"https:\/\/www.europesays.com\/es\/wp-json\/wp\/v2\/posts\/117973\/revisions"}],"wp:featuredmedia":[{"embeddable":true,"href":"https:\/\/www.europesays.com\/es\/wp-json\/wp\/v2\/media\/117974"}],"wp:attachment":[{"href":"https:\/\/www.europesays.com\/es\/wp-json\/wp\/v2\/media?parent=117973"}],"wp:term":[{"taxonomy":"category","embeddable":true,"href":"https:\/\/www.europesays.com\/es\/wp-json\/wp\/v2\/categories?post=117973"},{"taxonomy":"post_tag","embeddable":true,"href":"https:\/\/www.europesays.com\/es\/wp-json\/wp\/v2\/tags?post=117973"}],"curies":[{"name":"wp","href":"https:\/\/api.w.org\/{rel}","templated":true}]}}