{"id":117981,"date":"2025-09-16T03:50:08","date_gmt":"2025-09-16T03:50:08","guid":{"rendered":"https:\/\/www.europesays.com\/es\/117981\/"},"modified":"2025-09-16T03:50:08","modified_gmt":"2025-09-16T03:50:08","slug":"los-socios-abonados-de-replasa-beti-onak-pueden-comprar-sus-entradas-para-el-debut-europeo-desde-este-martes-16","status":"publish","type":"post","link":"https:\/\/www.europesays.com\/es\/117981\/","title":{"rendered":"Los socios-abonados de Replasa Beti Onak pueden comprar sus entradas para el debut europeo desde este martes 16"},"content":{"rendered":"<p>Los socios-abonados de <strong>Replasa Beti Onak<\/strong> podr\u00e1n adquirir a partir de este martes 16 de septiembre sus entradas para el encuentro de la segunda ronda de la <strong>EHF European Cup<\/strong> que, el s\u00e1bado <strong>27 de septiembre a las 18.00 horas <\/strong>en el polideportivo Hermanos Indur\u00e1in de Villava, ser\u00e1 el  estreno hist\u00f3rico del conjunto navarro en competici\u00f3n europea.<\/p>\n<p>Un primer encuentro frente al <strong>HC Galychanka Lviv<\/strong>  -en una eliminatoria que vivir\u00e1 su desenlace una semana despu\u00e9s en la localidad polaca de<strong> Bilgorej<\/strong> (donde juega como local esta temporada el equipo de Le\u00f3polis por el conflicto b\u00e9lico en su pa\u00eds con Rusia)- para el que el club villav\u00e9s ha establecido unos <strong>precios especiales<\/strong>\u00a0de forma adelantada para sus socios-abonados.<\/p>\n<p>De esta forma y <strong>entre este martes por la tarde y el pr\u00f3ximo jueves 18,<\/strong> los adultos podr\u00e1n adquirir su localidad en el polideportivo -de 18.00 a 20.00 horas y presentando su abono- a un precio de 10 euros mientras que el precio para los menores de 18 a\u00f1os ser\u00e1 de 5 euros.<\/p>\n<p>Las entradas no retiradas en las fechas indicadas pasar\u00e1n a la <strong>venta general online y en taquilla<\/strong> -teniendo en cuenta que el aforo del polideportivo villav\u00e9s est\u00e1 establecido en un millar de localidades- al precio de 20 euros para los adultos y de 10 euros para los menores de edad.<\/p>\n<p><strong>El equipo se queda esta semana sin cinco internacionales<\/strong><\/p>\n<p>Es la contrapartida que tiene el contar con <strong>una plantilla de calidad<\/strong> y en la que las jugadoras est\u00e1n rindiendo a un buen nivel. En una semana de par\u00f3n competitivo por los compromisos internacionales de las diferentes selecciones, el <strong>Replasa Beti Onak<\/strong> no podr\u00e1 contar con cinco de sus jugadoras de la primera plantilla.<\/p>\n<p>La meta pamplonesa <strong>Olaia Luzuriaga<\/strong> -que se estrenar\u00e1 con la selecci\u00f3n espa\u00f1ola absoluta en un doble compromiso en Eslovaquia-, las argentinas <strong>Maca Sans, Mica Casasola y Ayel\u00e9n Garc\u00eda<\/strong> -quienes tratar\u00e1n de trasladar a la concentraci\u00f3n argentina en Ciudad Real las buenas sensaciones que han dejado en este inicio de Liga Guerreras- y la brasile\u00f1a <strong>Maria Grasielly Brasil <\/strong>-quien debut\u00f3 este pasado s\u00e1bado tras recuperarse de una lesi\u00f3n y que entrenar\u00e1 estos d\u00edas con Brasil en Austria- son las internacionales con las que no podr\u00e1 contar <strong>Miguel Etxeberria <\/strong>en estas pr\u00f3ximas jornadas. Unos d\u00edas en los que el equipo navarro preparar\u00e1 la visita del <strong>mi\u00e9rcoles 24 a Elche (20.00h)<\/strong> y su <strong>debut hist\u00f3rico en la Copa Europea<\/strong> tres d\u00edas despu\u00e9s en Villava con el ucraniano Galychanka Lviv (18.00h).<\/p>\n<p>\u201cPor suerte tenemos internacionales que pueden  vivir este tipo de experiencias y coger m\u00e1s poso. Y, mientras, aqu\u00ed aprovecharemos para tratar de seguir cogiendo ritmo con las no muchas jugadoras que nos quedan disponibles\u201d, dec\u00eda Miguel Etxeberria, t\u00e9cnico de Replasa y  quien conf\u00eda en poder seguir recuperando a alguna otra de las <strong>jugadoras lesionadas<\/strong> que a\u00fan tiene el equipo (Kelly Fonkeng, Mariana Costa, Estitxu Rodr\u00edguez, Libe Arruabarrena y Maialen Orba\u00f1anos). \u201cPoco a poco, algunas van entrando de nuevo en din\u00e1mica aunque l\u00f3gicamente les falta ritmo\u201d, se\u00f1alaba sobre la reciente reincorporaci\u00f3n de Laida Urbitarte y Maria Grasielly.<\/p>\n","protected":false},"excerpt":{"rendered":"Los socios-abonados de Replasa Beti Onak podr\u00e1n adquirir a partir de este martes 16 de septiembre sus entradas&hellip;\n","protected":false},"author":2,"featured_media":117982,"comment_status":"","ping_status":"","sticky":false,"template":"","format":"standard","meta":{"footnotes":""},"categories":[278],"tags":[663,376,7952,168,25,24,375,7953,7951,5028,23,167],"class_list":{"0":"post-117981","1":"post","2":"type-post","3":"status-publish","4":"format-standard","5":"has-post-thumbnail","7":"category-balonmano","8":"tag-abonados","9":"tag-balonmano","10":"tag-beti","11":"tag-deportes","12":"tag-es","13":"tag-espana","14":"tag-handball","15":"tag-onak","16":"tag-replasa","17":"tag-socios","18":"tag-spain","19":"tag-sports"},"share_on_mastodon":{"url":"","error":""},"_links":{"self":[{"href":"https:\/\/www.europesays.com\/es\/wp-json\/wp\/v2\/posts\/117981","targetHints":{"allow":["GET"]}}],"collection":[{"href":"https:\/\/www.europesays.com\/es\/wp-json\/wp\/v2\/posts"}],"about":[{"href":"https:\/\/www.europesays.com\/es\/wp-json\/wp\/v2\/types\/post"}],"author":[{"embeddable":true,"href":"https:\/\/www.europesays.com\/es\/wp-json\/wp\/v2\/users\/2"}],"replies":[{"embeddable":true,"href":"https:\/\/www.europesays.com\/es\/wp-json\/wp\/v2\/comments?post=117981"}],"version-history":[{"count":0,"href":"https:\/\/www.europesays.com\/es\/wp-json\/wp\/v2\/posts\/117981\/revisions"}],"wp:featuredmedia":[{"embeddable":true,"href":"https:\/\/www.europesays.com\/es\/wp-json\/wp\/v2\/media\/117982"}],"wp:attachment":[{"href":"https:\/\/www.europesays.com\/es\/wp-json\/wp\/v2\/media?parent=117981"}],"wp:term":[{"taxonomy":"category","embeddable":true,"href":"https:\/\/www.europesays.com\/es\/wp-json\/wp\/v2\/categories?post=117981"},{"taxonomy":"post_tag","embeddable":true,"href":"https:\/\/www.europesays.com\/es\/wp-json\/wp\/v2\/tags?post=117981"}],"curies":[{"name":"wp","href":"https:\/\/api.w.org\/{rel}","templated":true}]}}