{"id":117989,"date":"2025-09-16T03:55:10","date_gmt":"2025-09-16T03:55:10","guid":{"rendered":"https:\/\/www.europesays.com\/es\/117989\/"},"modified":"2025-09-16T03:55:10","modified_gmt":"2025-09-16T03:55:10","slug":"un-presidente-de-espana-que-boicotea","status":"publish","type":"post","link":"https:\/\/www.europesays.com\/es\/117989\/","title":{"rendered":"Un presidente de Espa\u00f1a que boicotea"},"content":{"rendered":"\n<p>  15\/09\/2025 &#8211; 15:38  Actualizado: 15\/09\/2025 &#8211; 15:38   <\/p>\n<ul class=\"bodyList bodyList--unordered\">\n<li class=\"bodyList__item\"><a href=\"https:\/\/www.elconfidencial.com\/espana\/2025-09-15\/1qrt-monologo-alsina-protestas-vuelta-gobierno_4208934\/\" target=\"_self\" rel=\"nofollow noopener\">El aplaudido mon\u00f3logo de Alsina hoy sobre las protestas de La Vuelta: \u00abEl Gobierno se comprometi\u00f3 a proteger, y o no quiso o no supo\u00bb<\/a><\/li>\n<li class=\"bodyList__item\"><a href=\"https:\/\/www.elconfidencial.com\/television\/programas-tv\/2025-09-15\/1qrt-juan-val-tajante-roca-vuelta-protestas_4208911\/\" target=\"_self\" rel=\"nofollow noopener\">Juan del Val, tajante en &#8216;La Roca&#8217; sobre las protestas propalestinas en La Vuelta: \u00abHabla bien de nosotros como pa\u00eds\u00bb<\/a><\/li>\n<\/ul>\n<p> La <strong>80\u00aa edici\u00f3n de la Vuelta a Espa\u00f1a<\/strong> deb\u00eda haber concluido con un gran espect\u00e1culo en la madrile\u00f1a plaza de Cibeles, pero lo cierto es que la \u00faltima etapa se convirti\u00f3 en un escenario de protestas. Las <a href=\"https:\/\/www.elconfidencial.com\/deportes\/ciclismo\/2025-09-15\/javier-guillen-la-vuelta-a-espana-boicot-israel_4209125\/\" target=\"_self\" rel=\"nofollow noopener\">manifestaciones propalestinas,<\/a> convocadas en contra de<strong> la participaci\u00f3n del equipo Israel-Premier Tech, <\/strong>forzaron a modificar el recorrido y obligaron a finalizar la carrera a 56 kil\u00f3metros de la meta prevista. Los incidentes no solo empa\u00f1aron el cierre de una de las competiciones ciclistas m\u00e1s importantes del mundo, sino que tambi\u00e9n <strong>han desatado un gran debate social y pol\u00edtico. <\/strong> <\/p>\n<p> Los disturbios obligaron a los agentes desplegados a intervenir. Seg\u00fan los primeros balances oficiales,<strong> dos manifestantes fueron detenidos y 22 polic\u00edas resultaron heridos tras las cargas.<\/strong> Las im\u00e1genes de los grupos que rompieron los cordones policiales, saltaron vallas y cortaron calles dieron la vuelta a los informativos y han provocado ahora un intenso debate sobre la gesti\u00f3n de las protestas en un evento deportivo internacional. <\/p>\n<blockquote class=\"twitter-tweet\">\n<p lang=\"es\" dir=\"ltr\">Hay d\u00edas en que uno tiene la impresi\u00f3n de ir a bordo de un autob\u00fas de suicidas. Un presidente de Espa\u00f1a que boicotea la Vuelta a Espa\u00f1a. Un delegado del Gobierno en Madrid que celebra que les partan la cara a veinte de sus polic\u00edas. Un ministro del Interior que desaparece en\u2026<\/p>\n<p>\u2014 Arturo P\u00e9rez-Reverte (@perezreverte) <a href=\"https:\/\/twitter.com\/perezreverte\/status\/1967569646514499696?ref_src=twsrc%5Etfw\" rel=\"nofollow noopener\" target=\"_blank\">September 15, 2025<\/a><\/p><\/blockquote>\n<p> Uno de los comentarios m\u00e1s llamativos en las \u00faltimas horas ha sido el de <strong>Arturo P\u00e9rez-Reverte. <\/strong>El acad\u00e9mico y novelista, conocido por no morderse la lengua, ha recurrido a la red social X (antes Twitter) para lanzar un mensaje claro. Su reflexi\u00f3n, cargada de iron\u00eda, ha generado en pocos minutos <strong>miles de reacciones<\/strong> en la red social.  <\/p>\n<p> \u201cHay d\u00edas en que uno tiene la impresi\u00f3n de ir a bordo de un autob\u00fas de suicidas. Un presidente de Espa\u00f1a que boicotea la Vuelta a Espa\u00f1a. Un delegado del Gobierno en Madrid que celebra que les partan la cara a veinte de sus polic\u00edas. <strong>Un ministro del Interior que desaparece en cuanto surge un problema. <\/strong>Una oposici\u00f3n paralizada como un conejo ante los faros de un autom\u00f3vil, recibiendo bofetadas y tartas en la cara como un payaso de circo\u00bb, ha escrito P\u00e9rez-Reverte en su cuenta de &#8216;X&#8217;.  <\/p>\n<p>              <img decoding=\"async\" class=\"inTextNews__img\" alt=\"Foto: sanchez-alienta-que-la-protestas\" src=\"https:\/\/www.europesays.com\/es\/wp-content\/uploads\/2025\/09\/f.elconfidencial.com\/original\/bd8\/425\/845\/bd8425845e25540e7076501b703746d8.jpg\"  \/>     <\/p>\n<p>TE PUEDE INTERESAR<\/p>\n<p>      <a class=\"inTextNews__title\" href=\"https:\/\/www.elconfidencial.com\/espana\/2025-09-15\/sanchez-alienta-que-la-protestas_4209127\/\" onclick=\"window.ECCO.emit(&#039;amplitude&#039;, { dataEventName: &#039;click_related_article_module&#039;, data: { related_article_url: &#039;https:\/\/www.elconfidencial.com\/espana\/2025-09-15\/sanchez-alienta-que-la-protestas_4209127\/&#039;, related_article_author: &#039;Marisol Hern\u00e1ndez&#039;, related_article_section: &#039;espana&#039; } })\" rel=\"nofollow noopener\" target=\"_blank\"> S\u00e1nchez alienta que las protestas \u00abpac\u00edficas\u00bb contra Israel se repliquen en todo el mundo <\/a>   <\/p>\n<p>    Marisol Hern\u00e1ndez   <\/p>\n<p> Pero su comentario no ha quedado ah\u00ed. El escritor ha asegurado que <strong>\u00aba bordo de ese autob\u00fas lleno de suicidas habr\u00eda gritado hace a\u00f1os: \u2018\u00a1Paren, que me bajo!\u2019\u00bb.<\/strong> Sin embargo, tal y como \u00e9l mismo ha puntualizado en el mensaje publicado en &#8216;X&#8217;, su visi\u00f3n ahora es muy diferente. \u00abAhora, sin embargo, lo que tengo es curiosidad por <strong>ver qu\u00e9 ocurre cuando todos nos vayamos al carajo <\/strong>por el acantilado\u201d, ha escrito.  <\/p>\n<p> En las \u00faltimas horas, diferentes personalidades del mundo de la pol\u00edtica y el entretenimiento se han manifestado al respecto de lo ocurrido en la capital durante la tarde del domingo. Mientras algunos<strong> han definido lo sucedido en Madrid <\/strong>como una respuesta colectiva en apoyo a Palestina, otros han criticado los hechos y la gesti\u00f3n del Ejecutivo ante las protestas.  <\/p>\n<p> Por su parte, el director de la Vuelta a Espa\u00f1a<strong>, Javier Guill\u00e9n, <\/strong>ha mostrado este lunes su malestar por la imagen que dej\u00f3 la \u00faltima etapa en Madrid. El responsable de la ronda ha exigido \u201crespeto\u201d hacia la prueba y los ciclistas, adem\u00e1s de confiar en que un episodio similar no vuelva a repetirse. <\/p>\n<p> \u201cLo que ocurri\u00f3 en el circuito es absolutamente inaceptable.<strong> No podemos extraer nada positivo de lo que pas\u00f3 el domingo<\/strong> y lamento profundamente la imagen que se transmiti\u00f3. Son hechos que no deber\u00edan repetirse nunca. Manifestarse y disfrutar del deporte pod\u00edan haber convivido\u201d, ha se\u00f1alado.  <\/p>\n<p>         <script async src=\"https:\/\/platform.twitter.com\/widgets.js\" charset=\"utf-8\"><\/script><\/p>\n","protected":false},"excerpt":{"rendered":"15\/09\/2025 &#8211; 15:38 Actualizado: 15\/09\/2025 &#8211; 15:38 El aplaudido mon\u00f3logo de Alsina hoy sobre las protestas de La&hellip;\n","protected":false},"author":2,"featured_media":117990,"comment_status":"","ping_status":"","sticky":false,"template":"","format":"standard","meta":{"footnotes":""},"categories":[273],"tags":[313,312,168,25,24,23,167],"class_list":{"0":"post-117989","1":"post","2":"type-post","3":"status-publish","4":"format-standard","5":"has-post-thumbnail","7":"category-ciclismo","8":"tag-ciclismo","9":"tag-cycling","10":"tag-deportes","11":"tag-es","12":"tag-espana","13":"tag-spain","14":"tag-sports"},"share_on_mastodon":{"url":"","error":""},"_links":{"self":[{"href":"https:\/\/www.europesays.com\/es\/wp-json\/wp\/v2\/posts\/117989","targetHints":{"allow":["GET"]}}],"collection":[{"href":"https:\/\/www.europesays.com\/es\/wp-json\/wp\/v2\/posts"}],"about":[{"href":"https:\/\/www.europesays.com\/es\/wp-json\/wp\/v2\/types\/post"}],"author":[{"embeddable":true,"href":"https:\/\/www.europesays.com\/es\/wp-json\/wp\/v2\/users\/2"}],"replies":[{"embeddable":true,"href":"https:\/\/www.europesays.com\/es\/wp-json\/wp\/v2\/comments?post=117989"}],"version-history":[{"count":0,"href":"https:\/\/www.europesays.com\/es\/wp-json\/wp\/v2\/posts\/117989\/revisions"}],"wp:featuredmedia":[{"embeddable":true,"href":"https:\/\/www.europesays.com\/es\/wp-json\/wp\/v2\/media\/117990"}],"wp:attachment":[{"href":"https:\/\/www.europesays.com\/es\/wp-json\/wp\/v2\/media?parent=117989"}],"wp:term":[{"taxonomy":"category","embeddable":true,"href":"https:\/\/www.europesays.com\/es\/wp-json\/wp\/v2\/categories?post=117989"},{"taxonomy":"post_tag","embeddable":true,"href":"https:\/\/www.europesays.com\/es\/wp-json\/wp\/v2\/tags?post=117989"}],"curies":[{"name":"wp","href":"https:\/\/api.w.org\/{rel}","templated":true}]}}