{"id":117995,"date":"2025-09-16T03:58:09","date_gmt":"2025-09-16T03:58:09","guid":{"rendered":"https:\/\/www.europesays.com\/es\/117995\/"},"modified":"2025-09-16T03:58:09","modified_gmt":"2025-09-16T03:58:09","slug":"batista-mendy-ancla-el-centro-del-campo-del-sevilla-de-almeyda","status":"publish","type":"post","link":"https:\/\/www.europesays.com\/es\/117995\/","title":{"rendered":"Batista Mendy ancla el centro del campo del Sevilla de Almeyda"},"content":{"rendered":"<p><img decoding=\"async\" class=\"voc-author__img\" src=\"https:\/\/www.europesays.com\/es\/wp-content\/uploads\/2025\/07\/autor-3502-foto-3.png\" alt=\"Jes\u00fas Sevillano\"\/><\/p>\n<p>15\/09\/2025<br \/>\n<br \/><strong><br \/>\nActualizado a las 22:35h.<br \/>\n<\/strong><\/p>\n<p class=\"voc-p\" style=\"\">El debut de Batista Mendy con el Sevilla ante el Elche dej\u00f3 pistas interesantes de lo que puede aportar al equipo. El franc\u00e9s, que lleg\u00f3 cedido desde el Trabzonspor con opci\u00f3n de compra, ocup\u00f3 un lugar en el mediocentro en el S\u00e1nchez-Pizju\u00e1n el d\u00eda del empate 2-2. <\/p>\n<p class=\"voc-p\" style=\"\">Lo primero que llam\u00f3 la atenci\u00f3n fue su presencia f\u00edsica: mide 1,91, tiene buen porte, capacidad de imponerse en disputas y de usar su cuerpo para proteger el bal\u00f3n. Su rol fue  de contenci\u00f3n, de enlace entre defensa y ataque, intentando cubrir espacios, presionar al rival cuando el Sevilla lo exig\u00eda y participar en la salida del bal\u00f3n desde atr\u00e1s. <\/p>\n<p class=\"voc-p\" style=\"\">En cuanto a sus intervenciones concretas, gener\u00f3 faltas a su favor, hizo contribuciones defensivas en fases complicadas, y estuvo activo para dar apoyo en transiciones. Tambi\u00e9n sufri\u00f3 cierto desgaste propio de los primeros partidos \u2014 algunas p\u00e9rdidas de bal\u00f3n, tiempos de reacci\u00f3n mejorables \u2014 pero  comprensible al estar todav\u00eda adapt\u00e1ndose a un nuevo club, nuevo entorno y exigencias distintas. <\/p>\n<p class=\"voc-p\" style=\"\">El Sevilla necesitaba precisamente m\u00fasculo y orden ah\u00ed en el centro del campo, ya que el partido ante Elche mostr\u00f3 c\u00f3mo el rival le gan\u00f3 terreno en la segunda mitad. En ese sentido, Batista Mendy hizo su trabajo de minimizar da\u00f1os, aportar esfuerzo y car\u00e1cter, aunque no fue suficiente para mantener la ventaja que Sevilla hab\u00eda logrado. <\/p>\n<p class=\"voc-p\" style=\"\">Su estreno fue prometedor m\u00e1s por lo que insin\u00faa que por lo que resolvi\u00f3. Tiene atributos que pueden ser muy \u00fatiles al Sevilla: f\u00edsico, agresividad en la presi\u00f3n, capacidad de implicarse tanto defensiva como ofensivamente, aunque a\u00fan debe ganar en timing, en lectura de juego bajo presi\u00f3n y seguramente en confianza para tomar decisiones r\u00e1pidas. De momento, ya es titular para Almeyda en el centro del campo y ha superado en este rol a otros futbolistas, como Djibril Sow.<\/p>\n<p>Reportar un error<\/p>\n","protected":false},"excerpt":{"rendered":"15\/09\/2025 Actualizado a las 22:35h. El debut de Batista Mendy con el Sevilla ante el Elche dej\u00f3 pistas&hellip;\n","protected":false},"author":2,"featured_media":117996,"comment_status":"","ping_status":"","sticky":false,"template":"","format":"standard","meta":{"footnotes":""},"categories":[268],"tags":[1364,39321,39320,5716,245,168,25,24,280,282,19727,1171,281,23,167],"class_list":{"0":"post-117995","1":"post","2":"type-post","3":"status-publish","4":"format-standard","5":"has-post-thumbnail","7":"category-futbol","8":"tag-almeyda","9":"tag-ancla","10":"tag-batista","11":"tag-campo","12":"tag-centro","13":"tag-deportes","14":"tag-es","15":"tag-espana","16":"tag-football","17":"tag-futbol","18":"tag-mendy","19":"tag-sevilla","20":"tag-soccer","21":"tag-spain","22":"tag-sports"},"share_on_mastodon":{"url":"","error":""},"_links":{"self":[{"href":"https:\/\/www.europesays.com\/es\/wp-json\/wp\/v2\/posts\/117995","targetHints":{"allow":["GET"]}}],"collection":[{"href":"https:\/\/www.europesays.com\/es\/wp-json\/wp\/v2\/posts"}],"about":[{"href":"https:\/\/www.europesays.com\/es\/wp-json\/wp\/v2\/types\/post"}],"author":[{"embeddable":true,"href":"https:\/\/www.europesays.com\/es\/wp-json\/wp\/v2\/users\/2"}],"replies":[{"embeddable":true,"href":"https:\/\/www.europesays.com\/es\/wp-json\/wp\/v2\/comments?post=117995"}],"version-history":[{"count":0,"href":"https:\/\/www.europesays.com\/es\/wp-json\/wp\/v2\/posts\/117995\/revisions"}],"wp:featuredmedia":[{"embeddable":true,"href":"https:\/\/www.europesays.com\/es\/wp-json\/wp\/v2\/media\/117996"}],"wp:attachment":[{"href":"https:\/\/www.europesays.com\/es\/wp-json\/wp\/v2\/media?parent=117995"}],"wp:term":[{"taxonomy":"category","embeddable":true,"href":"https:\/\/www.europesays.com\/es\/wp-json\/wp\/v2\/categories?post=117995"},{"taxonomy":"post_tag","embeddable":true,"href":"https:\/\/www.europesays.com\/es\/wp-json\/wp\/v2\/tags?post=117995"}],"curies":[{"name":"wp","href":"https:\/\/api.w.org\/{rel}","templated":true}]}}