{"id":117997,"date":"2025-09-16T03:59:12","date_gmt":"2025-09-16T03:59:12","guid":{"rendered":"https:\/\/www.europesays.com\/es\/117997\/"},"modified":"2025-09-16T03:59:12","modified_gmt":"2025-09-16T03:59:12","slug":"lequio-me-decia-que-estaba-enamorado-de-mi-que-la-obregon-habia-sido-una-m-en-su-vida-comparada-conmigo","status":"publish","type":"post","link":"https:\/\/www.europesays.com\/es\/117997\/","title":{"rendered":"Lequio me dec\u00eda que estaba enamorado de m\u00ed, que la Obreg\u00f3n hab\u00eda sido una m\u2026 en su vida comparada conmigo"},"content":{"rendered":"<p><img loading=\"lazy\" decoding=\"async\" src=\"https:\/\/www.europesays.com\/es\/wp-content\/uploads\/2025\/08\/100x100_informalia-logo.jpg\" itemtype=\"\/\/schema.org\/ImageObject\" itemprop=\"url\" alt=\"Informalia\" width=\"64\" height=\"64\" pinger-seen=\"true\"\/><\/p>\n<p>El tsunami medi\u00e1tico provocado por las memorias de <b>Mar Flores<\/b> ha puesto en la primera l\u00ednea a uno de los hombres que protagonizaron la agitada vida amorosa de la modelo, <b>Alessandro Lequio<\/b>. El conde italiano le ha dado r\u00e9plica a la autora desde distintas plataformas, indignado y molesto por lo que tilda de \u00abficci\u00f3n\u00bb y \u00abverdad deformada\u00bb, afirmando que su ex miente m\u00e1s que habla y que no se identifica con el ser falso y manipulador que ella retrata en sus p\u00e1ginas: \u00abMe dijo que estaba enamorado de m\u00ed, que la Obreg\u00f3n hab\u00eda sido una mierda en su vida comparada conmigo. Y yo me lo cre\u00ed\u00bb, cuenta la madre de Carlo Costanzia.<\/p>\n<p>Se conocieron en Galicia durante un desfile y, seg\u00fan ella, Lequio utiliz\u00f3 a su hijo y la informaci\u00f3n que ten\u00eda sobre \u00e9l (a quien su padre hab\u00eda llevado a Italia sin permiso de la madre) para cautivarla. \u00abNo me fiaba de \u00e9l, pero me cazaron por los sentimientos\u00bb, confiesa. \u00abSiempre utilizaba a mi hijo como excusa. Me llamaba para decirme que lo hab\u00eda visto, que estaba bien. As\u00ed comenz\u00f3 a captarme\u00bb. Lo que al principio fue un contacto \u00fatil y tranquilizador se transform\u00f3 en una relaci\u00f3n pasional de la que Fern\u00e1ndez Tapias, presente todav\u00eda en su vida, le advirti\u00f3: \u00abMe dijo que me estaba equivocando y de que Lequio me iba a perjudicar\u00bb.<\/p>\n<p>El esc\u00e1ndalo no tard\u00f3 el llegar: las famosas fotograf\u00edas de ambos en la cama de un hotel que llegaron a la portada de Intervi\u00fa y cuya autor\u00eda Mar Flores atribuye a Lequio: \u00abMe dej\u00e9 llevar porque estaba enamorada. Jam\u00e1s pude sospechar su doble juego. Pero Fernando me advirti\u00f3: &#8216;Esas fotos te las est\u00e1 haciendo \u00e9l. Te est\u00e1 utilizando y no te das cuenta\u00bb. Ella insiste en que nunca pens\u00f3 que aquellas fotos tuvieran otra finalidad que la \u00edntima. \u00abCuando volv\u00ed a Espa\u00f1a empec\u00e9 a pensar que hab\u00eda cometido una estupidez. Le ped\u00ed los negativos a Lequio y me los dio, aunque aquella noche la pas\u00e9 con \u00e9l. Hubiera hecho cualquier cosa para recuperarlos\u00bb.<\/p>\n<p><a href=\"https:\/\/www.eleconomista.es\/informalia\/famosos\/noticias\/13535592\/09\/25\/alessandro-lequio-ataca-a-mar-flores-tras-sus-dardos-por-la-portada-de-interviu-el-unico-soltero-era-yo.html\" rel=\"nofollow noopener\" target=\"_blank\">La versi\u00f3n de Lequio, sin embargo, es muy distinta<\/a>: \u00abLas fotos nos las hicimos los dos con una camarita de fotos, los dos en la cama. Llev\u00e1bamos un a\u00f1o de relaci\u00f3n,<b> <\/b>nos ponemos con una camarita de tontos y nos hacemos esas fotos. Mar flores tiene una imaginaci\u00f3n tan activa que perfectamente podr\u00eda escribir ficci\u00f3n. La pena es que crea que es una autobiograf\u00eda. Y que conste que yo no tengo nada en contra de la ficci\u00f3n siempre y cuando no se presente como una memoria real\u00bb. E insiste: \u00abLas copias las tiene el marido de la hermana de Mar Flores que es Kiko Matamoros, que era su representante en ese momento. Yo no ten\u00eda copias. Las tenia el fot\u00f3grafo amigo ya no m\u00e1s amigo Miguel Temprano. A m\u00ed se me se\u00f1al\u00f3 y yo no fui. Yo no. Ella lo sabe perfectamente, eso fue dos a\u00f1os despu\u00e9s de nuestra relaci\u00f3n. Ella estaba saliendo con otra persona y yo ya viv\u00eda otra vida. No tengo nada que ver con aquello\u00bb.<\/p>\n<p>Las cartas de Alessandro Lequio<\/p>\n<p>El cabreo del italiano es evidente y eso que no es la primera vez que Mar habla de su historia. Ni la peor. Porque hace a\u00f1os que la modelo lo tild\u00f3 de aprovechado, fr\u00edo y obsesivo. Desvel\u00f3 que, tras la ruptura, Lequio le hab\u00eda escrito cartas de su pu\u00f1o y letra que hoy todav\u00eda conserva y de las que ofreci\u00f3 un adelanto al periodista Fernando M\u00fagica en 2001 que ahora ha decidido guardar en el caj\u00f3n, probablemente a la espera de una segunda parte. \u00abTe escribo desde el avi\u00f3n despu\u00e9s de estas tres noches maravillosas que hemos pasado juntos&#8230; Puedo asegurarte que no eres una aventura para m\u00ed&#8230; Tengo que hacer grandes esfuerzos para no gritar tu nombre a los cuatro vientos y todo lo que significas para m\u00ed&#8230; S\u00e9 que piensas cosas negativas de m\u00ed, quieres resguardarte porque piensas que alg\u00fan d\u00eda pueda traicionarte. Cr\u00e9eme, amor, que en ning\u00fan momento lo he pensado\u00bb, escribi\u00f3 el conde. \u00abYo, Mar, no soy una persona que pueda traerte complicaciones, cr\u00e9eme cuando te hablo (&#8230;) Quiero ser tu proyecto m\u00e1s importante, porque t\u00fa lo eres para m\u00ed. Siempre tuyo: Alessandro\u00bb. Y otra m\u00e1s: \u00abMar, no entiendo nada. Me gustar\u00eda saber qu\u00e9 co\u00f1o ha pasado. Por qu\u00e9 no llamas. Estoy muy mal, pero verdaderamente muy mal. Estoy enamorado de ti, \u00bfquieres entenderlo?\u00bb. El \u00faltimo mensaje lo recibi\u00f3 Mar el 26 de marzo de 1997: \u00abNunca en mi vida hubiera jugado con las fotos. Tienes todas las copias. \u00bfO crees que me he guardado alguna? No me conoces&#8230; Ana y Antonia son el pasado y t\u00fa eres el futuro. Caes muy bajo si crees que soy capaz de traicionarte. Estoy empezando a cabrearme. Te estoy esperando. T\u00fa no me conoces. La gente te est\u00e1 influyendo tanto que te est\u00e1 convirtiendo en ciega. Estoy enamorado de ti y lo \u00fanico que he querido hacer era ponerte entre la espada y la pared para que decidieras tu futuro. Me est\u00e1s haciendo sufrir. Estoy tan mal que ni te imaginas. Con tu comportamiento pienso que t\u00fa no me amas. \u00bfQu\u00e9 esperas? \u00bfCu\u00e1l es tu miedo? Estoy loco por ti y estoy mal. Estoy empezando a cabrearme. Te estoy esperando. Alessandro\u00bb.<\/p>\n<p>Durante esta charla, Mar aprovech\u00f3 para lanzar a Alessandro algunos dardos envenenados y tirar por tierra su fama de &#8216;semental&#8217; muy bien dotado: \u00abNuestra relaci\u00f3n era m\u00e1s pasional que la que yo hab\u00eda tenido con Tapias, pero tampoco como se pueda imaginar. Por cierto, las fotos que se publicaron de Lequio desnudo en una revista pienso que estaban trucadas. La realidad era m\u00e1s normal\u00bb. Y a\u00f1adi\u00f3: \u00abYo no ganaba nada con \u00e9l desde el punto de vista material. Hab\u00eda dejado a todo un se\u00f1or potentado (Tapias) por un mierdecilla sin un duro\u00bb.<\/p>\n<p>Est\u00e1 claro que Mar, a pesar de los a\u00f1os, ni perdona ni olvida: \u00abDe este se\u00f1or he visto im\u00e1genes en las que se pone muy nervioso en la televisi\u00f3n, a lo mejor tiene que ir a terapia a que le quiten esa agresividad\u00bb, <a href=\"https:\/\/www.eleconomista.es\/informalia\/television\/noticias\/13541411\/09\/25\/los-titulares-de-mar-flores-en-su-duelo-televisivo-con-lequio-que-no-digan-que-lo-que-yo-digo-no-es-la-verdad.html\" rel=\"nofollow noopener\" target=\"_blank\">dijo hace unos d\u00edas en El Hormiguero.<\/a> Y lanz\u00f3 un aviso para los que se atrevan a negarla: \u00abTengo todo guardado, en mi vida he tenido que presentar muchas demandas, antes hab\u00eda cintas de contestador autom\u00e1tico, tengo cartas de Lequio pidi\u00e9ndome perd\u00f3n&#8230; Si a \u00e9l se le ha olvidado, no pasa nada\u00bb.<\/p>\n<p>WhatsApp<a href=\"https:\/\/api.whatsapp.com\/send?text=https:\/\/www.eleconomista.es\/informalia\/famosos\/noticias\/13546670\/09\/25\/mar-flores-lequio-me-decia-que-estaba-enamorado-de-mi-que-la-obregon-habia-sido-una-mierda-en-su-vida-comparada-conmigo.html?utm_source%3Dwhatsapp%26utm_medium%3Dshare_button&amp;id=1648118629957_whatsapp\" target=\"_blank\" data-action=\"share\/whatsapp\/share\" aria-label=\"Compartir en Whatsapp\" rel=\"nofollow noopener\"><\/a>Facebook<a id=\"fb-share\" href=\"#\" target=\"_blank\" rel=\"noopener noreferrer\" aria-label=\"Compartir en Facebook\"><\/a>Twitter<a href=\"https:\/\/twitter.com\/share?text=Mar+Flores%3A+%22Lequio+me+dec%C3%ADa+que+estaba+enamorado+de+m%C3%AD%2C+que+la+Obreg%C3%B3n+hab%C3%ADa+sido+una+m%E2%80%A6+en+su+vida+comparada+conmigo%22&amp;url=https:\/\/www.eleconomista.es\/informalia\/famosos\/noticias\/13546670\/09\/25\/mar-flores-lequio-me-decia-que-estaba-enamorado-de-mi-que-la-obregon-habia-sido-una-mierda-en-su-vida-comparada-conmigo.html&amp;via=Informalia&amp;id=1648118839245_twitter\" target=\"_blank\" aria-label=\"Compartir en Twitter\" rel=\"nofollow noopener\"><\/a>Linkedin<a onclick=\"return abrirLinkedin();\" href=\"https:\/\/www.linkedin.com\/shareArticle?text=Mar+Flores%3A+%22Lequio+me+dec%C3%ADa+que+estaba+enamorado+de+m%C3%AD%2C+que+la+Obreg%C3%B3n+hab%C3%ADa+sido+una+m%E2%80%A6+en+su+vida+comparada+conmigo%22&amp;url=https:\/\/www.eleconomista.es\/informalia\/famosos\/noticias\/13546670\/09\/25\/mar-flores-lequio-me-decia-que-estaba-enamorado-de-mi-que-la-obregon-habia-sido-una-mierda-en-su-vida-comparada-conmigo.html&amp;mini=true\" target=\"_blank\" aria-label=\"Compartir en linkedin\" rel=\"nofollow noopener\"><\/a>Beloud<a href=\"https:\/\/beloud.com\/share?text=Mar+Flores%3A+%22Lequio+me+dec%C3%ADa+que+estaba+enamorado+de+m%C3%AD%2C+que+la+Obreg%C3%B3n+hab%C3%ADa+sido+una+m%E2%80%A6+en+su+vida+comparada+conmigo%22&amp;url=https:\/\/www.eleconomista.es\/informalia\/famosos\/noticias\/13546670\/09\/25\/mar-flores-lequio-me-decia-que-estaba-enamorado-de-mi-que-la-obregon-habia-sido-una-mierda-en-su-vida-comparada-conmigo.html&amp;via=Informalia&amp;id=1648118839245_beloud\" target=\"_blank\" aria-label=\"Compartir en beloud\" rel=\"nofollow noopener\"><\/a>Bluesky<a href=\"https:\/\/bsky.app\/intent\/compose?text=https:\/\/bsky.app\/intent\/compose?text=https:\/\/www.eleconomista.es\/informalia\/famosos\/noticias\/13546670\/09\/25\/mar-flores-lequio-me-decia-que-estaba-enamorado-de-mi-que-la-obregon-habia-sido-una-mierda-en-su-vida-comparada-conmigo.html&amp;url=https:\/\/www.eleconomista.es\/informalia\/famosos\/noticias\/13546670\/09\/25\/mar-flores-lequio-me-decia-que-estaba-enamorado-de-mi-que-la-obregon-habia-sido-una-mierda-en-su-vida-comparada-conmigo.html&amp;via=elEconomistaes&amp;id=1648118839245_bluesky\" target=\"_blank\" aria-label=\"Compartir en bluesky\" rel=\"nofollow noopener\"><\/a><\/p>\n<p><script async src=\"https:\/\/platform.twitter.com\/widgets.js\" charset=\"utf-8\"><\/script><\/p>\n","protected":false},"excerpt":{"rendered":"El tsunami medi\u00e1tico provocado por las memorias de Mar Flores ha puesto en la primera l\u00ednea a uno&hellip;\n","protected":false},"author":2,"featured_media":117998,"comment_status":"","ping_status":"","sticky":false,"template":"","format":"standard","meta":{"footnotes":""},"categories":[174],"tags":[255,146,147,25,24,256,260,23],"class_list":{"0":"post-117997","1":"post","2":"type-post","3":"status-publish","4":"format-standard","5":"has-post-thumbnail","7":"category-famosos","8":"tag-celebrities","9":"tag-entertainment","10":"tag-entretenimiento","11":"tag-es","12":"tag-espana","13":"tag-famosos","14":"tag-gente","15":"tag-spain"},"share_on_mastodon":{"url":"","error":""},"_links":{"self":[{"href":"https:\/\/www.europesays.com\/es\/wp-json\/wp\/v2\/posts\/117997","targetHints":{"allow":["GET"]}}],"collection":[{"href":"https:\/\/www.europesays.com\/es\/wp-json\/wp\/v2\/posts"}],"about":[{"href":"https:\/\/www.europesays.com\/es\/wp-json\/wp\/v2\/types\/post"}],"author":[{"embeddable":true,"href":"https:\/\/www.europesays.com\/es\/wp-json\/wp\/v2\/users\/2"}],"replies":[{"embeddable":true,"href":"https:\/\/www.europesays.com\/es\/wp-json\/wp\/v2\/comments?post=117997"}],"version-history":[{"count":0,"href":"https:\/\/www.europesays.com\/es\/wp-json\/wp\/v2\/posts\/117997\/revisions"}],"wp:featuredmedia":[{"embeddable":true,"href":"https:\/\/www.europesays.com\/es\/wp-json\/wp\/v2\/media\/117998"}],"wp:attachment":[{"href":"https:\/\/www.europesays.com\/es\/wp-json\/wp\/v2\/media?parent=117997"}],"wp:term":[{"taxonomy":"category","embeddable":true,"href":"https:\/\/www.europesays.com\/es\/wp-json\/wp\/v2\/categories?post=117997"},{"taxonomy":"post_tag","embeddable":true,"href":"https:\/\/www.europesays.com\/es\/wp-json\/wp\/v2\/tags?post=117997"}],"curies":[{"name":"wp","href":"https:\/\/api.w.org\/{rel}","templated":true}]}}