{"id":118001,"date":"2025-09-16T04:04:08","date_gmt":"2025-09-16T04:04:08","guid":{"rendered":"https:\/\/www.europesays.com\/es\/118001\/"},"modified":"2025-09-16T04:04:08","modified_gmt":"2025-09-16T04:04:08","slug":"mariachis-irrumpen-en-demon-salyer-con-musica-de-toy-story-unotv","status":"publish","type":"post","link":"https:\/\/www.europesays.com\/es\/118001\/","title":{"rendered":"mariachis irrumpen en Demon Salyer con m\u00fasica de Toy Story- UnoTV"},"content":{"rendered":"<p>GENERANDO AUDIO&#8230; <\/p>\n<p><img fetchpriority=\"high\" decoding=\"async\" width=\"1024\" height=\"576\" src=\"https:\/\/www.europesays.com\/es\/wp-content\/uploads\/2025\/09\/befunky-photo-2025-09-08t091639.194-1-1-091011-1024x576.jpg\" alt=\"premier demon slayer\" class=\"wp-image-1837970\"  \/>Final inesperado para los fans de Kimetsu no Yaiba. Foto: Roberto Tovar<\/p>\n<p>Un grupo de <strong>mariachis<\/strong> se volvi\u00f3 viral tras<strong> equivocarse de sala de cine.<\/strong> Los m\u00fasicos entraron al final del estreno de <strong>Demon Slayer: Castillo infinito<\/strong> y tocaron \u201cYo soy tu amigo fiel\u201d, tema ic\u00f3nico de <strong>Toy Story<\/strong>, provocando sorpresa y risas entre los asistentes.<\/p>\n<p>El ic\u00f3nico momento se volvi\u00f3 viral en redes sociales, donde testigos grabaron la extra\u00f1a escena que s\u00f3lo podr\u00eda ocurrir en el <strong>M\u00e9xico M\u00e1gico.<\/strong><\/p>\n<p>Final inesperado para los fans de Kimetsu no Yaiba<\/p>\n<p>La cinta de <strong>Kimetsu no Yaiba<\/strong> dej\u00f3 un cierre lleno de drama y emoci\u00f3n. Sin embargo, ese ambiente se rompi\u00f3 de golpe cuando<strong> los mariachis aparecieron<\/strong> con trompetas y guitarras, <strong>listos para animar la sala.<\/strong><\/p>\n<p>Ocho mariachis, vestidos con sus trajes t\u00edpicos y sus instrumentos, alegraron a los asistentes quienes ten\u00edan la sala llena y sus combos vac\u00edos.<\/p>\n<p>Seg\u00fan testigos, los m\u00fasicos estaban contratados para una funci\u00f3n especial por el <strong>30 aniversario de Toy Story<\/strong>, pero por error entraron a la proyecci\u00f3n de <strong>Demon Slayer<\/strong>.<\/p>\n<p>Mariachis alegran funci\u00f3n de Demon Slayer<\/p>\n<p>El p\u00fablico, a\u00fan conmovido por la <strong>intensidad del final, <\/strong>termin\u00f3 riendo y cantando al ritmo de la popular canci\u00f3n de <strong>Disney-Pixar. <\/strong>Videos del momento r\u00e1pidamente se viralizaron en <strong>redes sociales<\/strong>, donde los fans bautizaron la escena como un cruce inesperado entre<strong> dos mundos que nadie imaginaba.<\/strong><\/p>\n<p>Usuarios bromearon con que el \u201calma de Rengoku envi\u00f3 a los mariachis desde el m\u00e1s all\u00e1 para levantar el \u00e1nimo\u201d. Otros aseguraron que se trat\u00f3 de una broma planeada y<strong> no de un error genuino.<\/strong><\/p>\n<p>\u00c9stos son algunos de los comentarios:<\/p>\n<ul class=\"wp-block-list\">\n<li>\u201cDe tragedia \u00e9pica a fiesta mexicana en 5 segundos\u201d.<\/li>\n<li>\u201cYo llorando por los Hashira\u2026 y de repente: \u2018Yo soy tu amigo fiel\u2019\u201d.<\/li>\n<li>\u201cEl multiverso se expande\u201d.<\/li>\n<\/ul>\n<p><strong>[\u00bfYA CONOCES EL CANAL DE WHATSAPP DE UNO TV?\u00a0<a href=\"https:\/\/whatsapp.com\/channel\/0029Va9G99vBvvsdrBW68l2Q\" target=\"_blank\" rel=\"noreferrer noopener nofollow\">Da clic aqu\u00ed, s\u00edguenos y obt\u00e9n informaci\u00f3n \u00fatil para tu d\u00eda a d\u00eda<\/a>]<\/strong><\/p>\n","protected":false},"excerpt":{"rendered":"GENERANDO AUDIO&#8230; Final inesperado para los fans de Kimetsu no Yaiba. Foto: Roberto Tovar Un grupo de mariachis&hellip;\n","protected":false},"author":2,"featured_media":118002,"comment_status":"","ping_status":"","sticky":false,"template":"","format":"standard","meta":{"footnotes":""},"categories":[169],"tags":[177,146,147,25,24,176,175,23,2338],"class_list":{"0":"post-118001","1":"post","2":"type-post","3":"status-publish","4":"format-standard","5":"has-post-thumbnail","7":"category-cine","8":"tag-cine","9":"tag-entertainment","10":"tag-entretenimiento","11":"tag-es","12":"tag-espana","13":"tag-film","14":"tag-movies","15":"tag-spain","16":"tag-video"},"share_on_mastodon":{"url":"","error":""},"_links":{"self":[{"href":"https:\/\/www.europesays.com\/es\/wp-json\/wp\/v2\/posts\/118001","targetHints":{"allow":["GET"]}}],"collection":[{"href":"https:\/\/www.europesays.com\/es\/wp-json\/wp\/v2\/posts"}],"about":[{"href":"https:\/\/www.europesays.com\/es\/wp-json\/wp\/v2\/types\/post"}],"author":[{"embeddable":true,"href":"https:\/\/www.europesays.com\/es\/wp-json\/wp\/v2\/users\/2"}],"replies":[{"embeddable":true,"href":"https:\/\/www.europesays.com\/es\/wp-json\/wp\/v2\/comments?post=118001"}],"version-history":[{"count":0,"href":"https:\/\/www.europesays.com\/es\/wp-json\/wp\/v2\/posts\/118001\/revisions"}],"wp:featuredmedia":[{"embeddable":true,"href":"https:\/\/www.europesays.com\/es\/wp-json\/wp\/v2\/media\/118002"}],"wp:attachment":[{"href":"https:\/\/www.europesays.com\/es\/wp-json\/wp\/v2\/media?parent=118001"}],"wp:term":[{"taxonomy":"category","embeddable":true,"href":"https:\/\/www.europesays.com\/es\/wp-json\/wp\/v2\/categories?post=118001"},{"taxonomy":"post_tag","embeddable":true,"href":"https:\/\/www.europesays.com\/es\/wp-json\/wp\/v2\/tags?post=118001"}],"curies":[{"name":"wp","href":"https:\/\/api.w.org\/{rel}","templated":true}]}}