{"id":118007,"date":"2025-09-16T04:07:10","date_gmt":"2025-09-16T04:07:10","guid":{"rendered":"https:\/\/www.europesays.com\/es\/118007\/"},"modified":"2025-09-16T04:07:10","modified_gmt":"2025-09-16T04:07:10","slug":"masterchef-celebrity-10-evito-la-expulsion-de-juanjo-bona-con-un-giro-inedito-que-acabo-con-otra-eliminada","status":"publish","type":"post","link":"https:\/\/www.europesays.com\/es\/118007\/","title":{"rendered":"&#8216;MasterChef Celebrity 10&#8217; evit\u00f3 la expulsi\u00f3n de Juanjo Bona con un giro in\u00e9dito, que acab\u00f3 con otra eliminada"},"content":{"rendered":"<p class=\"article-text\">\n        Ll\u00e1malo destino o ll\u00e1malo <strong>MasterChef Celebrity 10<\/strong>, el caso es que en la entrega de esta semana, <strong>Juanjo Bona<\/strong> iba a ser el expulsado y al final <strong>Pepe, Jordi y Samantha <\/strong>dieron un giro que acab\u00f3 con la expulsi\u00f3n de <strong>Charo Reina<\/strong>.\n    <\/p>\n<p>    <a href=\"https:\/\/www.eldiario.es\/entrevistas\/marilo-montero-defiende-libertad-gonzalo-miro-rtve-norma-prohibe-presentador-dar-opinion-masterchef-celebrity_1_12590453.html\" data-mrf-recirculation=\"saber-mas\" data-dl-event=\"saber-mas\" rel=\"nofollow noopener\" target=\"_blank\"><\/p>\n<p class=\"know-more__title\">Maril\u00f3 Montero defiende la \u00ablibertad\u00bb de Gonzalo Mir\u00f3 en RTVE: \u00ab\u00bfQu\u00e9 norma proh\u00edbe a un presentador dar su opini\u00f3n?\u00bb<\/p>\n<p>            <img decoding=\"async\" class=\"lazy\" loading=\"lazy\" data-src=\"https:\/\/static.eldiario.es\/clip\/b46e2ad3-0c19-4770-aa0d-5b79ff41e563_16-9-aspect-ratio_default_0.jpg\" src=\"data:image\/svg+xml,%3Csvg xmlns=\" http:=\"\" viewbox=\"0 0 880 495\" alt=\"Maril\u00f3 Montero defiende la &quot;libertad&quot; de Gonzalo Mir\u00f3 en RTVE: &quot;\u00bfQu\u00e9 norma proh\u00edbe a un presentador dar su opini\u00f3n?&quot;\"\/><\/p>\n<p>                        <\/a><\/p>\n<p class=\"article-text\">\n        La cuesti\u00f3n es que los delantales negros tuvieron que reproducir un postre de<strong> Jordi Roca<\/strong> y al cantante le qued\u00f3 crudo. El peor de  todos los platos. \u201cClar\u00edsimamente me iba yo\u201d, confesaba el joven. Pero los jueces decidieron darle una segunda oportunidad, con otro cocinado, en el que fall\u00f3 la actriz que s\u00ed tuvo sentencia final.\n    <\/p>\n<p class=\"article-text\">\n        Todo ello en una noche en la que<strong> Alejo Sauras <\/strong>gan\u00f3 el pin de la inmunidad infiel y en la que los exteriores volvieron a tensar la relaci\u00f3n entre<strong> Torito y Maril\u00f3 Montero. <\/strong>\n    <\/p>\n<p>    Primera prueba con el pin de la inmunidad \u201cinfiel\u201d de Alejo Sauras<\/p>\n<p class=\"article-text\">\n        Los aspirantes tuvieron que demostrar su destreza en la cocina en <strong>la batalla de la harina<\/strong>. El jurado se propuso que los aspirantes comprendieran cu\u00e1l es el uso m\u00e1s adecuado para cada elaboraci\u00f3n y tuvieron que cocinar platos con ella.\n    <\/p>\n<p class=\"article-text\">\n        Los dos concursantes que mejor lo hicieron se enfrentaron a un \u00faltimo y decisivo combate culinario contra Ana Call\u00eds, finalista de MasterChef 12+1: <strong>Alejo Sauras y Miguel Torres<\/strong>, tuvieron que elaborar una <strong>tarta libre de gluten.<\/strong>\n    <\/p>\n<p class=\"article-text\">\n        El jurado hizo una cata a ciegas para escoger <strong>el plato ganador y se decant\u00f3, sin saberlo, por el de Alejo.<\/strong> Una decisi\u00f3n que sorprendi\u00f3 a muchos, porque hasta entonces el actor no hab\u00eda destacado y se llevaba el pin de la inmunidad infiel.\n    <\/p>\n<blockquote class=\"twitter-tweet\" data-lang=\"es\"><p><a href=\"https:\/\/twitter.com\/X\/status\/1967712925348741586?ref_src=twsrc%5Etfw\" rel=\"nofollow noopener\" target=\"_blank\"><\/p><\/blockquote>\n<p class=\"article-text\">\n        Eso s\u00ed, un <strong>\u201cpin de la inmunidad infiel\u201d,<\/strong> que significa que en la primera prueba de cada programa, si alguno se atreve, puede retar a su propietario y quedarse con este pin de la inmunidad infiel.\n    <\/p>\n<p>    Prueba de exteriores con el nuevo desaf\u00edo de Torito a Maril\u00f3<\/p>\n<p class=\"article-text\">\n        Concursantes y equipo se desplazaron hasta El Pardo donde se encuentra Filand\u00f3n, un restaurante que rinde culto al producto con la parrilla. All\u00ed las dos Valerias se convirtieron en las capitanas de los equipos que ellas mismas formaron.\n    <\/p>\n<p class=\"article-text\">\n        Ros escogi\u00f3 a <strong>Alejo, Miguel Torres, La Mala, Jorge, Masi y Torito<\/strong>. Mientras que Vegas se rode\u00f3 por <strong>Maril\u00f3, Juanjo, David, Parada, Rosa Benito y Charo<\/strong>.\n    <\/p>\n<p class=\"article-text\">\n        Los dos equipos tuvieron que cocinar un men\u00fa de cuatro platos de Marcos P\u00e9rez, chef del restaurante, que degustar\u00edan 85 clientes, acostumbrados a su alta calidad. O eso intentaron porque <strong>Torito volvi\u00f3 a boicotear tanto a su equipo como al contrario<\/strong>. El showman no aguantaba m\u00e1s de 10 minutos haciendo lo mismo y volvi\u00f3 a correr, molestar y jugar con todas las herramientas. Una actitud que volvi\u00f3 a sacar de quicio a sus compa\u00f1eros.\n    <\/p>\n<blockquote class=\"twitter-tweet\" data-lang=\"es\"><p><a href=\"https:\/\/twitter.com\/X\/status\/1967722206919880717?ref_src=twsrc%5Etfw\" rel=\"nofollow noopener\" target=\"_blank\"><\/p><\/blockquote>\n<p class=\"article-text\">\n        Por ello, en el momento del veredicto, Torito volvi\u00f3 a pedir disculpas. Sin embargo, Maril\u00f3 estall\u00f3: \u201c<strong>Me molesta enormemente que se juegue con los alimentos, me parece grav\u00edsimo<\/strong>\u201d, asegur\u00f3 exigiendo con el dedo a su compa\u00f1ero que no volviera a ocurrir. \u201cMe est\u00e1s amenazando con el dedo\u201d, respondi\u00f3 Torito entre risas.\n    <\/p>\n<p class=\"article-text\">\n        Valeria Vegas tambi\u00e9n se quej\u00f3 de la poca disciplina de Parada, aunque se \u201ccomi\u00f3 el marronazo\u201d de su cocinado desastroso. As\u00ed, los ganadores de la prueba fueron los azules: <strong>Valeria Ros, Alejo, Miguel Torres, La Mala, Jorge, Masi y Torito<\/strong>.\n    <\/p>\n<blockquote class=\"twitter-tweet\" data-lang=\"es\"><p><a href=\"https:\/\/twitter.com\/X\/status\/1967726500305834349?ref_src=twsrc%5Etfw\" rel=\"nofollow noopener\" target=\"_blank\"><\/p><\/blockquote>\n<p>    La segunda oportunidad para Juanjo que acab\u00f3 con el adi\u00f3s a Charo<\/p>\n<p class=\"article-text\">\n        <strong>Valeria Vegas, Maril\u00f3, Juanjo, David, Parada, Rosa Benito y Charo regresaron a las <\/strong>cocinas vistiendo los delantales negros. All\u00ed les esperaba el repostero<strong> Jordi Roca<\/strong>, con dulces como tarta de crepes con crema de cacao, tarta tat\u00edn de manzana, postre de mel\u00f3n y menta y tiramis\u00fa, que tuvieron que replicar.\n    <\/p>\n<p class=\"article-text\">\n        Antes de empezar la prueba,<strong> David &#8211; el mejor de la prueba anterior- decidi\u00f3 salvarse a s\u00ed mismo <\/strong>y subir a la galer\u00eda. Comenz\u00f3 el cocinado y los nervios inundaron a Valeria, que transmit\u00eda su miedo por marcharse. A Juanjo no se le acab\u00f3 de cocer el brownie y a Rosa Benito se le volc\u00f3 todo al acabarlo.\n    <\/p>\n<blockquote class=\"twitter-tweet\" data-lang=\"es\"><p><a href=\"https:\/\/twitter.com\/X\/status\/1967731415090647064?ref_src=twsrc%5Etfw\" rel=\"nofollow noopener\" target=\"_blank\"><\/p><\/blockquote>\n<p class=\"article-text\">\n        Acabado el tiempo, lleg\u00f3 el momento de la cata: la tarta de <strong>Charo<\/strong> estaba \u201cmuy buena\u201d, <strong>Valeria<\/strong> tambi\u00e9n acab\u00f3 convenciendo con su pastel, aunque la Tat\u00edn de <strong>Rosa<\/strong> no se parec\u00eda a la original tambi\u00e9n estaba \u201crica\u201d, como el tiramis\u00fa de <strong>Parada<\/strong> y <strong>Maril\u00f3<\/strong> lo hizo bastante parecido. Pero cuando lleg\u00f3 el turno de <strong>Juanjo<\/strong> estaba totalmente \u201ccrudo\u201d.\n    <\/p>\n<p class=\"article-text\">\n        Por ello, el tiempo de deliberaci\u00f3n de los jueces fue corto y lo tuvieron claro. Pusieron a <strong>Charo, Valeria y Juanjo<\/strong> como posibles expulsados y les dieron <strong>una \u00faltima oportunidad para hacer \u201cborr\u00f3n y cuenta nueva\u201d<\/strong>. Los tres alucinaron con la in\u00e9dita decisi\u00f3n y se pusieron manos a la obra a hacer un nuevo postre.\n    <\/p>\n<p class=\"article-text\">\n        En este nuevo cocinado todo dio un vuelco y si anteriormente el que se iba a marchar \u201cclar\u00edsimamente\u201d, como \u00e9l mismo confesaba, era<strong> Juanjo<\/strong>, en esta ocasi\u00f3n hizo un \u201cmuy buen trabajo\u201d. A <strong>Valeria<\/strong> le salieron muchas cosas mal y el plato qued\u00f3 con muchos defectos. Y <strong>Charo<\/strong> entreg\u00f3 el mejor garrapi\u00f1ado de los tres, aunque reflejaba los desastres vividos durante el cocinado.\n    <\/p>\n<p>    <a href=\"https:\/\/www.eldiario.es\/vertele\/noticias\/directo-al-grano-gonzalo-miro-rtve-la-1-gaza-eurovision-marta-flich-estreno_1_12604265.html\" data-mrf-recirculation=\"saber-mas-abajo\" data-dl-event=\"saber-mas-abajo\" rel=\"nofollow noopener\" target=\"_blank\"><\/p>\n<p class=\"know-more__title\">&#8216;Directo al grano&#8217; arranc\u00f3 con Gonzalo Mir\u00f3 contra la derecha por Gaza, acoso ultra y el futuro de Espa\u00f1a en Eurovisi\u00f3n<\/p>\n<p>            <img decoding=\"async\" class=\"lazy\" loading=\"lazy\" data-src=\"https:\/\/static.eldiario.es\/clip\/2e3bbd57-a047-4545-ba72-fc960583b472_16-9-aspect-ratio_default_0.jpg\" src=\"data:image\/svg+xml,%3Csvg xmlns=\" http:=\"\" viewbox=\"0 0 880 495\" alt=\"'Directo al grano' arranc\u00f3 con Gonzalo Mir\u00f3 contra la derecha por Gaza, acoso ultra y el futuro de Espa\u00f1a en Eurovisi\u00f3n\"\/><\/p>\n<p>                        <\/a><\/p>\n<blockquote class=\"twitter-tweet\" data-lang=\"es\"><p><a href=\"https:\/\/twitter.com\/X\/status\/1967743067940851848?ref_src=twsrc%5Etfw\" rel=\"nofollow noopener\" target=\"_blank\"><\/p><\/blockquote>\n<p class=\"article-text\">\n        Tras la deliberaci\u00f3n, los jueces sentenciaron: <strong>\u201cEl aspirante que no contin\u00faa en las cocinas es Charo\u201d. <\/strong>Una p\u00e9rdida que todos lamentaron, mientras ella se marchaba agradecida con la experiencia.\n    <\/p>\n<p>                                    <script async src=\"https:\/\/platform.twitter.com\/widgets.js\" charset=\"utf-8\"><\/script><\/p>\n","protected":false},"excerpt":{"rendered":"Ll\u00e1malo destino o ll\u00e1malo MasterChef Celebrity 10, el caso es que en la entrega de esta semana, Juanjo&hellip;\n","protected":false},"author":2,"featured_media":118008,"comment_status":"","ping_status":"","sticky":false,"template":"","format":"standard","meta":{"footnotes":""},"categories":[91],"tags":[5287,17577,39219,10109,35867,146,147,25,24,39323,3193,7957,26994,13443,15297,23],"class_list":{"0":"post-118007","1":"post","2":"type-post","3":"status-publish","4":"format-standard","5":"has-post-thumbnail","7":"category-entretenimiento","8":"tag-5287","9":"tag-acabo","10":"tag-bona","11":"tag-celebrity","12":"tag-eliminada","13":"tag-entertainment","14":"tag-entretenimiento","15":"tag-es","16":"tag-espana","17":"tag-evito","18":"tag-expulsion","19":"tag-giro","20":"tag-inedito","21":"tag-juanjo","22":"tag-masterchef","23":"tag-spain"},"share_on_mastodon":{"url":"","error":""},"_links":{"self":[{"href":"https:\/\/www.europesays.com\/es\/wp-json\/wp\/v2\/posts\/118007","targetHints":{"allow":["GET"]}}],"collection":[{"href":"https:\/\/www.europesays.com\/es\/wp-json\/wp\/v2\/posts"}],"about":[{"href":"https:\/\/www.europesays.com\/es\/wp-json\/wp\/v2\/types\/post"}],"author":[{"embeddable":true,"href":"https:\/\/www.europesays.com\/es\/wp-json\/wp\/v2\/users\/2"}],"replies":[{"embeddable":true,"href":"https:\/\/www.europesays.com\/es\/wp-json\/wp\/v2\/comments?post=118007"}],"version-history":[{"count":0,"href":"https:\/\/www.europesays.com\/es\/wp-json\/wp\/v2\/posts\/118007\/revisions"}],"wp:featuredmedia":[{"embeddable":true,"href":"https:\/\/www.europesays.com\/es\/wp-json\/wp\/v2\/media\/118008"}],"wp:attachment":[{"href":"https:\/\/www.europesays.com\/es\/wp-json\/wp\/v2\/media?parent=118007"}],"wp:term":[{"taxonomy":"category","embeddable":true,"href":"https:\/\/www.europesays.com\/es\/wp-json\/wp\/v2\/categories?post=118007"},{"taxonomy":"post_tag","embeddable":true,"href":"https:\/\/www.europesays.com\/es\/wp-json\/wp\/v2\/tags?post=118007"}],"curies":[{"name":"wp","href":"https:\/\/api.w.org\/{rel}","templated":true}]}}