{"id":118019,"date":"2025-09-16T04:19:04","date_gmt":"2025-09-16T04:19:04","guid":{"rendered":"https:\/\/www.europesays.com\/es\/118019\/"},"modified":"2025-09-16T04:19:04","modified_gmt":"2025-09-16T04:19:04","slug":"tertulia-de-herrero-la-uci-carga-contra-pedro-sanchez-por-los-altercados-en-la-vuelta-esradio","status":"publish","type":"post","link":"https:\/\/www.europesays.com\/es\/118019\/","title":{"rendered":"Tertulia de Herrero: La UCI carga contra Pedro S\u00e1nchez por los altercados en La Vuelta &#8211; esRadio"},"content":{"rendered":"<ol>\n<li><a href=\"https:\/\/news.google.com\/rss\/articles\/CBMikwJBVV95cUxPcTROWHhwcGpFNDhTeFNIV1BGWGZoRTFPYjFRblZPYXNJMXJ5cHozSmdYRTJtLXpGZDVvQzJhY1hMaXkxMXJyUkptTmRudHV5NGZsX1k2Skc1dUdreTM1UlN2RV9CU3d0bEJ4MVZtSHJhUXczd0M2UzBmS1BYaENoSWJLX0FsaHZjbTAwMmEzeTRMbDQ3ZTdxZUc3RFhVNGsyMjN5UUE4RkpBakJfYjNCQjVKRzViLTcxLWc0SVlLelpyU2doR0FVVm5kSEpieEI1NG43NWV3ZGxvMUwyMXlTT2R2MHY2T3lORDh3bjZ1ZWtTNE9kYmZlanlLLWlSOHFCYTQyQzM2Mkp6VXdLRG5aZWlTMA?oc=5\" target=\"_blank\" rel=\"nofollow noopener\">Tertulia de Herrero: La UCI carga contra Pedro S\u00e1nchez por los altercados en La Vuelta<\/a>&nbsp;&nbsp;esRadio<\/li>\n<li><a href=\"https:\/\/news.google.com\/rss\/articles\/CBMiekFVX3lxTE1najBVOW95RC00OFlVNVkwYUZqQ0tfRDRyN3hqSDV1OW9CeE1CdGVKZjFsRGlPQXItTmh1czBma1g5R2FaX1ZBbDNhbVFMeHl0Z0M2YjNXa1BNeE5xYzR3aUVnbGRuMFdrY2JxOEJXSFdzWkRuRmlKVnRR0gF6QVVfeXFMT01GYlpCYXNGR0lwTkV2REFvSC1xanplb2VOTUxBMDdWQUtYYnFXM3Q2YlBsMXlZY1FMZUF3bWV1Y2I4UmctZmlKdFM5UTg4XzBqam1QbmFFMGZVS3czdjRldjVVSVJ4dDZQdWhGU0llcDFKWmlVYXA4b1E?oc=5\" target=\"_blank\" rel=\"nofollow noopener\">As\u00ed se planific\u00f3 desde el Gobierno el fracaso de la Vuelta: \u00aborden de no actuar\u00bb la ma\u00f1ana del domingo y tantos antidisturbios como radicales<\/a>&nbsp;&nbsp;El Mundo<\/li>\n<li><a href=\"https:\/\/news.google.com\/rss\/articles\/CBMisAFBVV95cUxNZ1BtRjFEVW92dEEtWGlCSTBFRkZSeFc3WWpVUERKd1Z4S0VhRVhFVW9JWTZYVDFtVHdud1F6dlRTang3Yk82T19zLVh4UzE2RUdoQWo0eUx1Vy1qTnI1NmJPdlpET0NTZ0gyd0JocFlIMWVEeGUxUUE2SFowRUlGN0pGNW93NzhaWGxJZW13eXhOQ3QzVm9TbHlfNlVEZGpfZzFuZmhSaHRtTXNIZTl3Vw?oc=5\" target=\"_blank\" rel=\"nofollow noopener\">Barones del PP piden no \u00abpolarizar\u00bb con Gaza y Ayuso y Almeida estudian demandas por da\u00f1os a Madrid<\/a>&nbsp;&nbsp;El Confidencial<\/li>\n<li><a href=\"https:\/\/news.google.com\/rss\/articles\/CBMiggJBVV95cUxPWG52c25zdVZTbVBPZ3VwUHM1TENqcVdjSVFXeHYzMDk2QzNnMFc3alNOYlROcFc4cVNsdzlBc0EwMVVoc3lIZ1RBRE1tZS1wc3B4MHBNWUs4RFlWNWlNS2RVaEhvLUMzZXpDWjhzb3RwQkR3TmZBTnZXUlgxOVdOSzcxTE9RaS1Ucm5rSEpSMHdtZEctTEIyS01UckUyT3EwMFlNeTBubmZYdnNUMzNNbGduSUxLYmR2TGpGT3B1cGZpUjFGRFJOZnROdFlWa0tfT2lLNXRDLWQtVEF5aWZ0em10LVUzOS1SMUFqT3hYcFdpWGJfZ0QtVXFtbDFITEJBemc?oc=5\" target=\"_blank\" rel=\"nofollow noopener\">El Gobierno contesta al duro comunicado de la UCI que pon\u00eda en la diana a Espa\u00f1a: \u201cBlanquear a trav\u00e9s del deporte s\u00ed es una posici\u00f3n pol\u00edtica\u201d<\/a>&nbsp;&nbsp;EL PA\u00cdS<\/li>\n<li><a href=\"https:\/\/news.google.com\/rss\/articles\/CBMi1AFBVV95cUxPU0YzX1hjNGJMZ3VLNDE0TEFyZXZra0ZRSmRkMjBoZHN3bFoxMkRoT2pZTHc4bEhRcVBENlhhVGFtVEdtcURvbVpQWUJIZkhncFh4V0REV2VKNnpKdXBiUzB3RmdMdENKdF82aVZqNnpMQlpfX0daeGVYZGx3NnVDVXNqdGhDVy01cUlRSHEzRzgtSUFSWHFxYXExeU1zN1Z1Umo2YWxYLWdTREs3LWh4Nk9fNnM4MUJQM25tc1BZcWF6NzdjLVFhVHJTcnk2LTB0SFYxRNIB6AFBVV95cUxOZEdjdl9UQVQzRkxrSWJuOVNzYVJBUzNSSVRkT2NKVkRMZFMzREs4RXpPX1h6dVMxMUxDeDFhNEJ6eWdHSGVXVTk4VU1qdVFxeExKTkZKLXFGSHEzWTJJWE9YdndHTE1Uci12Uk1KUHR2Ym1fM18wZUxEQTR2V05aTzBsRXVBSjdVOTBzRVJSNVdKTWw3Y2l3WExfWmZoQnVjNGJkLUprSUhrLV9NLXV5dlM5cnFJOVpGbVFKUkZMZTZaUW92Z25VNnhHN3dhUnh5ekFQUkt3aGxUSGpuS0h3VzZsbVNqalRY?oc=5\" target=\"_blank\" rel=\"nofollow noopener\">El Gobierno responde a la UCI: \u201cBlanquear a trav\u00e9s del deporte un genocidio s\u00ed es una posici\u00f3n pol\u00edtica\u201d<\/a>&nbsp;&nbsp;Diario AS<\/li>\n<\/ol>\n","protected":false},"excerpt":{"rendered":"Tertulia de Herrero: La UCI carga contra Pedro S\u00e1nchez por los altercados en La Vuelta&nbsp;&nbsp;esRadio As\u00ed se planific\u00f3&hellip;\n","protected":false},"author":2,"featured_media":103,"comment_status":"","ping_status":"","sticky":false,"template":"","format":"standard","meta":{"footnotes":""},"categories":[273],"tags":[313,312,168,25,24,74,76,23,167,5411],"class_list":{"0":"post-118019","1":"post","2":"type-post","3":"status-publish","4":"format-standard","5":"has-post-thumbnail","7":"category-ciclismo","8":"tag-ciclismo","9":"tag-cycling","10":"tag-deportes","11":"tag-es","12":"tag-espana","13":"tag-israel","14":"tag-palestina","15":"tag-spain","16":"tag-sports","17":"tag-vuelta-a-espana"},"share_on_mastodon":{"url":"","error":""},"_links":{"self":[{"href":"https:\/\/www.europesays.com\/es\/wp-json\/wp\/v2\/posts\/118019","targetHints":{"allow":["GET"]}}],"collection":[{"href":"https:\/\/www.europesays.com\/es\/wp-json\/wp\/v2\/posts"}],"about":[{"href":"https:\/\/www.europesays.com\/es\/wp-json\/wp\/v2\/types\/post"}],"author":[{"embeddable":true,"href":"https:\/\/www.europesays.com\/es\/wp-json\/wp\/v2\/users\/2"}],"replies":[{"embeddable":true,"href":"https:\/\/www.europesays.com\/es\/wp-json\/wp\/v2\/comments?post=118019"}],"version-history":[{"count":0,"href":"https:\/\/www.europesays.com\/es\/wp-json\/wp\/v2\/posts\/118019\/revisions"}],"wp:featuredmedia":[{"embeddable":true,"href":"https:\/\/www.europesays.com\/es\/wp-json\/wp\/v2\/media\/103"}],"wp:attachment":[{"href":"https:\/\/www.europesays.com\/es\/wp-json\/wp\/v2\/media?parent=118019"}],"wp:term":[{"taxonomy":"category","embeddable":true,"href":"https:\/\/www.europesays.com\/es\/wp-json\/wp\/v2\/categories?post=118019"},{"taxonomy":"post_tag","embeddable":true,"href":"https:\/\/www.europesays.com\/es\/wp-json\/wp\/v2\/tags?post=118019"}],"curies":[{"name":"wp","href":"https:\/\/api.w.org\/{rel}","templated":true}]}}