{"id":118020,"date":"2025-09-16T04:20:13","date_gmt":"2025-09-16T04:20:13","guid":{"rendered":"https:\/\/www.europesays.com\/es\/118020\/"},"modified":"2025-09-16T04:20:13","modified_gmt":"2025-09-16T04:20:13","slug":"ralf-schumacher-advierte-a-fernando-alonso-con-su-gp2-engine-y-honda-tienen-una-memoria-fuerte","status":"publish","type":"post","link":"https:\/\/www.europesays.com\/es\/118020\/","title":{"rendered":"Ralf Schumacher advierte a Fernando Alonso con su \u2018GP2 Engine\u2019 y Honda: \u201cTienen una memoria fuerte\u201d"},"content":{"rendered":"<p data-journey-content=\"true\" data-node-id=\"3\" class=\"css-i9p093 emevuu60\"><strong data-node-id=\"3.0\">Honda <\/strong>est\u00e1 prepar\u00e1ndose para un gran cambio de cara a 2026. Los japoneses <strong data-node-id=\"3.2\">abandonan Red Bull<\/strong> para fabricar la unidad de potencia de los de Silverstone. El nuevo motor es uno de los grandes pilares de la escuder\u00eda para conseguir un coche competitivo. <strong data-node-id=\"3.4\">Fernando Alonso<\/strong> sabe que est\u00e1 ante la que puede ser su \u00faltima oportunidad para conseguir victorias. En unas declaraciones para \u2018Formel1.de\u2019, <strong data-node-id=\"3.6\">Ralf Schumacher <\/strong>considera que el pasado del asturiano podr\u00eda ser un factor negativo: \u201cTuve la oportunidad de trabajar con dos fabricantes japoneses y aprend\u00ed una cosa, <strong data-node-id=\"3.8\">tienen una memoria muy fuerte<\/strong>\u201d.<\/p>\n<p>\u00bfTendr\u00e1 un impacto en Aston Martin?<\/p>\n<p data-journey-content=\"true\" data-node-id=\"7\" class=\"css-i9p093 emevuu60\">Alonso no tuvo la mejor experiencia con McLaren. <strong data-node-id=\"7.1\">Su famosa frase \u2018GP2 Engine\u2019<\/strong> por radio sucedi\u00f3 en el <strong data-node-id=\"7.3\">GP de Jap\u00f3n de 2015<\/strong>. El bicampe\u00f3n del mundo perdi\u00f3 la paciencia tras sufrir <strong data-node-id=\"7.5\">fallos en el motor<\/strong> durante la temporada, por lo que se\u00f1al\u00f3 que era una <strong data-node-id=\"7.7\">unidad de potencia de segunda categor\u00eda<\/strong>. El expiloto piensa que los contextos son muy diferentes: \u201cNo creo que las cosas fueran como eran entonces, cuando McLaren y Fernando Alonso, en particular, todav\u00eda estaban en su apogeo, cuando <strong data-node-id=\"7.9\">\u00e9l no era precisamente conocido como el jugador de equipo con el car\u00e1cter amable <\/strong>que ahora retrata, o que obviamente es ahora\u201d.<\/p>\n<p data-journey-content=\"true\" data-node-id=\"9\" class=\"css-i9p093 emevuu60\">Los de Silverstone est\u00e1 poniendo todas las cartas sobre la mesa para aprovechar los cambios de reglamento. Honda explic\u00f3 que la escuder\u00eda <a href=\"https:\/\/www.caranddriver.com\/es\/formula-1\/a65435786\/honda-reconoce-exigencias-adrian-newey-aston-martin-2026-han-presentado-solicitudes\/\" target=\"_blank\" data-vars-ga-outbound-link=\"https:\/\/www.caranddriver.com\/es\/formula-1\/a65435786\/honda-reconoce-exigencias-adrian-newey-aston-martin-2026-han-presentado-solicitudes\/\" data-vars-ga-ux-element=\"Hyperlink\" data-vars-ga-call-to-action=\"estaba muy encima \" data-node-id=\"9.1\" class=\"body-link css-168zq96 emevuu60\" rel=\"nofollow noopener\">estaba muy encima <\/a>de su trabajo para pulir todos los detalles. Sin embargo, Schumacher avisa que a\u00fan puede haber cierto recelo con el asturiano: \u201c<strong data-node-id=\"9.3\">Honda lo not\u00f3<\/strong>, y estoy bastante seguro de que<strong data-node-id=\"9.5\"> hay algunos prejuicios<\/strong>. Quiz\u00e1s se puedan solucionar con el tiempo, pero s\u00e9 c\u00f3mo son los japoneses y c\u00f3mo funcionan, y <strong data-node-id=\"9.7\">no creo que haya mucho cari\u00f1o <\/strong>por ah\u00ed ahora mismo\u201d.<\/p>\n<p><img draggable=\"true\" alt=\"f1 grand prix of japan qualifying\" title=\"F1 Grand Prix of Japan - Qualifying\" loading=\"lazy\" width=\"4254\" height=\"2836\" decoding=\"async\" data-nimg=\"1\" style=\"color:transparent;width:100%;height:auto;\"   src=\"https:\/\/www.europesays.com\/es\/wp-content\/uploads\/2025\/09\/fernando-alonso-of-spain-and-mclaren-honda-drives-during-news-photo-1757941353.pjpeg\" class=\"css-0 e1g79fud0\"\/><a target=\"_blank\" rel=\"noopener nofollow\" data-theme-key=\"base-link\" href=\"https:\/\/pinterest.com\/pin\/create\/button\/?url=https:\/\/www.caranddriver.com\/es\/formula-1\/a66102094\/ralf-schumacher-advierte-fernando-alonso-honda-gp2-engine-tienen-memoria-fuerte\/&amp;description=&amp;media=https:\/\/hips.hearstapps.com\/hmg-prod\/images\/fernando-alonso-of-spain-and-mclaren-honda-drives-during-news-photo-1757941353.pjpeg?resize=1600:*\" class=\"pinterest css-on9hn5 e1c1bym14\"><img decoding=\"async\" data-dynamic-svg=\"true\" src=\"https:\/\/www.caranddriver.com\/_assets\/design-tokens\/fre\/static\/icons\/social\/pinterest.e8cf655.svg?primary=%2523ffffff\" loading=\"lazy\" data-testid=\"dynamic-svg-base\" height=\"auto\" width=\"auto\" alt=\"pinterest\" class=\"css-4lml0h e1mlxuuw1\"\/><\/a><\/p>\n<p>Clive Rose\/\/Getty Images<\/p>\n<p data-journey-content=\"true\" data-node-id=\"14\" class=\"css-i9p093 emevuu60\">El espa\u00f1ol tiene todas sus esperanzas puestas en el<strong data-node-id=\"14.1\"> AMR26<\/strong>, por lo que deber\u00eda buscar que su relaci\u00f3n con los fabricantes fuera la mejor. Por el momento, el piloto no se ha pronunciado al respecto y conf\u00eda en que todas las piezas encajen a la perfecci\u00f3n. Adem\u00e1s del cambio de motor, Aston Martin cuenta con <strong data-node-id=\"14.3\">Adrian Newey<\/strong>, <a href=\"https:\/\/www.caranddriver.com\/es\/formula-1\/a66077905\/estrella-aston-martin-f1-boquiabierto-trabajo-adrian-newey-detalle\/\" target=\"_blank\" data-vars-ga-outbound-link=\"https:\/\/www.caranddriver.com\/es\/formula-1\/a66077905\/estrella-aston-martin-f1-boquiabierto-trabajo-adrian-newey-detalle\/\" data-vars-ga-ux-element=\"Hyperlink\" data-vars-ga-call-to-action=\"Enrico Cardile\" data-node-id=\"14.5\" class=\"body-link css-168zq96 emevuu60\" rel=\"nofollow noopener\">Enrico Cardile<\/a> y el nuevo <a href=\"https:\/\/www.caranddriver.com\/es\/formula-1\/a65870968\/andy-cowell-expone-limitaciones-tunel-viento-aston-martin-f1-eso-afecta\/\" target=\"_blank\" data-vars-ga-outbound-link=\"https:\/\/www.caranddriver.com\/es\/formula-1\/a65870968\/andy-cowell-expone-limitaciones-tunel-viento-aston-martin-f1-eso-afecta\/\" data-vars-ga-ux-element=\"Hyperlink\" data-vars-ga-call-to-action=\"t\u00fanel de viento\" data-node-id=\"14.7\" class=\"body-link css-168zq96 emevuu60\" rel=\"nofollow noopener\">t\u00fanel de viento<\/a> para conseguir un monoplaza ganador.<\/p>\n<p>Hay que dejar el pasado atr\u00e1s<\/p>\n<p data-journey-content=\"true\" data-node-id=\"17\" class=\"css-i9p093 emevuu60\">Si bien es cierto que la experiencia entre ambas partes no ha sido la mejor, el proyecto de los de Silverstone va mucho m\u00e1s all\u00e1 de un conflicto personal. <strong data-node-id=\"17.1\">10 a\u00f1os despu\u00e9s<\/strong>, no tendr\u00eda demasiado sentido revivir un comentario de carrera en caliente. Sin embargo, Ralf Schumacher no tiene tan claro que los japoneses lo hayan perdonado del todo.<\/p>\n<p>Contenidos relacionados<img src=\"https:\/\/www.europesays.com\/es\/wp-content\/uploads\/2025\/09\/1757996413_934_d3baca1e-d34f-44ac-842c-f2c50fb6b579_1737539442.file\" alt=\"Headshot of Alejandro Fern\u00e1ndez Montealegre\" title=\"Headshot of Alejandro Fern\u00e1ndez Montealegre\" width=\"100%\" height=\"100%\" decoding=\"async\" loading=\"lazy\" class=\"css-o0wq4v ev8dhu53\"\/><\/p>\n<p>Amante del mundo del motor en todas sus versiones, desde salir tranquilamente de ruta hasta escuchar a Lobato dej\u00e1ndose las cuerdas vocales en una vuelta importante de F1. Que mi abuelo fuera mec\u00e1nico seguramente influyera en que me llamara la atenci\u00f3n todo este mundo. \u00a0<\/p>\n","protected":false},"excerpt":{"rendered":"Honda est\u00e1 prepar\u00e1ndose para un gran cambio de cara a 2026. Los japoneses abandonan Red Bull para fabricar&hellip;\n","protected":false},"author":2,"featured_media":118021,"comment_status":"","ping_status":"","sticky":false,"template":"","format":"standard","meta":{"footnotes":""},"categories":[270],"tags":[168,253,25,24,306,271,272,23,167],"class_list":{"0":"post-118020","1":"post","2":"type-post","3":"status-publish","4":"format-standard","5":"has-post-thumbnail","7":"category-formula-1","8":"tag-deportes","9":"tag-discover","10":"tag-es","11":"tag-espana","12":"tag-f1","13":"tag-formula-1","14":"tag-formula1","15":"tag-spain","16":"tag-sports"},"share_on_mastodon":{"url":"","error":""},"_links":{"self":[{"href":"https:\/\/www.europesays.com\/es\/wp-json\/wp\/v2\/posts\/118020","targetHints":{"allow":["GET"]}}],"collection":[{"href":"https:\/\/www.europesays.com\/es\/wp-json\/wp\/v2\/posts"}],"about":[{"href":"https:\/\/www.europesays.com\/es\/wp-json\/wp\/v2\/types\/post"}],"author":[{"embeddable":true,"href":"https:\/\/www.europesays.com\/es\/wp-json\/wp\/v2\/users\/2"}],"replies":[{"embeddable":true,"href":"https:\/\/www.europesays.com\/es\/wp-json\/wp\/v2\/comments?post=118020"}],"version-history":[{"count":0,"href":"https:\/\/www.europesays.com\/es\/wp-json\/wp\/v2\/posts\/118020\/revisions"}],"wp:featuredmedia":[{"embeddable":true,"href":"https:\/\/www.europesays.com\/es\/wp-json\/wp\/v2\/media\/118021"}],"wp:attachment":[{"href":"https:\/\/www.europesays.com\/es\/wp-json\/wp\/v2\/media?parent=118020"}],"wp:term":[{"taxonomy":"category","embeddable":true,"href":"https:\/\/www.europesays.com\/es\/wp-json\/wp\/v2\/categories?post=118020"},{"taxonomy":"post_tag","embeddable":true,"href":"https:\/\/www.europesays.com\/es\/wp-json\/wp\/v2\/tags?post=118020"}],"curies":[{"name":"wp","href":"https:\/\/api.w.org\/{rel}","templated":true}]}}