{"id":118045,"date":"2025-09-16T04:37:08","date_gmt":"2025-09-16T04:37:08","guid":{"rendered":"https:\/\/www.europesays.com\/es\/118045\/"},"modified":"2025-09-16T04:37:08","modified_gmt":"2025-09-16T04:37:08","slug":"el-liron-teucro-domina-de-principio-a-fin-al-porrino-31-24","status":"publish","type":"post","link":"https:\/\/www.europesays.com\/es\/118045\/","title":{"rendered":"El Lir\u00f3n Teucro domina de principio a fin al Porri\u00f1o (31-24)"},"content":{"rendered":"<p class=\"ft-text\">\u00c9xito en el debut liguero del Lir\u00f3n Teucro 80 aniversario ante el Balonm\u00e1n Porri\u00f1o, al que someti\u00f3 en la pista del Pavill\u00f3n Municipal de Deportes por siete goles de diferencia, 31-24.<\/p>\n<p class=\"ft-text\">Los de Irene Vilaboa, aupados por una gran actuaci\u00f3n del pivote Iago Vidal de cara a porter\u00eda con diez dianas, presentaron as\u00ed su candidatura a formar parte de la zona alta de la clasificaci\u00f3n, tras tejer en los primeros minutos una renta de la que ya no se deshar\u00edan hasta el final.<\/p>\n<p class=\"ft-text\">El jugador procedente del Reconquista estuvo flanqueado en la pista pontevedresa por Iago Rivas, con cuatro goles en su cuenta particular, y otros habituales de la rotaci\u00f3n teucrista en las \u00faltimas temporadas, como Daniel Vicente Pintus o Rhuan Marchette, que colaboraron con la causa con tres goles por cabeza.<\/p>\n<p class=\"ft-text\">Con esta victoria, el vicedecano ya afronta una de las salidas m\u00e1s exigentes del campeonato, visitando a un Lanzarote Ciudad de Arrecife que se impuso por dos goles al Calvo Xiria de Carballo en la jornada inaugural.<\/p>\n","protected":false},"excerpt":{"rendered":"\u00c9xito en el debut liguero del Lir\u00f3n Teucro 80 aniversario ante el Balonm\u00e1n Porri\u00f1o, al que someti\u00f3 en&hellip;\n","protected":false},"author":2,"featured_media":118046,"comment_status":"","ping_status":"","sticky":false,"template":"","format":"standard","meta":{"footnotes":""},"categories":[278],"tags":[18301,376,168,30712,25,24,5815,375,39328,18368,876,23,167,1676],"class_list":{"0":"post-118045","1":"post","2":"type-post","3":"status-publish","4":"format-standard","5":"has-post-thumbnail","7":"category-balonmano","8":"tag-balonman-porrino","9":"tag-balonmano","10":"tag-deportes","11":"tag-domina","12":"tag-es","13":"tag-espana","14":"tag-goles","15":"tag-handball","16":"tag-liron","17":"tag-porrino","18":"tag-principio","19":"tag-spain","20":"tag-sports","21":"tag-teucro"},"share_on_mastodon":{"url":"","error":""},"_links":{"self":[{"href":"https:\/\/www.europesays.com\/es\/wp-json\/wp\/v2\/posts\/118045","targetHints":{"allow":["GET"]}}],"collection":[{"href":"https:\/\/www.europesays.com\/es\/wp-json\/wp\/v2\/posts"}],"about":[{"href":"https:\/\/www.europesays.com\/es\/wp-json\/wp\/v2\/types\/post"}],"author":[{"embeddable":true,"href":"https:\/\/www.europesays.com\/es\/wp-json\/wp\/v2\/users\/2"}],"replies":[{"embeddable":true,"href":"https:\/\/www.europesays.com\/es\/wp-json\/wp\/v2\/comments?post=118045"}],"version-history":[{"count":0,"href":"https:\/\/www.europesays.com\/es\/wp-json\/wp\/v2\/posts\/118045\/revisions"}],"wp:featuredmedia":[{"embeddable":true,"href":"https:\/\/www.europesays.com\/es\/wp-json\/wp\/v2\/media\/118046"}],"wp:attachment":[{"href":"https:\/\/www.europesays.com\/es\/wp-json\/wp\/v2\/media?parent=118045"}],"wp:term":[{"taxonomy":"category","embeddable":true,"href":"https:\/\/www.europesays.com\/es\/wp-json\/wp\/v2\/categories?post=118045"},{"taxonomy":"post_tag","embeddable":true,"href":"https:\/\/www.europesays.com\/es\/wp-json\/wp\/v2\/tags?post=118045"}],"curies":[{"name":"wp","href":"https:\/\/api.w.org\/{rel}","templated":true}]}}