{"id":118051,"date":"2025-09-16T04:41:09","date_gmt":"2025-09-16T04:41:09","guid":{"rendered":"https:\/\/www.europesays.com\/es\/118051\/"},"modified":"2025-09-16T04:41:09","modified_gmt":"2025-09-16T04:41:09","slug":"badosa-esta-de-vuelta-vivo-para-competir","status":"publish","type":"post","link":"https:\/\/www.europesays.com\/es\/118051\/","title":{"rendered":"Badosa est\u00e1 de vuelta: \u201cVivo para competir\u201d"},"content":{"rendered":"<p class=\"\">Dos meses y medio despu\u00e9s de la lesi\u00f3n en el psoas que sufri\u00f3,<b> <\/b><a href=\"https:\/\/as.com\/noticias\/paula-badosa-gibert\/\" target=\"_blank\" rel=\"noreferrer nofollow noopener\" title=\"https:\/\/as.com\/noticias\/paula-badosa-gibert\/\"><b>Paula Badosa<\/b><\/a><b> (Nueva York, 27 a\u00f1os)<\/b> est\u00e1 por fin de vuelta. La catalana, que empez\u00f3 brillantemente el a\u00f1o con unas semifinales en el Abierto de Australia, volvi\u00f3 a caer en una espiral de lesiones que truncaron lo que estaba siendo una trayectoria maravillosa, la cual le vali\u00f3 para regresar al top-10. Ahora, tras otro maldito contratiempo, Badosa est\u00e1 lista para regresar a la acci\u00f3n. Lo har\u00e1, si as\u00ed lo decide Carla Su\u00e1rez, este mi\u00e9rcoles en <a href=\"https:\/\/as.com\/tenis\/copa_davis\/la-seleccion-espanola-ya-esta-en-shenzhen-para-las-finales-de-la-bjck-n\/\" target=\"_blank\" rel=\"noreferrer nofollow noopener\" title=\"https:\/\/as.com\/tenis\/copa_davis\/la-seleccion-espanola-ya-esta-en-shenzhen-para-las-finales-de-la-bjck-n\/\">los cuartos de final de la Billie Jean King Cup<\/a>, en los que <b>Espa\u00f1a se mide con Ucrania (11:00, M+, TDP y Tennis Channel)<\/b> por un puesto en semifinales. Desde Shenzhen (China), <b>Paula descuelga el tel\u00e9fono para atender a AS.<\/b><\/p>\n<p class=\"\"><b>La primera pregunta es obvia. \u00bfC\u00f3mo se encuentra?<\/b><\/p>\n<p class=\"\">Estoy bien, ya recuperada, al menos ya sin dolor. Y poco a poco va subiendo la intensidad de los entrenos. Espero llegar lo mejor posible para el mi\u00e9rcoles.<\/p>\n<p class=\"\"><b>Estar\u00e1 que se sube por las paredes por volver a jugar.<\/b><\/p>\n<p class=\"\">S\u00ed, la verdad que s\u00ed, me encanta competir, es por lo que vivo. Y bueno, este a\u00f1o no he podido hacerlo mucho. Empec\u00e9 el a\u00f1o muy bien, y luego, pues ha sido dif\u00edcil de aceptar. Pero bueno, ahora terminar el a\u00f1o de la mejor manera posible.<\/p>\n<p class=\"\"><b>Dec\u00eda que ha sido dif\u00edcil de aceptar. \u00bfLo lleg\u00f3 a hacer?<\/b><\/p>\n<p class=\"\">No me ha quedado otra opci\u00f3n, al final no te queda otra opci\u00f3n que aceptarlo. Y creo que es lo mejor. Al final, lo que no est\u00e1 en tu control, pues tengo que aceptarlo y ojal\u00e1 pronto pueda llegar al nivel donde lo dej\u00e9, digamos. <\/p>\n<p class=\"\"><b>\u00bfEn qu\u00e9 ha consistido esta \u00faltima lesi\u00f3n?<\/b><\/p>\n<p class=\"\">Justo en el torneo antes de Wimbledon not\u00e9 un pinchazo y ha sido una rotura donde tambi\u00e9n tocaba el tend\u00f3n, y se complic\u00f3 un poco, por eso al final tuve que estar dos meses parada.<\/p>\n<p class=\"\"><b>\u00bfTiene alguna relaci\u00f3n con sus problemas de espalda de estos a\u00f1os?<\/b><\/p>\n<p class=\"\">Bueno, tiene un poco de relaci\u00f3n porque el psoas y el lumbar siempre est\u00e1n relacionados, y tambi\u00e9n acababa de salir de una lesi\u00f3n de espalda, de una protusi\u00f3n, entonces era mi segundo torneo y yo creo que el cuerpo tuvo un percance en ese momento, es lo que me pas\u00f3.<\/p>\n<blockquote class=\"a_q\">\n<p>Mentir\u00eda si dijese que no ha sido duro<\/p>\n<p>Paula Badosa<\/p><\/blockquote>\n<p class=\"\"><b>Cuando est\u00e1 parada, \u00bfqu\u00e9 es lo que le ayuda a evadirse?<\/b><\/p>\n<p class=\"\">Pasar tiempo con los m\u00edos, con mi gente, con la familia, hacer cosas a las que no estoy acostumbrada, tiempo para m\u00ed&#8230; Y al final es lo que he hecho, pero tambi\u00e9n la realidad es que han sido muchas horas de recuperaci\u00f3n, porque, si lo recuerdo bien, creo que no he estado ning\u00fan d\u00eda sin ir a rehabilitaci\u00f3n, la verdad.<\/p>\n<p class=\"\"><b>\u00bfY ahora c\u00f3mo afronta este regreso, sobre todo lo que queda de a\u00f1o?<\/b><\/p>\n<p class=\"\">Sinceramente, es un regreso un poco m\u00e1s progresivo, cuando vuelves de una lesi\u00f3n siempre es progresivo, ojal\u00e1 te pudiera decir que voy con el objetivo de ganar todos los torneos, porque al final mentalmente es lo que quiero, pero tiene que ser progresivo. Mi objetivo es acabar de la mejor manera posible y preparar bien el a\u00f1o que viene.<\/p>\n<p class=\"\"><b>Con lo bien que hab\u00eda empezado el a\u00f1o, \u00bfle lleg\u00f3 a desesperar que aparezcan nuevamente las lesiones?<\/b><\/p>\n<p class=\"\">S\u00ed, claro, obviamente te estar\u00eda mintiendo si te dijera que no, que lo he pasado fenomenal en todos estos meses. Ha sido muy duro, ha sido duro de aceptar y ha sido un proceso dif\u00edcil, sobre todo mentalmente. Al verme tan arriba, empezar el a\u00f1o despu\u00e9s de venir de la lesi\u00f3n que vine hace un par de a\u00f1os y volver a estar al nivel m\u00e1s alto&#8230; Y, ahora, pues, entre comillas, volverte a caer&#8230;. Volver a levantarse nunca es f\u00e1cil y m\u00e1s cuando ha pasado varias veces, es duro mentalmente que te vuelva a pasar, pero bueno, ahora tengo que empezar a aceptarlo, empezar un poquito de cero y a girar esa din\u00e1mica.<\/p>\n<p class=\"\"><b>\u00bfVe mucho tenis cuando est\u00e1 parada?<\/b><\/p>\n<p class=\"\">S\u00ed, s\u00ed veo tenis, me encanta, la verdad, es que es mi pasi\u00f3n y voy siguiendo los torneos, sean masculinos o femeninos, me encanta ver tenis y bueno, me encanta jugarlo, obviamente.<\/p>\n<p class=\"\"><b>\u00bfY qu\u00e9 es lo que m\u00e1s le ha llamado la atenci\u00f3n en el circuito en este tiempo?<\/b><\/p>\n<p class=\"\">Lo igualado que est\u00e1 todo en los dos circuitos, eso me gusta y me est\u00e1 sorprendiendo lo que est\u00e1 subiendo el nivel, vemos que cualquier jugador o jugadora puede ganar a cualquiera y est\u00e1 todo muy, muy igualado y tienes que estar al 100% en cada torneo, eso me ha impactado mucho. Obviamente, me est\u00e1 encantando lo bien que lo est\u00e1 haciendo Carlitos.<\/p>\n<p class=\"\"><b>Carlos ha brillado en EE UU, donde usted el a\u00f1o pasado renaci\u00f3. \u00bfLe ten\u00eda mucha fe a esa gira?<\/b><\/p>\n<p class=\"\">S\u00ed, la verdad que le ten\u00eda muchas ganas a ese momento, a esa gira, porque me gusta mucho y estuve muy a gusto el a\u00f1o pasado.<\/p>\n<p class=\"\"><b>No est\u00e1 nada mal regresar como n\u00famero uno de la Selecci\u00f3n en unas finales de Billie Jean King Cup. \u00bfC\u00f3mo ve la cita?<\/b><\/p>\n<p class=\"\">Me ha motivado mucho poder volver en esta situaci\u00f3n y con el equipo, que al final tenemos muy buena relaci\u00f3n entre todas y justamente tambi\u00e9n me hace especial ilusi\u00f3n hacerlo al lado de Carla, con la que tengo una gran relaci\u00f3n desde hace muchos a\u00f1os. Poder compartir estos momentos con ella, que me ha visto crecer y siempre ha sido un apoyo muy grande para m\u00ed, tambi\u00e9n una persona que he admirado, pues me hace m\u00e1s ilusi\u00f3n.<\/p>\n<p class=\"\"><b>Son conscientes de que Espa\u00f1a tiene un muy buen equipo, con n\u00fameros uno y dos m\u00e1s que s\u00f3lidas y una gran doblista como Bucsa, \u00bfno? \u00bfEl objetivo es el t\u00edtulo?<\/b><\/p>\n<p class=\"\">Siempre lo es, y creo que lo est\u00e1n haciendo muy bien, ellas han hecho buena gira americana, est\u00e1n con confianza. Yo vengo de la lesi\u00f3n, pero voy a intentar dar mi m\u00e1ximo. Ojal\u00e1 entre todas podamos sacarlo adelante.<\/p>\n<p class=\"\"><b>\u00bfQu\u00e9 tal ha visto a Bouzas en este buen a\u00f1o que est\u00e1 teniendo?<\/b><\/p>\n<p class=\"\">Muy, muy bien, la verdad, me alegro much\u00edsimo por ella, tenemos superbuena relaci\u00f3n, ella sabe que estoy ah\u00ed siempre para lo que necesite. Tenemos una relaci\u00f3n muy cercana y siempre me alegro much\u00edsimo por sus \u00e9xitos.<\/p>\n<p><img decoding=\"async\" src=\"https:\/\/www.europesays.com\/es\/wp-content\/uploads\/2025\/09\/NRJY3JUHKZKKPGLJSAMBCBOYSI.jpg\" alt=\"Badosa est\u00e1 de vuelta: \u201cVivo para competir\u201d\" height=\"4718\" width=\"3145\"   loading=\"lazy\"\/>Badosa, con Bouzas.Zhe Ji<\/p>\n<p class=\"\"><b>\u00bfEjerce un poco de tutora, de veterana, entre comillas, con ella?<\/b><\/p>\n<p class=\"\">La verdad que s\u00ed, la verdad que es un poco as\u00ed, porque nos llevamos muy, muy bien. No s\u00e9 si es de tutora, de veterana, de lo que sea, pero estoy ah\u00ed para ayudarla. <\/p>\n<p class=\"\"><b>\u00bfGente que viene pisando fuerte como Jessica le hacen sentir a usted, a pesar de su edad, ya como una veterana?<\/b><\/p>\n<p class=\"\">(Ri\u00e9ndose) S\u00ed, s\u00ed, la verdad es que s\u00ed, cada vez van saliendo m\u00e1s j\u00f3venes y j\u00f3venes, y llevo tantos a\u00f1os tambi\u00e9n ya en el circuito que me estoy empezando a sentir mayor.<\/p>\n<p class=\"\"><b>El otro d\u00eda, <\/b><a href=\"https:\/\/as.com\/tenis\/copa_davis\/jaume-munar-las-prisas-me-hicieron-pasarlo-muy-mal-n\/\" target=\"_blank\" rel=\"noreferrer nofollow noopener\" title=\"https:\/\/as.com\/tenis\/copa_davis\/jaume-munar-las-prisas-me-hicieron-pasarlo-muy-mal-n\/\"><b>Jaume Munar habl\u00f3 de las prisas que hay en el tenis<\/b><\/a><b> y que \u00e9l lo pas\u00f3 mal por ello. Usted tambi\u00e9n fue una jugadora de la que se esperaba mucho y se le meti\u00f3 presi\u00f3n. \u00bfHay mucha prisa en el tenis hoy en d\u00eda en busca del \u00e9xito?<\/b><\/p>\n<p class=\"\">S\u00ed, siempre hay prisa en ese aspecto, siempre esperan y hay muchas expectativas, y gusta ver a la nueva revelaci\u00f3n, es lo que tambi\u00e9n la prensa crea. Es algo que se forma y que es normal de cara afuera, pero siempre es muy dif\u00edcil de llevar.<\/p>\n<p class=\"\"><b>Espa\u00f1a va a esta Billie con todo lo que tiene, aunque en la Davis hubo varias bajas. \u00bfSiente que se est\u00e1 perdiendo lo que despertaban estos torneos en el pasado?<\/b><\/p>\n<p class=\"\">Bueno, quiz\u00e1 un poquito se ha perdido la esencia, pero yo creo que ha sido un poco m\u00e1s por el formato. Al final. cuando en su momento el formato era diferente y jugabas en casa, se viv\u00eda mucho m\u00e1s. Yo creo que ha sido un poco eso, y tambi\u00e9n por la exigencia del calendario, que al final se hace complicado poder adaptarlo todo. <\/p>\n<p class=\"\"><b>Como ha dicho que su vuelta ser\u00e1 algo progresivo, \u00bfqu\u00e9 le pide a 2026?<\/b><\/p>\n<p class=\"\">Pues tener salud, no lesionarme y poder ser constante, poder competir durante un a\u00f1o seguido es lo que le pido al a\u00f1o que viene, porque creo que, si consigo eso, lo dem\u00e1s llegar\u00e1.<\/p>\n<p>Noticias relacionadas<a href=\"https:\/\/as.com\/tenis\/copa_davis\/badosa-siempre-le-veo-muchas-opciones-a-eapana-n\/\" class=\"s_m_w\" title=\"La tenista espa\u00f1ola valor\u00f3 las opciones del equipo espa\u00f1ol en las finales de la Billie Jean King Cup. \u201cTengo fe en mis compa\u00f1eras y esperamos hacer una gran actuaci\u00f3n\u201d\" data-tb-link=\"\" rel=\"nofollow noopener\" target=\"_blank\"><img decoding=\"async\" src=\"https:\/\/www.europesays.com\/es\/wp-content\/uploads\/2025\/09\/EID7XLBXXZFML45FQ57XSVZHAE.jpg\" alt=\"Badosa: \u201cSiempre le veo muchas opciones a Eapa\u00f1a\u201d\" class=\"\" height=\"1\" width=\"1\"   loading=\"lazy\" data-tb-thumbnail=\"\"\/><\/a><a href=\"https:\/\/as.com\/tenis\/copa_davis\/badosa-esta-de-vuelta-jugara-con-espana-las-finales-de-la-bjk-cup-n\/\" class=\"s_m_w\" title=\"La tenista espa\u00f1ola confirm\u00f3 a trav\u00e9s de sus redes sociales que jugar\u00e1 con Espa\u00f1a en el torneo despu\u00e9s de perderse el US Open a causa de las lesiones.\" data-tb-link=\"\" rel=\"nofollow noopener\" target=\"_blank\"><img decoding=\"async\" src=\"https:\/\/www.europesays.com\/es\/wp-content\/uploads\/2025\/09\/4D2YHIY6KM77BUMZ6QCNCVPKKM.jpg\" alt=\"Badosa est\u00e1 de vuelta: jugar\u00e1 con Espa\u00f1a las finales de la BJK Cup\" class=\"\" height=\"1\" width=\"1\"   loading=\"lazy\" data-tb-thumbnail=\"\"\/><\/a><\/p>\n<p class=\"\"><b>\u00a1Tus opiniones importan!<\/b> Comenta en los art\u00edculos y suscr\u00edbete gratis a nuestra <a href=\"https:\/\/asfan.as.com\/newsletters\/\" target=\"_blank\" rel=\"nofollow noopener\" title=\"https:\/\/asfan.as.com\/newsletters\/\">newsletter<\/a> y a las alertas informativas en la <a href=\"https:\/\/as.com\/aplicacion-de-as-n\/\" target=\"_blank\" rel=\"nofollow noopener\" title=\"https:\/\/as.com\/aplicacion-de-as-n\/\">App<\/a> o el canal de <a href=\"https:\/\/www.whatsapp.com\/channel\/0029VaAasdA7j6g745nz9M10\" target=\"_blank\" rel=\"nofollow noopener\" title=\"https:\/\/www.whatsapp.com\/channel\/0029VaAasdA7j6g745nz9M10\">WhatsApp<\/a>. <\/p>\n<p class=\"\">\u00bfBuscas licenciar contenido? Haz clic <a href=\"https:\/\/profesional.elpais.com\/soluciones-sindicacion?utm_medium=interno&amp;utm_source=crosslinking&amp;utm_campaign=sindicacion_as_pie_articulos\" target=\"_blank\" rel=\"nofollow noopener\" title=\"https:\/\/profesional.elpais.com\/soluciones-sindicacion?utm_medium=interno&amp;utm_source=crosslinking&amp;utm_campaign=sindicacion_as_pie_articulos\">aqu\u00ed<\/a><\/p>\n","protected":false},"excerpt":{"rendered":"Dos meses y medio despu\u00e9s de la lesi\u00f3n en el psoas que sufri\u00f3, Paula Badosa (Nueva York, 27&hellip;\n","protected":false},"author":2,"featured_media":118052,"comment_status":"","ping_status":"","sticky":false,"template":"","format":"standard","meta":{"footnotes":""},"categories":[274],"tags":[168,25,24,23,167,327,326],"class_list":{"0":"post-118051","1":"post","2":"type-post","3":"status-publish","4":"format-standard","5":"has-post-thumbnail","7":"category-tenis","8":"tag-deportes","9":"tag-es","10":"tag-espana","11":"tag-spain","12":"tag-sports","13":"tag-tenis","14":"tag-tennis"},"share_on_mastodon":{"url":"","error":""},"_links":{"self":[{"href":"https:\/\/www.europesays.com\/es\/wp-json\/wp\/v2\/posts\/118051","targetHints":{"allow":["GET"]}}],"collection":[{"href":"https:\/\/www.europesays.com\/es\/wp-json\/wp\/v2\/posts"}],"about":[{"href":"https:\/\/www.europesays.com\/es\/wp-json\/wp\/v2\/types\/post"}],"author":[{"embeddable":true,"href":"https:\/\/www.europesays.com\/es\/wp-json\/wp\/v2\/users\/2"}],"replies":[{"embeddable":true,"href":"https:\/\/www.europesays.com\/es\/wp-json\/wp\/v2\/comments?post=118051"}],"version-history":[{"count":0,"href":"https:\/\/www.europesays.com\/es\/wp-json\/wp\/v2\/posts\/118051\/revisions"}],"wp:featuredmedia":[{"embeddable":true,"href":"https:\/\/www.europesays.com\/es\/wp-json\/wp\/v2\/media\/118052"}],"wp:attachment":[{"href":"https:\/\/www.europesays.com\/es\/wp-json\/wp\/v2\/media?parent=118051"}],"wp:term":[{"taxonomy":"category","embeddable":true,"href":"https:\/\/www.europesays.com\/es\/wp-json\/wp\/v2\/categories?post=118051"},{"taxonomy":"post_tag","embeddable":true,"href":"https:\/\/www.europesays.com\/es\/wp-json\/wp\/v2\/tags?post=118051"}],"curies":[{"name":"wp","href":"https:\/\/api.w.org\/{rel}","templated":true}]}}