{"id":118063,"date":"2025-09-16T04:47:15","date_gmt":"2025-09-16T04:47:15","guid":{"rendered":"https:\/\/www.europesays.com\/es\/118063\/"},"modified":"2025-09-16T04:47:15","modified_gmt":"2025-09-16T04:47:15","slug":"el-escultor-juan-garaizabal-crea-una-meca-para-artistas-jovenes-en-la-espana-vaciada-el-pais-semanal","status":"publish","type":"post","link":"https:\/\/www.europesays.com\/es\/118063\/","title":{"rendered":"El escultor Juan Garaizabal crea una \u2018meca\u2019 para artistas j\u00f3venes en la Espa\u00f1a vaciada | EL PA\u00cdS Semanal"},"content":{"rendered":"<p class=\"\">Desde hace algo m\u00e1s de un a\u00f1o, en Cifuentes crecen las esculturas como los enebrales se multiplican valle abajo. Una ha brotado en la plaza, otra se encara al castillo plantada en un otero y una tercera parece ponerle puertas al campo frente al pantano de La Tajera que embalsa el r\u00edo Taju\u00f1a. Las hay incluso coronando el viejo silo, como la guinda en una tarta. Gigantes de acero, roca y madera recortados contra el paisaje castellano-manchego. En el pueblo se van acostumbrando, aunque algunos vecinos elucubran: \u201cYa s\u00e9 de qu\u00e9 va esto, que lo he buscado en Google. Es satanismo\u201d, aventur\u00f3 un d\u00eda el pescadero a la vista de la monumental cr\u00e1tera localizada ante la iglesia de El Salvador que con su forma de campana invertida alimentaba la teor\u00eda diab\u00f3lica. \u201cSe parece bastante a vivir en Amanece, que no es poco. Somos como los americanos de la pel\u00edcula, una situaci\u00f3n entre el surrealismo y el absurdo\u201d, dice riendo ahora <a href=\"https:\/\/elpais.com\/elpais\/2017\/09\/24\/eps\/1506204309_150620.html\" target=\"_self\" rel=\"nofollow noopener\" title=\"https:\/\/elpais.com\/elpais\/2017\/09\/24\/eps\/1506204309_150620.html\">Juan Garaizabal<\/a>, el artista que est\u00e1 sembrando el p\u00e1ramo alcarre\u00f1o de arte conceptual.<\/p>\n<p class=\"\">Sorprende encontrar al arquitecto de las memorias urbanas mimetizado en el entorno rural. Garaizabal (Madrid, 54 a\u00f1os) es ese mago que practica el arte de la reaparici\u00f3n, empe\u00f1ado en llenar los vac\u00edos hist\u00f3ricamente significativos de las grandes urbes con el esbozo met\u00e1lico de lo que una vez fue. Un templo en Shangh\u00e1i, una barriada en Bucarest, una bas\u00edlica bohemia en Berl\u00edn, unos jardines en Par\u00eds, un balc\u00f3n en Miami mirando a La Habana, fantasmas del pasado delineados en acero inoxidable que reclaman los espacios que ocuparon tiempo ha. \u201cCreo en la energ\u00eda de lo extraordinario. Cuando recupero una memoria urbana, devuelvo algo que ha sido excepcional en un momento dado. Yo lo rememoro con un elemento de aventura, de salto, que se note el desaf\u00edo. La reconstrucci\u00f3n literal de lo que ya existi\u00f3 no me interesa\u201d, explica a prop\u00f3sito de un proyecto que empez\u00f3 en 2007 y le ha valido premios y aclamaci\u00f3n en todo el mundo, tambi\u00e9n entre los coleccionistas de arte contempor\u00e1neo. <\/p>\n<p><img alt=\"La escultura  de acero que Garaizabal realiz\u00f3 para un proyecto de la firma Ecoalf corona el silo de trigo de Cifuentes (Guadalajara), en el que el escultor ha establecido su nuevo tallercomunidad art\u00edstica.\" decoding=\"auto\" class=\"_re lazyload a_m-v\" height=\"621\"  width=\"414\"  src=\"https:\/\/www.europesays.com\/es\/wp-content\/uploads\/2025\/09\/YZRNQN52FRFEHFA4WYOKY7FV6I.jpg\" loading=\"lazy\"\/>La escultura  de acero que Garaizabal realiz\u00f3 para un proyecto de la firma Ecoalf corona el silo de trigo de Cifuentes (Guadalajara), en el que el escultor ha establecido su nuevo tallercomunidad art\u00edstica.Gianfranco Tripodo<\/p>\n<p class=\"\">A medio camino entre la forja, la alba\u00f1iler\u00eda, la carpinter\u00eda, la luminotecnia y el ejercicio de reciclaje (\u201cLa buena escultura requiere de los desechos que tienes a mano, el palo, los ladrillos, lo que se ha ca\u00eddo\u201d, afirma), esas piezas de escala colosal, algunas con altura de 20 metros, que hasta la fecha lat\u00edan a fuego y martillazos en los bulliciosos corazones metropolitanos de repente han empezado a cobrar vida en un rinc\u00f3n de la Espa\u00f1a vaciada. \u201cTrabajar tales dimensiones en pleno Madrid ahora es imposible, se me amontonaba la obra en el taller de Berl\u00edn y en Miami cualquier cosa supone una factura que te revienta. Aparte, para mi sorpresa, yo cambi\u00e9\u201d, afirma este trotamundos cosmopolita, formado para las bellas artes en Reims (Francia), curtido en la escena alternativa de la Alemania reci\u00e9n reunificada de los a\u00f1os noventa y cuyo proceso creativo hay que entenderlo como extensi\u00f3n de aquellos viajes que emprendi\u00f3 de joven, cruzando \u00c1frica y Asia junto a su madre y sus hermanos en todoterreno.<\/p>\n<p class=\"\">Solitario, obsesivo, disciplinado, Garaizabal se reconoce un tipo cerebral. El cambio que refiere es, claro, emocional. \u201cNo sab\u00eda que ten\u00eda esta capacidad de compromiso con el grupo. Me daba v\u00e9rtigo esta secta que estoy montando, qu\u00e9 pasa si hago lo de siempre, que es lo que me da la gana, yendo a mi bola. Sospechaba que iba a acabar as\u00ed porque la gente siempre termina arrastr\u00e1ndote, pero suerte que no\u201d, se sincera. Esa secta de la que habla es la peque\u00f1a comunidad de j\u00f3venes artistas que ha concitado en Cifuentes, alrededor de su nuevo espacio de trabajo habilitado en un antiguo silo de trigo. Estudiantes de todos los rincones del planeta atra\u00eddos por una experiencia \u00fanica.<\/p>\n<p><img alt=\"Garaiz\u00e1bal trabaja en una pieza de madera y acero destinada a la obra en la que trabaja por encargo de una bodega de Oporto.\" decoding=\"auto\" class=\"_re lazyload a_m-h\" height=\"277\"  width=\"414\"  src=\"https:\/\/www.europesays.com\/es\/wp-content\/uploads\/2025\/09\/2CCEXJ7RIRC53B7TEWEP6OTVYI.jpg\" loading=\"lazy\"\/>Garaiz\u00e1bal trabaja en una pieza de madera y acero destinada a la obra en la que trabaja por encargo de una bodega de Oporto.Gianfranco Tripodo<\/p>\n<p class=\"\">\u201cTengo un acuerdo con Erasmus Internacional. Las universidades de origen hacen la primera criba entre los candidatos, en funci\u00f3n de sus notas, y yo luego los entrevisto. Elijo muy basado. Lo que eval\u00fao sobre todo es su motivaci\u00f3n, la capto. Van a disfrutar algo que en el fondo es muy subjetivo, porque es mi mundo\u201d, dice, orgulloso de las 800 solicitudes que ha recibido en los poco m\u00e1s de ocho meses que lleva en marcha la iniciativa, chicos y chicas de Estonia, Letonia, Italia, Polonia, Irlanda, Uruguay, Turqu\u00eda, Estados Unidos, Bahr\u00e9in, de viaje inici\u00e1tico a la Alcarria. El artista los instala en un par de casas que ha alquilado en la localidad arriacense, rotando en grupos de tres o cuatro durante tres meses. \u00c9l va y viene desde Madrid, apenas una hora en coche (su \u201ctiempo de calidad\u201d, informa). \u201cMe gusta el ambiente que generan. Cuando no est\u00e1n en el taller, cogen un libro y se ponen a leer en cualquier sitio, o se van en bicicleta al campo. Son los menos gamberros del pueblo\u201d, contin\u00faa.<\/p>\n<p class=\"\">Los \u00faltimos contingentes han participado en la creaci\u00f3n de la pieza de memoria urbana m\u00e1s reciente del artista, Los ba\u00f1os de Napole\u00f3n, recreaci\u00f3n de la casa de ba\u00f1os femenina que formaba parte de las termas que transformaron Biarritz en la ciudad balneario favorita de la aristocracia europea por capricho de Napole\u00f3n III y la emperatriz <a href=\"https:\/\/elpais.com\/diario\/2011\/10\/11\/radiotv\/1318284005_850215.html\" target=\"_self\" rel=\"nofollow noopener\" title=\"https:\/\/elpais.com\/diario\/2011\/10\/11\/radiotv\/1318284005_850215.html\">Eugenia de Montijo<\/a>. Instalada en su emplazamiento original frente al Atl\u00e1ntico, en los jardines de la Grande Plage, la obra \u2014nueve metros dibujados en el aire con l\u00e1piz de acero\u2014 le ha devuelto a la villa vascofrancesa parte de su grandeur decimon\u00f3nica este verano. Para la ocasi\u00f3n, el Vase M\u00e9dicis que tanto dio que pensar al pescadero de Cifuentes tambi\u00e9n se mud\u00f3 temporalmente al recinto del H\u00f4tel du Palais, la antigua Villa Eug\u00e9nie.<\/p>\n<p><img fetchpriority=\"high\" alt=\"Ensayo para la escultura a gran escala 'Ever Time Balcony', la evocaci\u00f3n arquitect\u00f3nica de m\u00e1s de 20 metros de altura para la Bienal de Escultura Jingan 2023, en Shangh\u00e1i.\" decoding=\"auto\" class=\"_re  a_m-v\" height=\"621\"  width=\"414\" src=\"https:\/\/www.europesays.com\/es\/wp-content\/uploads\/2025\/09\/Z7MVQBKI2NFHFLQ4CCKDJ6AJBQ.jpg\" loading=\"eager\"\/>Ensayo para la escultura a gran escala &#8216;Ever Time Balcony&#8217;, la evocaci\u00f3n arquitect\u00f3nica de m\u00e1s de 20 metros de altura para la Bienal de Escultura Jingan 2023, en Shangh\u00e1i.Gianfranco Tripodo<img alt=\"Un gale\u00f3n esquematizado en hierro y madera. El artista realiza piezas de menor tama\u00f1o destinadas a las galer\u00edas que lo representan en Madrid, Miami y Shangh\u00e1i.\" decoding=\"auto\" class=\"_re lazyload a_m-v\" height=\"621\"  width=\"414\" src=\"https:\/\/www.europesays.com\/es\/wp-content\/uploads\/2025\/09\/5REET2ISRJEDTNJH7S5HUPQ2JQ.jpg\" loading=\"lazy\"\/>Un gale\u00f3n esquematizado en hierro y madera. El artista realiza piezas de menor tama\u00f1o destinadas a las galer\u00edas que lo representan en Madrid, Miami y Shangh\u00e1i.Gianfranco Tripodo<img alt=\"Garaizabal lleg\u00f3 a la escultura a trav\u00e9s de la pintura. \u201cAprend\u00ed a dibujar el hierro y el acero\u201d, dice. Los bocetos que realiza primero de sus piezas dan fe. \" decoding=\"auto\" class=\"_re lazyload a_m-v\" height=\"621\"  width=\"414\" src=\"https:\/\/www.europesays.com\/es\/wp-content\/uploads\/2025\/09\/5I7CEJCLEZB4RG6WHDQ2ONQQL4.jpg\" loading=\"lazy\"\/>Garaizabal lleg\u00f3 a la escultura a trav\u00e9s de la pintura. \u201cAprend\u00ed a dibujar el hierro y el acero\u201d, dice. Los bocetos que realiza primero de sus piezas dan fe. Gianfranco Tripodo<img alt=\"Miniatura en hierro y madera de uno de los proyectos del artista.\" decoding=\"auto\" class=\"_re lazyload a_m-v\" height=\"621\"  width=\"414\" src=\"https:\/\/www.europesays.com\/es\/wp-content\/uploads\/2025\/09\/7YBRSPZN5NC5HAPDJRZDRWXYOU.jpg\" loading=\"lazy\"\/>Miniatura en hierro y madera de uno de los proyectos del artista.Gianfranco Tripodo<\/p>\n<p class=\"\">\u201cEl porcentaje de obra p\u00fablica que funciona, que de verdad emociona, es en realidad muy bajo, no sube de un 2% ni de co\u00f1a\u201d, sentencia Garaizabal, que no puede evitar la autocr\u00edtica, sabedor del riesgo de intervenir los espacios que son de todos. \u201cHay que ser un poco consciente, mirarse desde fuera y entender que lo que haces, por mucho que te guste, es peligroso y puedes contaminar el mundo mal\u201d, remata, mientras se vuelve hacia Giovanna, la estudiante napolitana que lo asiste con la radial y el soplete. \u201cEsto est\u00e1 muy bien pulido\u201d, la felicita. <\/p>\n<p class=\"\">En la cabeza del artista ya bulle su pr\u00f3xima misi\u00f3n de rescate, la memoria urbana de la c\u00e1rcel de Columbus, en Ohio (EE UU). Ojo ah\u00ed: \u201cRecrear una instituci\u00f3n que significa represi\u00f3n, sufrimiento, mueve demasiadas energ\u00edas. Mi labor es saber ver que no soy yo el que podr\u00eda mover al error, cometiendo la estupidez de ser parcial y provocar dolor. No creo en una sociedad que se fragmenta en exceso, estoy acostumbrado a trabajar con un porcentaje de mis creencias y sacrificar otro, porque imponer una idea, una mentalidad al otro, supone siempre un fracaso. Hay muchos tipos de sensibilidades y yo valoro tender puentes. La paz tiene un beneficio bestial y el enfrentamiento social, un precio alt\u00edsimo. No quiero que las memorias vayan contra nadie\u201d.<\/p>\n<p><img alt=\"En el silo donde se ubica su nuevo taller, la radial en el suelo y una pieza de madera y acero destinada a la obra en la que trabaja por encargo de una bodega de Oporto, el escultor se toma un respiro. \" decoding=\"auto\" class=\"_re lazyload a_m-v\" height=\"621\"  width=\"414\"  src=\"https:\/\/www.europesays.com\/es\/wp-content\/uploads\/2025\/09\/HNKOGEE4BJFKJHRS7IYBZ5MCSQ.jpg\" loading=\"lazy\"\/>En el silo donde se ubica su nuevo taller, la radial en el suelo y una pieza de madera y acero destinada a la obra en la que trabaja por encargo de una bodega de Oporto, el escultor se toma un respiro. Gianfranco Tripodo<\/p>\n<p class=\"\">De camino de vuelta a la capital, pasados los campos de lavanda, un toro de Osborne sale al paso recortando el cielo. \u201cEs una obra maestra de la proporci\u00f3n, una manera de intervenir el paisaje con una idea de perspectiva genial. Pero aqu\u00ed la clave es el a\u00f1o en que se hizo. En aquella Espa\u00f1a tan r\u00e1cana y cutre, en la que todo era peque\u00f1o, ese toro majestuoso a\u00f1adi\u00f3 m\u00e1s que rest\u00f3\u201d, reflexiona. Y, entonces, claudica. \u201cCreo que soy afortunado, un privilegiado, pero tambi\u00e9n una persona agradecida que trata de devolver algo bueno de lo que ha recibido\u201d, concede el nieto \u2014por parte materna\u2014 de Enrique Marsans, fundador de Viajes Marsans y pionero en revolucionar la industria del turismo espa\u00f1ola. \u201cYo no estoy en esto para desahogarme, dar lecciones o juzgar a nadie, que bastantes problemas tengo ya con juzgarme a m\u00ed mismo. Hay mucho mal arte que se puede evitar, ese mal arte simplemente anclado en un mensaje pol\u00edtico que justifica una ideolog\u00eda. La ideolog\u00eda la puede desarrollar cualquiera con un percentil cero, que suele ser el caso de los fan\u00e1ticos\u201d.<\/p>\n","protected":false},"excerpt":{"rendered":"Desde hace algo m\u00e1s de un a\u00f1o, en Cifuentes crecen las esculturas como los enebrales se multiplican valle&hellip;\n","protected":false},"author":2,"featured_media":118064,"comment_status":"","ping_status":"","sticky":false,"template":"","format":"standard","meta":{"footnotes":""},"categories":[173],"tags":[229,2875,233,505,231,230,17649,209,232,234,146,147,25,1246,24,24093,23],"class_list":{"0":"post-118063","1":"post","2":"type-post","3":"status-publish","4":"format-standard","5":"has-post-thumbnail","7":"category-arte-y-diseno","8":"tag-arte","9":"tag-arte-contemporaneo","10":"tag-arte-y-diseno","11":"tag-artistas","12":"tag-arts","13":"tag-arts-and-design","14":"tag-cifuentes","15":"tag-cultura","16":"tag-design","17":"tag-diseno","18":"tag-entertainment","19":"tag-entretenimiento","20":"tag-es","21":"tag-escultura","22":"tag-espana","23":"tag-espana-vacia","24":"tag-spain"},"share_on_mastodon":{"url":"","error":""},"_links":{"self":[{"href":"https:\/\/www.europesays.com\/es\/wp-json\/wp\/v2\/posts\/118063","targetHints":{"allow":["GET"]}}],"collection":[{"href":"https:\/\/www.europesays.com\/es\/wp-json\/wp\/v2\/posts"}],"about":[{"href":"https:\/\/www.europesays.com\/es\/wp-json\/wp\/v2\/types\/post"}],"author":[{"embeddable":true,"href":"https:\/\/www.europesays.com\/es\/wp-json\/wp\/v2\/users\/2"}],"replies":[{"embeddable":true,"href":"https:\/\/www.europesays.com\/es\/wp-json\/wp\/v2\/comments?post=118063"}],"version-history":[{"count":0,"href":"https:\/\/www.europesays.com\/es\/wp-json\/wp\/v2\/posts\/118063\/revisions"}],"wp:featuredmedia":[{"embeddable":true,"href":"https:\/\/www.europesays.com\/es\/wp-json\/wp\/v2\/media\/118064"}],"wp:attachment":[{"href":"https:\/\/www.europesays.com\/es\/wp-json\/wp\/v2\/media?parent=118063"}],"wp:term":[{"taxonomy":"category","embeddable":true,"href":"https:\/\/www.europesays.com\/es\/wp-json\/wp\/v2\/categories?post=118063"},{"taxonomy":"post_tag","embeddable":true,"href":"https:\/\/www.europesays.com\/es\/wp-json\/wp\/v2\/tags?post=118063"}],"curies":[{"name":"wp","href":"https:\/\/api.w.org\/{rel}","templated":true}]}}