{"id":118072,"date":"2025-09-16T04:54:09","date_gmt":"2025-09-16T04:54:09","guid":{"rendered":"https:\/\/www.europesays.com\/es\/118072\/"},"modified":"2025-09-16T04:54:09","modified_gmt":"2025-09-16T04:54:09","slug":"su-madre-la-puso-a-los-pies-de-los-caballos","status":"publish","type":"post","link":"https:\/\/www.europesays.com\/es\/118072\/","title":{"rendered":"su madre la puso a los pies de los caballos"},"content":{"rendered":"<p data-journey-content=\"true\" data-node-id=\"3\" class=\"css-i9p093 emevuu60\">Este lunes 15 de septiembre, Olga Moreno ha reaccionado a la entrevista de <a href=\"https:\/\/www.diezminutos.es\/rocio-flores\/\" target=\"_blank\" data-vars-ga-outbound-link=\"https:\/\/www.diezminutos.es\/rocio-flores\/\" data-vars-ga-ux-element=\"Hyperlink\" data-vars-ga-call-to-action=\"Roc\u00edo Flores\" data-node-id=\"3.1\" class=\"body-link css-177bzfx emevuu60\" rel=\"nofollow noopener\">Roc\u00edo Flores<\/a> en &#8216;\u00a1De viernes!&#8217;. Este fin de semana, la hija de <a href=\"https:\/\/www.diezminutos.es\/rocio-carrasco\/\" target=\"_blank\" data-vars-ga-outbound-link=\"https:\/\/www.diezminutos.es\/rocio-carrasco\/\" data-vars-ga-ux-element=\"Hyperlink\" data-vars-ga-call-to-action=\"Roc\u00edo Carrasco\" data-node-id=\"3.3\" class=\"body-link css-177bzfx emevuu60\" rel=\"nofollow noopener\">Roc\u00edo Carrasco<\/a> fue de lo m\u00e1s sincera en el programa hablando sobre lo mal que lo ha pasado tras el documental de su madre.  \u00abMe siento destrozada al volver a verla. En esa ocasi\u00f3n y otras ocasiones que ha habido. No voy a entrar detalles porque no la dejar\u00eda en un buen lugar, y no quiero. Las veces que he tenido que encontrarme con ella, yo saludo y no he tenido respuesta. <strong data-node-id=\"3.5\">Ya no espero nada de nadie, he aprendido a vivir con ello pero si ella decide y quiere recuperar la relaci\u00f3n, voy a estar aqu\u00ed\u00bb<\/strong>, dec\u00eda en la entrevista. Una visita a Telecinco que estuvo <a href=\"https:\/\/www.diezminutos.es\/famosos-corazon\/famosos-espanoles\/a66071253\/cara-a-cara-rocio-flores-terelu-campos-directo-de-viernes\/\" target=\"_blank\" data-vars-ga-outbound-link=\"https:\/\/www.diezminutos.es\/famosos-corazon\/famosos-espanoles\/a66071253\/cara-a-cara-rocio-flores-terelu-campos-directo-de-viernes\/\" data-vars-ga-ux-element=\"Hyperlink\" data-vars-ga-call-to-action=\"marcada por la tensi\u00f3n, en concreto con Terelu Campos.\" data-node-id=\"3.7\" class=\"body-link css-177bzfx emevuu60\" rel=\"nofollow noopener\">marcada por la tensi\u00f3n, en concreto con Terelu Campos.<\/a><\/p>\n<p data-journey-content=\"true\" data-node-id=\"6\" class=\"css-i9p093 emevuu60\">En &#8216;El tiempo justo&#8217;, Olga ha reaccionado a las im\u00e1genes del enfrentamiento entre Roc\u00edo y Terelu: \u00abLo qued\u00f3 claro, y lo que Roc\u00edo quiso recalcar, es que la relaci\u00f3n de ella pudo haber tenido fue con la madre de Terelu [Mar\u00eda Teresa Campos]\u00bb, dec\u00eda con cautela. Tambi\u00e9n la sevillana ha recalcado que la mala relaci\u00f3n entre Roc\u00edo Carrasco y Roc\u00edo Flores viene de cuando esta \u00faltima ten\u00eda menos de 16 a\u00f1os. \u00abCu\u00e1ndo t\u00fa llegas a la vida de Antonio David, \u00bfesa relaci\u00f3n est\u00e1 completamente rota?\u00bb, le preguntaba el presentador. La colaboradoraha respondido de forma tajante que en ese momento la nieta de Roc\u00edo Jurado ten\u00eda tres a\u00f1os y medio y ah\u00ed no estaba rota. Olga Moreno ha confirmado que ha escuchado muchas veces a Roc\u00edo Flores decir que no quer\u00eda irse con su madre <strong data-node-id=\"6.1\">\u00abporque la convivencia era muy complicada\u00bb. <\/strong>Ante esto, dejaba claro que jam\u00e1s ha salido una palabra mala de su boca hacia Roc\u00edo Carrasco. \u00ab<strong data-node-id=\"6.3\">Nunca he hablado mal de ella, lo hemos intentado suavizar<\/strong>\u00ab, pero los colaboradores le recordaban que en los plat\u00f3s, Antonio David si atacaba a Roc\u00edo Carrasco. \u00ab\u00c9l se estaba defendiendo. Roc\u00edo Carrasco no se quedaba callada\u00bb. <\/p>\n<p><img draggable=\"true\" alt=\"olga moreno\" title=\"Olga Moreno\" loading=\"lazy\" width=\"1419\" height=\"789\" decoding=\"async\" data-nimg=\"1\" style=\"color:transparent;width:100%;height:auto;\"   src=\"https:\/\/www.europesays.com\/es\/wp-content\/uploads\/2025\/09\/olga-moreno-y-rocio-68c845564abf5.png\" class=\"css-0 e1g79fud0\"\/><\/p>\n<p>Telecinco<\/p>\n<p data-journey-content=\"true\" data-node-id=\"9\" class=\"css-i9p093 emevuu60\">En resumen, S\u00a1sobre la entrevista la sevillana ha reconocido que hab\u00eda sido muy dif\u00edcil para ella. \u00abEs muy complicado hacer una entrevista <strong data-node-id=\"9.1\">sin decir nada malo de su madre habi\u00e9ndola puesto a los pies de los caballos<\/strong>\u00ab. <\/p>\n<p><img src=\"https:\/\/www.europesays.com\/es\/wp-content\/uploads\/2025\/09\/1757998449_451_efed3e56-411c-4c5f-aad1-8194ce4fe362_1700500172.file\" alt=\"Headshot of Redacci\u00f3n Diez Minutos\" title=\"Headshot of Redacci\u00f3n Diez Minutos\" width=\"100%\" height=\"100%\" decoding=\"async\" loading=\"lazy\" class=\"css-o0wq4v ev8dhu53\"\/><\/p>\n<p>\u00a0En Diez Minutos somos especialistas en cubrir todas las noticias del coraz\u00f3n y de la monarqu\u00eda para acercarte a las vidas de todos esos personajes a los que admiras.<\/p>\n<p>Descubre con nosotros la \u00faltima hora de los famosos nacionales e internacionales m\u00e1s relevantes: sus pol\u00e9micas, sus historias amorosas y familiares y sus proyectos profesionales con nuestras entrevistas, videos y reportajes. Tambi\u00e9n te mostramos el d\u00eda a d\u00eda de la realeza, cont\u00e1ndote con especial detalle la vida personal y familiar de nuestros Reyes: Felipe VI y Letizia y sus hijas Leonor y Sof\u00eda.<\/p>\n<p>Diez Minutos es mucho m\u00e1s que cr\u00f3nica social. Queremos hacerte la vida m\u00e1s f\u00e1cil y cuidar de ti. Por eso, publicamos una amplia selecci\u00f3n de contenidos pr\u00e1cticos para ayudarte en tu econom\u00eda dom\u00e9stica, en la decoraci\u00f3n de tu casa o en tu bienestar f\u00edsico y emocional. Tambi\u00e9n encontrar\u00e1s todo tipo de noticias y reportajes sobre el embarazo y la maternidad para facilitarte este proceso de la vida.<\/p>\n<p>La cocina es otra parte fundamental de esta gu\u00eda pr\u00e1ctica con la mejor selecci\u00f3n de recetas y consejos para llevar una dieta saludable y variada. Y todo ello sin olvidarnos de los contenidos de moda y belleza que te har\u00e1n estar a la \u00faltima en las tendencias del momento con numerosas propuestas, ofertas y novedades.<\/p>\n<p>Te lo contamos todo con la misma rigurosidad y cercan\u00eda con la que te llevamos acompa\u00f1ando desde hace 72 a\u00f1os, cuando un 1 de septiembre de 1951 la revista vio la luz por primera vez. Muchas cosas han cambiado en lo que se refiere a la parte t\u00e9cnica, pero lo que te aseguramos es que el equipo que forma esta redacci\u00f3n realiza su trabajo con entusiasmo y entrega pensando en cada uno de vosotros para que encontr\u00e9is aqu\u00ed el sitio ideal donde disfrutar de la vida.<\/p>\n<p>El equipo digital de Diez Minutos est\u00e1 formado por:<\/p>\n<p><a href=\"https:\/\/www.diezminutos.es\/author\/15369\/rosa-prieto\/\" rel=\"nofollow noopener\" target=\"_blank\">Rosa Prieto:<\/a> Directora digital.<\/p>\n<p><a href=\"https:\/\/www.diezminutos.es\/author\/18095\/silvia-criado\/\" rel=\"nofollow noopener\" target=\"_blank\">Silvia Criado:<\/a> Jefa de secci\u00f3n digital.<\/p>\n<p><a href=\"https:\/\/www.diezminutos.es\/author\/16262\/magdalena-pinero\/\" rel=\"nofollow noopener\" target=\"_blank\">Magdalena Pi\u00f1ero:<\/a> redactora digital.\u00a0<\/p>\n<p><a href=\"https:\/\/www.diezminutos.es\/author\/16270\/daniel-reyes\/\" rel=\"nofollow noopener\" target=\"_blank\">Daniel Reyes:<\/a> redactor digital.<\/p>\n<p><a href=\"https:\/\/www.diezminutos.es\/author\/221934\/ignacio-herruzo\/\" rel=\"nofollow noopener\" target=\"_blank\">Ignacio Herruzo<\/a>: redactor digital.<\/p>\n<p><a href=\"https:\/\/www.diezminutos.es\/author\/740003\/nora-camara\/\" rel=\"nofollow noopener\" target=\"_blank\">Nora C\u00e1mara<\/a>: redactora digital.\u00a0<\/p>\n","protected":false},"excerpt":{"rendered":"Este lunes 15 de septiembre, Olga Moreno ha reaccionado a la entrevista de Roc\u00edo Flores en &#8216;\u00a1De viernes!&#8217;.&hellip;\n","protected":false},"author":2,"featured_media":118073,"comment_status":"","ping_status":"","sticky":false,"template":"","format":"standard","meta":{"footnotes":""},"categories":[91],"tags":[253,146,147,25,24,23],"class_list":{"0":"post-118072","1":"post","2":"type-post","3":"status-publish","4":"format-standard","5":"has-post-thumbnail","7":"category-entretenimiento","8":"tag-discover","9":"tag-entertainment","10":"tag-entretenimiento","11":"tag-es","12":"tag-espana","13":"tag-spain"},"share_on_mastodon":{"url":"","error":""},"_links":{"self":[{"href":"https:\/\/www.europesays.com\/es\/wp-json\/wp\/v2\/posts\/118072","targetHints":{"allow":["GET"]}}],"collection":[{"href":"https:\/\/www.europesays.com\/es\/wp-json\/wp\/v2\/posts"}],"about":[{"href":"https:\/\/www.europesays.com\/es\/wp-json\/wp\/v2\/types\/post"}],"author":[{"embeddable":true,"href":"https:\/\/www.europesays.com\/es\/wp-json\/wp\/v2\/users\/2"}],"replies":[{"embeddable":true,"href":"https:\/\/www.europesays.com\/es\/wp-json\/wp\/v2\/comments?post=118072"}],"version-history":[{"count":0,"href":"https:\/\/www.europesays.com\/es\/wp-json\/wp\/v2\/posts\/118072\/revisions"}],"wp:featuredmedia":[{"embeddable":true,"href":"https:\/\/www.europesays.com\/es\/wp-json\/wp\/v2\/media\/118073"}],"wp:attachment":[{"href":"https:\/\/www.europesays.com\/es\/wp-json\/wp\/v2\/media?parent=118072"}],"wp:term":[{"taxonomy":"category","embeddable":true,"href":"https:\/\/www.europesays.com\/es\/wp-json\/wp\/v2\/categories?post=118072"},{"taxonomy":"post_tag","embeddable":true,"href":"https:\/\/www.europesays.com\/es\/wp-json\/wp\/v2\/tags?post=118072"}],"curies":[{"name":"wp","href":"https:\/\/api.w.org\/{rel}","templated":true}]}}