{"id":118078,"date":"2025-09-16T04:58:09","date_gmt":"2025-09-16T04:58:09","guid":{"rendered":"https:\/\/www.europesays.com\/es\/118078\/"},"modified":"2025-09-16T04:58:09","modified_gmt":"2025-09-16T04:58:09","slug":"honor-o-ridiculo-internacional-psoe-y-pp-agrandan-sus-diferencias-a-proposito-de-las-protestas-contra-israel-espana","status":"publish","type":"post","link":"https:\/\/www.europesays.com\/es\/118078\/","title":{"rendered":"\u201cHonor\u201d o \u201crid\u00edculo internacional\u201d: PSOE y PP agrandan sus diferencias a prop\u00f3sito de las protestas contra Israel | Espa\u00f1a"},"content":{"rendered":"<p class=\"\">Los primeros discursos del secretario general del PSOE y el l\u00edder del PP a sus respectivas filas, el primero pronunciado este lunes en el Congreso <a href=\"https:\/\/elpais.com\/espana\/2025-09-15\/sanchez-pide-que-se-expulse-a-israel-de-las-competiciones-deportivas-mientras-no-cese-la-barbarie-contra-los-palestinos.html\" target=\"_self\" rel=\"nofollow noopener\" title=\"https:\/\/elpais.com\/espana\/2025-09-15\/sanchez-pide-que-se-expulse-a-israel-de-las-competiciones-deportivas-mientras-no-cese-la-barbarie-contra-los-palestinos.html\">frente a diputados, senadores y europarlamentarios socialistas,<\/a> y el segundo, <a href=\"https:\/\/elpais.com\/espana\/2025-09-15\/feijoo-acusa-a-sanchez-de-alentar-actos-de-violencia-que-ponen-en-riesgo-la-vida-de-las-personas.html\" target=\"_self\" rel=\"nofollow noopener\" title=\"https:\/\/elpais.com\/espana\/2025-09-15\/feijoo-acusa-a-sanchez-de-alentar-actos-de-violencia-que-ponen-en-riesgo-la-vida-de-las-personas.html\">ante la Junta Directiva Nacional,<\/a> incluidos los barones auton\u00f3micos populares, en la sede de la formaci\u00f3n, confirman la ruptura total entre los dos principales partidos, con visiones antag\u00f3nicas en cualquier asunto: desde la econom\u00eda a la pol\u00edtica exterior. Lo que para Pedro S\u00e1nchez es motivo de \u201cinmenso respeto y profunda admiraci\u00f3n\u201d, esto es, la movilizaci\u00f3n contra el genocidio en Gaza por parte de la sociedad civil \u2014que el domingo provoc\u00f3 la <a href=\"https:\/\/elpais.com\/deportes\/ciclismo\/2025-09-14\/los-activistas-en-favor-de-palestina-toman-las-calles-de-madrid-y-acaban-con-la-vuelta-a-espana.html\" target=\"_self\" rel=\"nofollow noopener\" title=\"https:\/\/elpais.com\/deportes\/ciclismo\/2025-09-14\/los-activistas-en-favor-de-palestina-toman-las-calles-de-madrid-y-acaban-con-la-vuelta-a-espana.html\">anulaci\u00f3n de la \u00faltima etapa de la vuelta ciclista a Espa\u00f1a<\/a>\u2014, para Alberto N\u00fa\u00f1ez Feij\u00f3o es \u201cviolencia pol\u00edtica\u201d. Lo que para el presidente del Gobierno es \u201cdefender lo correcto\u201d y hacer que Espa\u00f1a sea \u201cquien salva el honor de Europa\u201d, para el l\u00edder de la oposici\u00f3n es un \u201crid\u00edculo internacional\u201d que hace que Espa\u00f1a \u201ccada vez pinte menos entre los aliados\u201d. Ninguno de los primeros mensajes del nuevo curso pol\u00edtico apuntan a una desescalada en el clima de crispaci\u00f3n. Feij\u00f3o asegura que no conceder\u00e1 \u201cni un mil\u00edmetro de terreno a este Gobierno\u201d. S\u00e1nchez insiste en que el PP \u201cse ha mimetizado con la extrema derecha en el fondo y en la forma\u201d. <\/p>\n<p class=\"\">\u201c\u00bfDe qu\u00e9 sirve tener voz si uno se limita a repetir lo que dicen otros?\u201d, pregunt\u00f3 el presidente del Ejecutivo antes de reivindicar su postura, discrepante \u201cde algunos socios europeos e internacionales\u201d, frente a \u201clas atrocidades de Netanyahu\u201d, o su rechazo a la \u201cimposici\u00f3n de un gasto militar innecesario\u201d, <a href=\"https:\/\/elpais.com\/espana\/2025-06-19\/espana-amaga-con-bloquear-el-objetivo-del-5-de-gasto-en-defensa-en-la-otan.html\" target=\"_self\" rel=\"nofollow noopener\" title=\"https:\/\/elpais.com\/espana\/2025-06-19\/espana-amaga-con-bloquear-el-objetivo-del-5-de-gasto-en-defensa-en-la-otan.html\">en alusi\u00f3n a la exigencia de la OTAN para destinar un 5% del PIB<\/a> a Defensa. \u201cNo es que estuvi\u00e9ramos solos, es que hemos sido los primeros\u201d, a\u00f1adi\u00f3 S\u00e1nchez refiri\u00e9ndose al <a href=\"https:\/\/elpais.com\/internacional\/2024-05-28\/declaracion-solemne-en-espana-perfil-bajo-en-irlanda-y-noruega-asi-ha-sido-el-reconocimiento-de-palestina-en-los-tres-paises-europeos.html\" target=\"_self\" rel=\"nofollow noopener\" title=\"https:\/\/elpais.com\/internacional\/2024-05-28\/declaracion-solemne-en-espana-perfil-bajo-en-irlanda-y-noruega-asi-ha-sido-el-reconocimiento-de-palestina-en-los-tres-paises-europeos.html\">reconocimiento por parte de Espa\u00f1a del Estado palestino<\/a> \u2014junto a Irlanda, Noruega y Eslovenia\u2014 aprobado el a\u00f1o pasado, <a href=\"https:\/\/elpais.com\/espana\/2025-09-15\/las-protestas-propalestinas-durante-la-vuelta-recrudecen-la-crisis-con-israel.html\" target=\"_self\" rel=\"nofollow noopener\" title=\"https:\/\/elpais.com\/espana\/2025-09-15\/las-protestas-propalestinas-durante-la-vuelta-recrudecen-la-crisis-con-israel.html\">un paso que se disponen a dar Francia, Reino Unido, Canad\u00e1 y Malta.<\/a> \u201c\u00bfPor qu\u00e9 se expuls\u00f3 a Rusia tras la invasi\u00f3n de Ucrania y no se expulsa Israel tras la invasi\u00f3n de Gaza? Nuestra posici\u00f3n es clara y rotunda: hasta que no cese la barbarie, ni Rusia ni Israel deben estar en ninguna competici\u00f3n internacional m\u00e1s\u201d, concluy\u00f3. \u201cSe puede repudiar\u201d, declar\u00f3, por su parte, Feij\u00f3o, \u201clo que ocurre en Gaza sin tener que caer en el antisemitismo o llegar a ser felicitado por un grupo de terrorista\u201d. <\/p>\n<p><img alt=\"El l\u00edder del PP, Alberto \u00d1\u00fa\u00f1ez Feij\u00f3o, saluda a varios polic\u00edas este lunes durante su visita a la Feria de Albacete.\" decoding=\"auto\" class=\"_re lazyload a_m-h\" height=\"264\"  width=\"414\"  src=\"https:\/\/www.europesays.com\/es\/wp-content\/uploads\/2025\/09\/4YD4UKCK5JALZIZOYYH47NWMSQ.jpg\" loading=\"lazy\"\/>El l\u00edder del PP, Alberto \u00d1\u00fa\u00f1ez Feij\u00f3o, saluda a varios polic\u00edas este lunes durante su visita a la Feria de Albacete.Manu (EFE)<\/p>\n<p class=\"\">Mientras el Gobierno defiende su posici\u00f3n contra Israel en Gaza como una postura vanguardista que arrastra a otros \u2014por ejemplo, en el reconocimiento del Estado palestino\u2014, el PP insiste en que la a\u00edsla de Europa y de sus aliados y que obedece a un intento de tapar los esc\u00e1ndalos de corrupci\u00f3n. \u201cUtilizan una crisis humanitaria como una cortina de humo\u201d, declar\u00f3 Feij\u00f3o. \u201cS\u00e1nchez quiere poner la causa palestina en Espa\u00f1a en primer plano para tapar los casos de corrupci\u00f3n que le acorralan pol\u00edticamente\u201d, abund\u00f3 Miguel Tellado, secretario general de los populares. \u201cA S\u00e1nchez\u201d, insisti\u00f3 el expresidente Jos\u00e9 Mar\u00eda Aznar en una entrevista en Telecinco, \u201cle da igual la causa palestina\u201d. El apoyo de S\u00e1nchez a las protestas tambi\u00e9n gener\u00f3 cr\u00edticas fuera, m\u00e1s all\u00e1 de las de Israel, como la de la primera ministra danesa, Mette Frederiksen, quien acus\u00f3 al presidente del Gobierno de \u201caplaudir a los gamberros\u201d. <\/p>\n<p class=\"\">La presidenta de la Comunidad de Madrid, Isabel D\u00edaz Ayuso, quien hab\u00eda marcado la pauta en una entrevista a primera hora en EsRadio, fue m\u00e1s lejos. Compar\u00f3 las protestas del domingo contra la participaci\u00f3n de un equipo israel\u00ed en la vuelta ciclista con \u201cSarajevo en guerra\u201d. \u201cUn deportista no es culpable de su Gobierno, si no, Alcaraz no podr\u00eda ir por el mundo\u201d, a\u00f1adi\u00f3. La baronesa popular, al igual que Aznar, calific\u00f3 a los participantes en la protesta de \u201ckale borroka\u201d y la movilizaci\u00f3n ciudadana como \u201cun atentado contra el mundo libre, ya que Israel es la \u00fanica democracia en Oriente pr\u00f3ximo\u201d, adem\u00e1s de un \u201cataque programado para desprestigiar a Madrid\u201d. Ayuso tambi\u00e9n acus\u00f3 a S\u00e1nchez de representar \u201cel fascismo-comunismo\u201d; de encarnar un \u201cr\u00e9gimen autocr\u00e1tico\u201d y de ser el responsable de que \u201ccada vez m\u00e1s gente est\u00e9 sacando a sus hijos de Espa\u00f1a\u201d. <\/p>\n<p><img alt=\"El presidente del Gobierno, Pedro S\u00e1nchez, acompa\u00f1ado por la vicepresidenta del Gobierno y ministra de Hacienda, Mar\u00eda Jes\u00fas Montero (a su izquierda) este lunes en el Congreso.\" decoding=\"auto\" class=\"_re lazyload a_m-h\" height=\"277\"  width=\"414\"  src=\"https:\/\/www.europesays.com\/es\/wp-content\/uploads\/2025\/09\/NJVCBWYQ5JAJZOW4CFL6WSTC6U.jpg\" loading=\"lazy\"\/>El presidente del Gobierno, Pedro S\u00e1nchez, acompa\u00f1ado por la vicepresidenta del Gobierno y ministra de Hacienda, Mar\u00eda Jes\u00fas Montero (a su izquierda) este lunes en el Congreso.Diego Radam\u00e9s  (Europa Press)<\/p>\n<p class=\"\">En su discurso ante diputados, senadores y europarlamentarios socialistas, S\u00e1nchez trat\u00f3 de motivar a los suyos pese al complicado momento que vive el partido, con Santos Cerd\u00e1n, su <a href=\"https:\/\/elpais.com\/espana\/2025-07-23\/el-supremo-confirma-la-prision-provisional-de-cerdan-ante-los-indicios-de-su-papel-activo-en-la-trama.html\" target=\"_self\" rel=\"nofollow noopener\" title=\"https:\/\/elpais.com\/espana\/2025-07-23\/el-supremo-confirma-la-prision-provisional-de-cerdan-ante-los-indicios-de-su-papel-activo-en-la-trama.html\">ex secretario de Organizaci\u00f3n, <\/a>encarcelado y ante la dificultad para sacar adelante cualquier proyecto por la dependencia de socios de investidura en corrientes ideol\u00f3gicas opuestas. El l\u00edder del PSOE reivindica a su partido como referente de la socialdemocracia en una Europa donde avanza la extrema derecha. \u201cNos toca inspirar a otros, ser la luz\u201d, declar\u00f3, poco antes de que Feij\u00f3o animase a la c\u00fapula del PP, precisamente, a ser \u201cla luz frente a la oscuridad\u201d del Ejecutivo. S\u00e1nchez pide a sus diputados y senadores que no dejen que \u201cla dificultad parlamentaria\u201d les reste \u201cun \u00e1pice de ambici\u00f3n\u201d y asegura que, \u201cpese a las zancadillas\u201d, las medidas que pretenden llevar a cabo saldr\u00e1n adelante, sino ahora, \u201cen el futuro\u201d. El l\u00edder del PP, por su parte, trata de convencer a sus filas de que el cambio es inminente y seguro porque S\u00e1nchez \u201cha renunciado a gobernar\u201d. As\u00ed, tras anunciar varias propuestas que llevar\u00e1 a la C\u00e1mara baja, como un plan de vivienda o un endurecimiento de la pol\u00edtica de indemnizaciones por los retrasos en Renfe, a\u00f1adi\u00f3 como coletilla: \u201cLo rechazar\u00e1n en el Congreso, pero lo aprobaremos en el Gobierno\u201d. <\/p>\n","protected":false},"excerpt":{"rendered":"Los primeros discursos del secretario general del PSOE y el l\u00edder del PP a sus respectivas filas, el&hellip;\n","protected":false},"author":2,"featured_media":118079,"comment_status":"","ping_status":"","sticky":false,"template":"","format":"standard","meta":{"footnotes":""},"categories":[8],"tags":[6069,13241,17,18,25,24,13,14,11,3515,74,10318,19,20,4375,9,10,15,16,2959,956,1699,23,12,21,22,7603],"class_list":{"0":"post-118078","1":"post","2":"type-post","3":"status-publish","4":"format-standard","5":"has-post-thumbnail","7":"category-espana","8":"tag-alberto-nunez-feijoo","9":"tag-benjamin-netanyahu","10":"tag-breaking-news","11":"tag-breakingnews","12":"tag-es","13":"tag-espana","14":"tag-featured-news","15":"tag-featurednews","16":"tag-headlines","17":"tag-isabel-diaz-ayuso","18":"tag-israel","19":"tag-jose-maria-aznar","20":"tag-latest-news","21":"tag-latestnews","22":"tag-miguel-tellado","23":"tag-news","24":"tag-noticias","25":"tag-noticias-destacadas","26":"tag-noticiasdestacadas","27":"tag-pedro-sanchez","28":"tag-pp","29":"tag-psoe","30":"tag-spain","31":"tag-titulares","32":"tag-ultimas-noticias","33":"tag-ultimasnoticias","34":"tag-vuelta-espana"},"share_on_mastodon":{"url":"","error":""},"_links":{"self":[{"href":"https:\/\/www.europesays.com\/es\/wp-json\/wp\/v2\/posts\/118078","targetHints":{"allow":["GET"]}}],"collection":[{"href":"https:\/\/www.europesays.com\/es\/wp-json\/wp\/v2\/posts"}],"about":[{"href":"https:\/\/www.europesays.com\/es\/wp-json\/wp\/v2\/types\/post"}],"author":[{"embeddable":true,"href":"https:\/\/www.europesays.com\/es\/wp-json\/wp\/v2\/users\/2"}],"replies":[{"embeddable":true,"href":"https:\/\/www.europesays.com\/es\/wp-json\/wp\/v2\/comments?post=118078"}],"version-history":[{"count":0,"href":"https:\/\/www.europesays.com\/es\/wp-json\/wp\/v2\/posts\/118078\/revisions"}],"wp:featuredmedia":[{"embeddable":true,"href":"https:\/\/www.europesays.com\/es\/wp-json\/wp\/v2\/media\/118079"}],"wp:attachment":[{"href":"https:\/\/www.europesays.com\/es\/wp-json\/wp\/v2\/media?parent=118078"}],"wp:term":[{"taxonomy":"category","embeddable":true,"href":"https:\/\/www.europesays.com\/es\/wp-json\/wp\/v2\/categories?post=118078"},{"taxonomy":"post_tag","embeddable":true,"href":"https:\/\/www.europesays.com\/es\/wp-json\/wp\/v2\/tags?post=118078"}],"curies":[{"name":"wp","href":"https:\/\/api.w.org\/{rel}","templated":true}]}}