{"id":118082,"date":"2025-09-16T05:05:12","date_gmt":"2025-09-16T05:05:12","guid":{"rendered":"https:\/\/www.europesays.com\/es\/118082\/"},"modified":"2025-09-16T05:05:12","modified_gmt":"2025-09-16T05:05:12","slug":"galindo-cierra-las-fiestas-de-astudillo","status":"publish","type":"post","link":"https:\/\/www.europesays.com\/es\/118082\/","title":{"rendered":"Galindo cierra las fiestas de Astudillo"},"content":{"rendered":"<p>Astudillo cerr\u00f3 ayer sus fiestas de la Santa Cruz con el Toro del Pueblo, que este a\u00f1o estuvo protagonizado por Galindo, un utrero de 472 kilos de la ganader\u00eda Nazario Ib\u00e1\u00f1ez. Cientos de vecinos, ansiosos de disfrutar el \u00faltimo evento de las fiestas de este a\u00f1o, esperaban a lo largo del recorrido (calles Pozo Rinc\u00f3n, Fernando Monedero y Santiago Aguado) para poder ver lo m\u00e1s cerca posible al astado, para el que tuvieron opiniones de todo tipo, ya que para algunos \u00abel toro era un poco peque\u00f1o\u00bb, mientras que para otros \u00absu figura impon\u00eda\u00bb a medida que se acercaba.<\/p>\n<p>Los que se situaban al final del trayecto fueron los que menos suerte tuvieron ya que, debido a la gran longitud del mismo, Galindo pas\u00f3, sobre todo, por la primera mitad. Sin embargo, otros le intentaban seguir all\u00e1 donde iba, aunque sin acercarse demasiado. En varias ocasiones golpe\u00f3 las talanqueras, lo que supuso un aviso incluso para los m\u00e1s valientes. Adem\u00e1s, otros se asomaron a las ventanas y salieron a los balcones para tambi\u00e9n presenciar la escena desde otro punto de vista.<br \/>Desde las calles paralelas se pod\u00eda apreciar en qu\u00e9 punto de todo el recorrido estaba el utrero, ya que se escuchaban los gritos y se ve\u00edan las carreras de los vecinos. A todo ello, le acompa\u00f1\u00f3 una temperatura id\u00f3nea para el disfrute de los presentes. Cabe destacar que se trata de un acto que, desde 2018, sustituye al enmaromado, algo ya prohibido judicialmente. Para el alcalde de Astudillo, Luis Santos, \u00absoltar un animal de este peso solo por el recorrido es un peligro por el n\u00famero de gente\u00bb.\u00a0<\/p>\n<p>Por lo tanto, su deseo, adem\u00e1s de que la gente disfrute, era que \u00aba nadie le pasase nada\u00bb. Por si acaso, se habilit\u00f3 una enfermer\u00eda, una UVI m\u00f3vil y dos ambulancias para garantizar la atenci\u00f3n m\u00e9dica inmediata si hubiese alg\u00fan problema. \u00abEl toro enmaromado era algo parecido a esto, pero daba mucha m\u00e1s seguridad que la que hay ahora y con lo que nunca tuvimos mayor problema m\u00e1s all\u00e1 de que alguna vez se pod\u00eda enganchar la cuerda en alg\u00fan sitio\u00bb, afirm\u00f3 Luis Santos. El alcalde reconoce que \u00aba la gente le gustaba m\u00e1s el toro enmaromado\u00bb, aunque la gente que acud\u00eda antes y la que va despu\u00e9s de 2018 es similar.\u00a0<\/p>\n<p><img decoding=\"async\" loading=\"lazy\" src=\"https:\/\/www.europesays.com\/es\/wp-content\/uploads\/2025\/09\/38B40FD0-7A00-4142-80D4F1BEC25BD426.JPG\" alt=\"Galindo cierra las fiestas de Astudillo\" border=\"0\"\/>Galindo cierra las fiestas de Astudillo &#8211; Foto: SARA MUNIOSGUREN<\/p>\n<p>La zona de la plaza de toros de la localidad era la que m\u00e1s gente congreg\u00f3 y la que m\u00e1s suerte tuvo, porque pudo ver de cerca a Galindo en innumerables ocasiones. Una vez que se ve\u00eda al toro completamente exhausto finaliz\u00f3 su paseo, que dur\u00f3 poco m\u00e1s de una hora. Todo ello, controlado por una Comisi\u00f3n Taurina, cuyos miembros est\u00e1n continuamente comunicados entre ellos, por lo que \u00abhay muchas medidas de seguridad\u00bb, remat\u00f3 el alcalde de la localidad.<\/p>\n<p>Romer\u00eda y comida. Como previa al Toro del Pueblo, ayer por la ma\u00f1ana se celebr\u00f3 la tradicional romer\u00eda en la ermita de Torre, para que m\u00e1s tarde se celebrase la comida campestre y la degustaci\u00f3n del guiso de la vaquilla para coger fuerzas antes de uno de los eventos que m\u00e1s deseaban los vecinos de Astudillo.<br \/>La localidad despidi\u00f3 sus fiestas de la Santa Cruz tras cinco d\u00edas de celebraci\u00f3n con el concierto de Pixie Dixie Band, una banda formada por m\u00fasicos de Pe\u00f1afiel (Valladolid) y Palencia, justo despu\u00e9s del Toro del Pueblo.<\/p>\n","protected":false},"excerpt":{"rendered":"Astudillo cerr\u00f3 ayer sus fiestas de la Santa Cruz con el Toro del Pueblo, que este a\u00f1o estuvo&hellip;\n","protected":false},"author":2,"featured_media":118083,"comment_status":"","ping_status":"","sticky":false,"template":"","format":"standard","meta":{"footnotes":""},"categories":[277],"tags":[31778,373,168,5401,25,24,39343,1949,6442,5142,1389,23,167,625,374,444,1607],"class_list":{"0":"post-118082","1":"post","2":"type-post","3":"status-publish","4":"format-standard","5":"has-post-thumbnail","7":"category-toreo","8":"tag-astudillo","9":"tag-bullfighting","10":"tag-deportes","11":"tag-enfermeria","12":"tag-es","13":"tag-espana","14":"tag-fiestas-de-santa-teresa","15":"tag-ganaderia","16":"tag-palencia","17":"tag-penafiel","18":"tag-plaza-de-toros","19":"tag-spain","20":"tag-sports","21":"tag-tauromaquia","22":"tag-toreo","23":"tag-toros","24":"tag-valladolid"},"share_on_mastodon":{"url":"","error":""},"_links":{"self":[{"href":"https:\/\/www.europesays.com\/es\/wp-json\/wp\/v2\/posts\/118082","targetHints":{"allow":["GET"]}}],"collection":[{"href":"https:\/\/www.europesays.com\/es\/wp-json\/wp\/v2\/posts"}],"about":[{"href":"https:\/\/www.europesays.com\/es\/wp-json\/wp\/v2\/types\/post"}],"author":[{"embeddable":true,"href":"https:\/\/www.europesays.com\/es\/wp-json\/wp\/v2\/users\/2"}],"replies":[{"embeddable":true,"href":"https:\/\/www.europesays.com\/es\/wp-json\/wp\/v2\/comments?post=118082"}],"version-history":[{"count":0,"href":"https:\/\/www.europesays.com\/es\/wp-json\/wp\/v2\/posts\/118082\/revisions"}],"wp:featuredmedia":[{"embeddable":true,"href":"https:\/\/www.europesays.com\/es\/wp-json\/wp\/v2\/media\/118083"}],"wp:attachment":[{"href":"https:\/\/www.europesays.com\/es\/wp-json\/wp\/v2\/media?parent=118082"}],"wp:term":[{"taxonomy":"category","embeddable":true,"href":"https:\/\/www.europesays.com\/es\/wp-json\/wp\/v2\/categories?post=118082"},{"taxonomy":"post_tag","embeddable":true,"href":"https:\/\/www.europesays.com\/es\/wp-json\/wp\/v2\/tags?post=118082"}],"curies":[{"name":"wp","href":"https:\/\/api.w.org\/{rel}","templated":true}]}}