{"id":118088,"date":"2025-09-16T05:09:08","date_gmt":"2025-09-16T05:09:08","guid":{"rendered":"https:\/\/www.europesays.com\/es\/118088\/"},"modified":"2025-09-16T05:09:08","modified_gmt":"2025-09-16T05:09:08","slug":"juan-ayuso-liderara-la-seleccion-espanola-masculina-en-el","status":"publish","type":"post","link":"https:\/\/www.europesays.com\/es\/118088\/","title":{"rendered":"Juan Ayuso liderar\u00e1 la Selecci\u00f3n Espa\u00f1ola masculina en el&#8230;"},"content":{"rendered":"<p>                    El ciclista alicantino, que viene de ganar dos etapas en La Vuelta, ser\u00e1 la principal baza nacional en uno de los Mundiales m\u00e1s duros de la historia. Iv\u00e1n Romeo y Ra\u00fal Garc\u00eda Pierna, representantes en la crono de 40,6 km. Esta es la convocatoria de Alejandro Valverde.<\/p>\n<p class=\"c-news-list__author\">Ciclismoafondo.es. Foto: RFEC<\/p>\n<p class=\"c-mainarticle__date\">\n<p>                    15 de septiembre de 2025 (14:41 CET)<\/p>\n<p>                                                                                                                                        <img fetchpriority=\"high\" decoding=\"async\" src=\"https:\/\/www.europesays.com\/es\/wp-content\/uploads\/2025\/09\/convocatoria-de-la-seleccion-espanola-para-el-mundial-de-ruanda.jpeg\" alt=\"Convocatoria de la Selecci\u00f3n Espa\u00f1ola para el Mundial de Ruanda\" title=\"Convocatoria de la Selecci\u00f3n Espa\u00f1ola para el Mundial de Ruanda\" class=\"c-mainarticle__img\" loading=\"eager\" width=\"790\" height=\"454\"\/><\/p>\n<p>                    Convocatoria de la Selecci\u00f3n Espa\u00f1ola para el Mundial de Ruanda<\/p>\n<p>Con<strong> Juan Ayuso <\/strong>como principal baza, la\u00a0<strong>Selecci\u00f3n Espa\u00f1ola \u00e9lite masculina<\/strong>, dirigida por Alejandro Valverde, estar\u00e1\u00a0representada en el Campeonato del Mundo de ciclismo en carretera por <strong>ocho ciclistas que acuden a la cita <\/strong>por el arco\u00edris <strong>en una gran condici\u00f3n<\/strong>. El Mundial\u00a0se disputa por primera vez en el continente africano sobre un <strong>dur\u00edsimo recorrido en Kigali <\/strong>(Ruanda).<\/p>\n<p><strong>Juan Ayuso y Marc Soler<\/strong> (UAE Team Emirates),<strong> Iv\u00e1n Romeo y Carlos Canal<\/strong> (Movistar Team), <strong>Carlos Verona<\/strong> (Lidl-Trek), <strong>Roger Adri\u00e0<\/strong> (Red Bull &#8211; BORA \u2013 Hansgrohe),<strong> Ra\u00fal Garc\u00eda Pierna <\/strong>(Ark\u00e9a &#8211; B&amp;B Hotels) <strong>y Abel Balderstone <\/strong>(Caja Rural-Seguros RGA)\u00a0conformar\u00e1n el equipo espa\u00f1ol en Ruanda para la <strong>prueba en ruta<\/strong>, que tendr\u00e1 lugar el <strong>domingo 28 de septiembre.<\/strong><\/p>\n<p><img decoding=\"async\" loading=\"lazy\" alt=\"convocatoria seleccion espa\u00f1ola Mundial foto 2\" data-id=\"14475688\" data-resize=\"null\" height=\"800\" src=\"https:\/\/www.europesays.com\/es\/wp-content\/uploads\/2025\/09\/convocatoria-seleccion-espanola-mundial-foto-2.jpeg\" title=\"convocatoria seleccion espa\u00f1ola Mundial foto 2\" width=\"800\"\/><\/p>\n<p>El potente bloque nacional viene casi en su totalidad (con las excepciones de Iv\u00e1n Romero y Roger Adri\u00e1) de participar en La Vuelta a Espa\u00f1a, donde <strong>Juan Ayuso <\/strong>ha conquistado dos etapas, <strong>Marc Soler <\/strong>se impuso en otra\u00a0con una gran exhibici\u00f3n en la Farrapona, <strong>Abel Balderstone<\/strong> acab\u00f3 como el mejor espa\u00f1ol de la general (13\u00ba) y el resto de los integrantes del equipo h<strong>an mostrado tambi\u00e9n un gran golpe de pedal<\/strong>.<\/p>\n<p><strong>Iv\u00e1n Romeo, <\/strong>vigente campe\u00f3n del mundo sub23 en contrarreloj, <strong>y Ra\u00fal Garc\u00eda ser\u00e1n los encargados de representar a la Selecci\u00f3n Espa\u00f1ola en la prueba cronometrada del domingo 21<\/strong>. Los j\u00f3venes especialistas nacionales competir\u00e1n en este Mundial sobre un recorrido de <strong>40,6 kil\u00f3metros <\/strong>y 680 metros de desnivel positivo acumulado. Una exigente crono en la que tendr\u00e1n que<strong> afrontar en dos ocasiones la Cote de Nyanza<\/strong>, de 2,5 km al 5,8 de pendiente media, una vez la <strong>Cote de Peage<\/strong> (2 km al 6%) y finalmente el muro empedrado de la <strong>Cote de Kimihurura<\/strong>, de 1,3 km y 6,3%,\u00a0muy cerca de la meta.<\/p>\n<p><strong>La prueba en l\u00ednea \u00e9lite masculina\u00a0<\/strong>se disputar\u00e1 el <strong>domingo 28 de septiembre<\/strong> como colof\u00f3n del Campeonato. En Kigali viviremos una cita hist\u00f3rica, con un <strong>brutal recorrido de 267,5 kil\u00f3metros y 5.475 metros de desnivel positivo acumulado<\/strong> fruto de dar <strong>15 vueltas al circuito local de Kigali <\/strong>con las subidas de <strong>Kigali Golf <\/strong>(800 metros\u00a0al 8,1% de media con rampas m\u00e1ximas del 14%) y la <strong>subida adoquinada a Kimihurura,\u00a0<\/strong>de 1,3 km y 6,3% de pendiente media.<\/p>\n<p>La principal diferencia entre la carrera \u00e9lite masculina y el resto de pruebas de este Mundial ser\u00e1 la inclusi\u00f3n mediada la prueba de una <strong>extensi\u00f3n del circuito que incluye el paso por el Mont Kigali (5,9 km al 6,9%),<\/strong> una exigente subida que se coronar\u00e1 en el kil\u00f3metro 163 y que bien podr\u00eda desencadenar los primeros movimientos de los favoritos.<\/p>\n<p>\u00a0<\/p>\n","protected":false},"excerpt":{"rendered":"El ciclista alicantino, que viene de ganar dos etapas en La Vuelta, ser\u00e1 la principal baza nacional en&hellip;\n","protected":false},"author":2,"featured_media":118089,"comment_status":"","ping_status":"","sticky":false,"template":"","format":"standard","meta":{"footnotes":""},"categories":[273],"tags":[313,312,168,25,24,23,167],"class_list":{"0":"post-118088","1":"post","2":"type-post","3":"status-publish","4":"format-standard","5":"has-post-thumbnail","7":"category-ciclismo","8":"tag-ciclismo","9":"tag-cycling","10":"tag-deportes","11":"tag-es","12":"tag-espana","13":"tag-spain","14":"tag-sports"},"share_on_mastodon":{"url":"","error":""},"_links":{"self":[{"href":"https:\/\/www.europesays.com\/es\/wp-json\/wp\/v2\/posts\/118088","targetHints":{"allow":["GET"]}}],"collection":[{"href":"https:\/\/www.europesays.com\/es\/wp-json\/wp\/v2\/posts"}],"about":[{"href":"https:\/\/www.europesays.com\/es\/wp-json\/wp\/v2\/types\/post"}],"author":[{"embeddable":true,"href":"https:\/\/www.europesays.com\/es\/wp-json\/wp\/v2\/users\/2"}],"replies":[{"embeddable":true,"href":"https:\/\/www.europesays.com\/es\/wp-json\/wp\/v2\/comments?post=118088"}],"version-history":[{"count":0,"href":"https:\/\/www.europesays.com\/es\/wp-json\/wp\/v2\/posts\/118088\/revisions"}],"wp:featuredmedia":[{"embeddable":true,"href":"https:\/\/www.europesays.com\/es\/wp-json\/wp\/v2\/media\/118089"}],"wp:attachment":[{"href":"https:\/\/www.europesays.com\/es\/wp-json\/wp\/v2\/media?parent=118088"}],"wp:term":[{"taxonomy":"category","embeddable":true,"href":"https:\/\/www.europesays.com\/es\/wp-json\/wp\/v2\/categories?post=118088"},{"taxonomy":"post_tag","embeddable":true,"href":"https:\/\/www.europesays.com\/es\/wp-json\/wp\/v2\/tags?post=118088"}],"curies":[{"name":"wp","href":"https:\/\/api.w.org\/{rel}","templated":true}]}}