{"id":118094,"date":"2025-09-16T05:12:08","date_gmt":"2025-09-16T05:12:08","guid":{"rendered":"https:\/\/www.europesays.com\/es\/118094\/"},"modified":"2025-09-16T05:12:08","modified_gmt":"2025-09-16T05:12:08","slug":"el-presidente-del-csd-responde-a-la-uci","status":"publish","type":"post","link":"https:\/\/www.europesays.com\/es\/118094\/","title":{"rendered":"El presidente del CSD responde a la UCI"},"content":{"rendered":"<p class=\"ft-text\"><strong>Jos\u00e9 Manuel Rodr\u00edguez Uribes,<\/strong> presidente del Consejo Superior de Deportes (CSD) de Espa\u00f1a, ha enviado este lunes <a class=\"ft-link ft-link--decoration\" href=\"https:\/\/www.sport.es\/es\/noticias\/ciclismo\/uci-carga-pedro-sanchez-cuestiona-tour-barcelona-121605333\" rel=\"nofollow noopener\" target=\"_blank\">una carta al presidente de la Uni\u00f3n Ciclista Internacional (UCI), David Lappartient,<\/a> en la que afirma que en el organismo que dirige est\u00e1n <strong>\u00abmuy orgullosos de la grandeza del pueblo espa\u00f1ol y de su sensibilidad frente a situaciones profundamente inaceptables e intolerables\u00bb.<\/strong><\/p>\n<p class=\"ft-text\">\u00abHemos conocido, con profundo malestar y sorpresa, su declaraci\u00f3n acerca de La Vuelta Ciclista a Espa\u00f1a 2025. En Espa\u00f1a, como en todas las sociedades democr\u00e1ticas, el derecho de manifestaci\u00f3n, libre y pac\u00edfico, <strong>es un derecho fundamental, <\/strong>consagrado en nuestra Constituci\u00f3n de 1978. Si adem\u00e1s la causa es una causa justa y noble en defensa de los Derechos Humanos, <strong>esa expresi\u00f3n libre y pac\u00edfica adquiere la condici\u00f3n de obligaci\u00f3n moral<\/strong>\u00ab, indica Rodr\u00edguez Uribes.<\/p>\n<p class=\"ft-text\">\u00abPor eso, como dijo el presidente del Gobierno ayer, desde el Consejo Superior de Deportes estamos muy orgullosos de la grandeza del pueblo espa\u00f1ol y de su sensibilidad frente a situaciones profundamente inaceptables e intolerables\u00bb, agrega.<\/p>\n<p class=\"ft-text\">\u00abDesde la m\u00e1s profunda admiraci\u00f3n y respeto por nuestros deportistas y trasladando, como siempre hemos hecho,<strong> nuestro rechazo ante cualquier tipo de actitud violenta,<\/strong> creemos que el deporte no puede ser una isla indiferente a lo que sucede en el mundo ni mucho menos permanecer ajeno a las graves violaciones de los Derechos Humanos\u00bb, se\u00f1ala el tambi\u00e9n Secretario de Estado para el Deporte.<\/p>\n<p class=\"ft-text\">Rodr\u00edguez Uribes cree que \u00abno hay paz sin justicia\u00bb y que \u00abblanquear a trav\u00e9s del deporte un genocidio como el que se est\u00e1 cometiendo en Gaza, con miles de muertos, ni\u00f1os y ni\u00f1as inocentes y una hambruna ya declarada por Naciones Unidas, e<strong>sto s\u00ed es una posici\u00f3n pol\u00edtica que contraviene la Carta Ol\u00edmpica y los valores m\u00e1s b\u00e1sicos del deporte\u00bb.<\/strong><\/p>\n<p class=\"ft-text\">\u00abEn este sentido, sorprende constatar que en su comunicado no se realiza en ning\u00fan momento una petici\u00f3n expresa al Gobierno de Netanyahu instando a que pare la masacre y la barbarie que est\u00e1 sufriendo el pueblo de Palestina. <strong>Una realidad que deber\u00eda interpelar a actuar con la misma contundencia que en el a\u00f1o 2022 ante la invasi\u00f3n de Rusia a Ucrania<\/strong>\u00ab, subraya<\/p>\n<p class=\"ft-text\">\u00abLeo en su declaraci\u00f3n p\u00fablica que incluso cuestiona nuestra capacidad organizativa como pa\u00eds, cuando usted sabe perfectamente que en Espa\u00f1a hacemos bien las cosas, con \u00e9xito y seguridad. Los numerosos eventos internacionales que ya hemos albergado y que<strong> seguiremos organizando dan muestras m\u00e1s que suficientes del buen hacer del pueblo espa\u00f1ol<\/strong>\u00ab, a\u00f1ade.<\/p>\n<p class=\"ft-text\">Recuerda que \u00abel reciente Europeo de descenso de ciclismo en La Molina, la Copa Libertadores de 2018, los Grandes Premios de automovilismo y motociclismo, la eliminatoria de Copa Davis de ayer contra Dinamarca <strong>o el pr\u00f3ximo Mundial 2030 con Portugal y Marruecos<\/strong>, as\u00ed como tantos otros ejemplos de buen hacer, serio y eficaz, prueban nuestra enorme capacidad organizadora, conocida en toda Europa y en el mundo\u00bb.<\/p>\n<p class=\"ft-text\">Sin duda, el di\u00e1logo y el entendimiento, el deporte como puente de comunicaci\u00f3n de las naciones que favorece la uni\u00f3n y no la divisi\u00f3n, es un prop\u00f3sito que compartimos. Pero no olvide que, como dec\u00eda Kant,<strong> \u201cla paz sin justicia es la paz de los cementerios\u201d, <\/strong>concluye Jos\u00e9 Manuel Rodr\u00edguez Uribes.<\/p>\n<p class=\"ft-text\">La UCI expres\u00f3 este lunes<strong> \u00absu total desaprobaci\u00f3n y profunda preocupaci\u00f3n por los acontecimientos que han marcado la edici\u00f3n de 2025 de La Vuelta Ciclista a Espa\u00f1a\u00bb<\/strong>, conden\u00f3 \u00abde manera firme la instrumentalizaci\u00f3n del deporte con fines pol\u00edticos en general, y en particular por parte de un gobierno\u00bb y puso en tela de juicio la capacidad de Espa\u00f1a \u00abpara acoger grandes eventos deportivos internacionales garantizando su buen desarrollo en condiciones de seguridad y de conformidad con los principios de la Carta Ol\u00edmpica\u00bb.<\/p>\n","protected":false},"excerpt":{"rendered":"Jos\u00e9 Manuel Rodr\u00edguez Uribes, presidente del Consejo Superior de Deportes (CSD) de Espa\u00f1a, ha enviado este lunes una&hellip;\n","protected":false},"author":2,"featured_media":118095,"comment_status":"","ping_status":"","sticky":false,"template":"","format":"standard","meta":{"footnotes":""},"categories":[268],"tags":[313,39345,168,25,24,280,282,15163,281,23,167,11214,39346],"class_list":{"0":"post-118094","1":"post","2":"type-post","3":"status-publish","4":"format-standard","5":"has-post-thumbnail","7":"category-futbol","8":"tag-ciclismo","9":"tag-csd","10":"tag-deportes","11":"tag-es","12":"tag-espana","13":"tag-football","14":"tag-futbol","15":"tag-propalestina","16":"tag-soccer","17":"tag-spain","18":"tag-sports","19":"tag-uci","20":"tag-uribes"},"share_on_mastodon":{"url":"","error":""},"_links":{"self":[{"href":"https:\/\/www.europesays.com\/es\/wp-json\/wp\/v2\/posts\/118094","targetHints":{"allow":["GET"]}}],"collection":[{"href":"https:\/\/www.europesays.com\/es\/wp-json\/wp\/v2\/posts"}],"about":[{"href":"https:\/\/www.europesays.com\/es\/wp-json\/wp\/v2\/types\/post"}],"author":[{"embeddable":true,"href":"https:\/\/www.europesays.com\/es\/wp-json\/wp\/v2\/users\/2"}],"replies":[{"embeddable":true,"href":"https:\/\/www.europesays.com\/es\/wp-json\/wp\/v2\/comments?post=118094"}],"version-history":[{"count":0,"href":"https:\/\/www.europesays.com\/es\/wp-json\/wp\/v2\/posts\/118094\/revisions"}],"wp:featuredmedia":[{"embeddable":true,"href":"https:\/\/www.europesays.com\/es\/wp-json\/wp\/v2\/media\/118095"}],"wp:attachment":[{"href":"https:\/\/www.europesays.com\/es\/wp-json\/wp\/v2\/media?parent=118094"}],"wp:term":[{"taxonomy":"category","embeddable":true,"href":"https:\/\/www.europesays.com\/es\/wp-json\/wp\/v2\/categories?post=118094"},{"taxonomy":"post_tag","embeddable":true,"href":"https:\/\/www.europesays.com\/es\/wp-json\/wp\/v2\/tags?post=118094"}],"curies":[{"name":"wp","href":"https:\/\/api.w.org\/{rel}","templated":true}]}}