{"id":118110,"date":"2025-09-16T05:21:05","date_gmt":"2025-09-16T05:21:05","guid":{"rendered":"https:\/\/www.europesays.com\/es\/118110\/"},"modified":"2025-09-16T05:21:05","modified_gmt":"2025-09-16T05:21:05","slug":"bad-bunny-dara-un-concierto-mas-en-puerto-rico-y-podras-verlo-en-vivo-desde-casa","status":"publish","type":"post","link":"https:\/\/www.europesays.com\/es\/118110\/","title":{"rendered":"Bad Bunny dar\u00e1 un concierto m\u00e1s en Puerto Rico y podr\u00e1s verlo en vivo desde casa"},"content":{"rendered":"<p>      CNN<br \/>\n        \u00a0\u2014\u00a0<\/p>\n<p class=\"paragraph inline-placeholder vossi-paragraph\" data-uri=\"es.cms.cnn.com\/_components\/paragraph\/instances\/cmfljfvqv0002356na0f6kj1r@published\" data-editable=\"text\" data-component-name=\"paragraph\" data-article-gutter=\"true\">\n            Bad Bunny finalmente nos llevar\u00e1 a todos a Puerto Rico.\n    <\/p>\n<p class=\"paragraph inline-placeholder vossi-paragraph\" data-uri=\"es.cms.cnn.com\/_components\/paragraph\/instances\/cmfljfvqw0003356n0ewrtagb@published\" data-editable=\"text\" data-component-name=\"paragraph\" data-article-gutter=\"true\">\n            La superestrella, cuya residencia de conciertos este verano en Puerto Rico ha tra\u00eddo orgullo, atenci\u00f3n y grandes cantidades de ingresos a la isla, anunci\u00f3 un concierto extra. Esta \u00faltima adici\u00f3n, programada para el 20 de septiembre, tambi\u00e9n ser\u00e1 transmitida en vivo por Amazon Prime, Twitch y la aplicaci\u00f3n Amazon Music.\n    <\/p>\n<p class=\"paragraph inline-placeholder vossi-paragraph\" data-uri=\"es.cms.cnn.com\/_components\/paragraph\/instances\/cmfljfvqw0004356n3rho4pwu@published\" data-editable=\"text\" data-component-name=\"paragraph\" data-article-gutter=\"true\">\n            Al igual que los primeros nueve shows de su residencia, al concierto de Bad Bunny solo podr\u00e1n ingresar locales.\n    <\/p>\n<blockquote class=\"instagram__post\">\n<blockquote class=\"instagram-media\" data-instgrm-permalink=\"https:\/\/www.instagram.com\/p\/DOoPBuLDoH7\/?utm_source=ig_embed&amp;utm_campaign=loading\" data-instgrm-version=\"14\" style=\" background:#FFF; border:0; border-radius:3px; box-shadow:0 0 1px 0 rgba(0,0,0,0.5),0 1px 10px 0 rgba(0,0,0,0.15); margin: 1px; max-width:658px; min-width:326px; padding:0; width:99.375%; width:-webkit-calc(100% - 2px); width:calc(100% - 2px);\"\/>\n<\/blockquote>\n<p class=\"paragraph inline-placeholder vossi-paragraph\" data-uri=\"es.cms.cnn.com\/_components\/paragraph\/instances\/cmfljfvqw0005356nt2kkteoo@published\" data-editable=\"text\" data-component-name=\"paragraph\" data-article-gutter=\"true\">\n            La residencia de conciertos del artista, que comenz\u00f3 en julio, probablemente ha generado cientos de millones de d\u00f3lares en ingresos tur\u00edsticos para Puerto Rico. Bad Bunny declar\u00f3 recientemente que no estaba dispuesto a hacer una gira en Estados Unidos <a href=\"https:\/\/cnnespanol.cnn.com\/2025\/09\/11\/entretenimiento\/bad-bunny-conciertos-eeuu-redadas-ice-orix\" rel=\"nofollow noopener\" target=\"_blank\">debido a las agresivas actividades de detenci\u00f3n del ICE<\/a>.\n    <\/p>\n<p class=\"paragraph inline-placeholder vossi-paragraph\" data-uri=\"es.cms.cnn.com\/_components\/paragraph\/instances\/cmfljfvqw0006356n2g4jsqj3@published\" data-editable=\"text\" data-component-name=\"paragraph\" data-article-gutter=\"true\">\n            El show del ganador del Grammy comenzar\u00e1 a las 8:30 p.m., hora de Miami, el s\u00e1bado 20 de septiembre. Amazon tambi\u00e9n anunci\u00f3 que se asociar\u00e1 con el artista en iniciativas en Puerto Rico que abarcan \u201ceducaci\u00f3n, ayuda en desastres y empoderamiento cultural\u201d.\n    <\/p>\n<p>              <script async src=\"\/\/www.instagram.com\/embed.js\"><\/script><\/p>\n","protected":false},"excerpt":{"rendered":"CNN \u00a0\u2014\u00a0 Bad Bunny finalmente nos llevar\u00e1 a todos a Puerto Rico. La superestrella, cuya residencia de conciertos&hellip;\n","protected":false},"author":2,"featured_media":118111,"comment_status":"","ping_status":"","sticky":false,"template":"","format":"standard","meta":{"footnotes":""},"categories":[91],"tags":[1282,146,147,25,24,150,185,37335,23],"class_list":{"0":"post-118110","1":"post","2":"type-post","3":"status-publish","4":"format-standard","5":"has-post-thumbnail","7":"category-entretenimiento","8":"tag-bad-bunny","9":"tag-entertainment","10":"tag-entretenimiento","11":"tag-es","12":"tag-espana","13":"tag-instanoticias","14":"tag-musica","15":"tag-musica-latina","16":"tag-spain"},"share_on_mastodon":{"url":"","error":""},"_links":{"self":[{"href":"https:\/\/www.europesays.com\/es\/wp-json\/wp\/v2\/posts\/118110","targetHints":{"allow":["GET"]}}],"collection":[{"href":"https:\/\/www.europesays.com\/es\/wp-json\/wp\/v2\/posts"}],"about":[{"href":"https:\/\/www.europesays.com\/es\/wp-json\/wp\/v2\/types\/post"}],"author":[{"embeddable":true,"href":"https:\/\/www.europesays.com\/es\/wp-json\/wp\/v2\/users\/2"}],"replies":[{"embeddable":true,"href":"https:\/\/www.europesays.com\/es\/wp-json\/wp\/v2\/comments?post=118110"}],"version-history":[{"count":0,"href":"https:\/\/www.europesays.com\/es\/wp-json\/wp\/v2\/posts\/118110\/revisions"}],"wp:featuredmedia":[{"embeddable":true,"href":"https:\/\/www.europesays.com\/es\/wp-json\/wp\/v2\/media\/118111"}],"wp:attachment":[{"href":"https:\/\/www.europesays.com\/es\/wp-json\/wp\/v2\/media?parent=118110"}],"wp:term":[{"taxonomy":"category","embeddable":true,"href":"https:\/\/www.europesays.com\/es\/wp-json\/wp\/v2\/categories?post=118110"},{"taxonomy":"post_tag","embeddable":true,"href":"https:\/\/www.europesays.com\/es\/wp-json\/wp\/v2\/tags?post=118110"}],"curies":[{"name":"wp","href":"https:\/\/api.w.org\/{rel}","templated":true}]}}