{"id":118112,"date":"2025-09-16T05:23:10","date_gmt":"2025-09-16T05:23:10","guid":{"rendered":"https:\/\/www.europesays.com\/es\/118112\/"},"modified":"2025-09-16T05:23:10","modified_gmt":"2025-09-16T05:23:10","slug":"bbva-sabadell-la-cnmv-decidira-el-precio-si-hay-una-segunda-opa-expansion","status":"publish","type":"post","link":"https:\/\/www.europesays.com\/es\/118112\/","title":{"rendered":"BBVA-Sabadell: la CNMV decidir\u00e1 el precio si hay una segunda opa &#8211; Expansi\u00f3n"},"content":{"rendered":"<ol>\n<li><a href=\"https:\/\/news.google.com\/rss\/articles\/CBMiiAFBVV95cUxQM1hhUnVXTDNuYkFaTWRIdEpfcXBaUU5xTHAyMkhPYTFVb1NKeUVDaXoyWGRhQmpBWElubWNNbi1SdktMUmQtVXZqMmVzRkUyMHB0ZXZxNHduZHRFeGdOV285U2czMEw4NVRtaEdsR2tFMVY5TWtuVGYxbmN4VUw5aXBjREVrZy030gGIAUFVX3lxTFBLVnNOTHVjZ1VvdzlqZ3FMY1RFSVdXLWVfbjRKNXBUejFZSWNrTmhLQ2ZjQzdjTmtfU3hqM3NNOWx1N01oN2ZISzd1VXdoLWZNWWl1dnIxblp4TWc2NUI1cXhsOWZ6Mkk4NXhiOUdOU0l4YlJvRHBIVjdQd2FORDlmU3V0RFRCaE8?oc=5\" target=\"_blank\" rel=\"nofollow noopener\">BBVA-Sabadell: la CNMV decidir\u00e1 el precio si hay una segunda opa<\/a>&nbsp;&nbsp;Expansi\u00f3n<\/li>\n<li><a href=\"https:\/\/news.google.com\/rss\/articles\/CBMi4gFBVV95cUxNLVNyR1l1bTJXNnZCSDRqSkEzQ1FjTl9JU0tWbFBXak9JSVZaLXpkQTh5QnQxRGRZYnFPRzBaNFB6WVdhMmYyVzhNdGIteGs4Zks3SE1YbGRZTk9hZXljdzMtNm80Q3c1UDRkSDZka2wteWJhMmsxR1NuSDJ4UzdncGh2UWQ2ZlB0NjVNamxIU01QcUt3ZmtpV3cybGRGelJWRVRDVzgtS0FTNHo3Mm84cldWbzg2NnZ3Wk05QlYyQ1JHT2kzWTdtaHpoX3Z0OEU2cDNrU2taZmhWZ2NrMjJnVXhn?oc=5\" target=\"_blank\" rel=\"nofollow noopener\">La CNMV afirma que el BBVA tendr\u00eda un mes de plazo para presentar una segunda OPA por el Sabadell<\/a>&nbsp;&nbsp;20Minutos<\/li>\n<li><a href=\"https:\/\/news.google.com\/rss\/articles\/CBMi3AFBVV95cUxORWlDbUt3WjUxbmhZX2RBVE9iRV90bnRtWFVYYVRhSEhHN0thVUdhLTVUX0VqcF9YbzYtR2dnZ1UzY2tDd1p4Z3lPTG9OYVF1cXhzLTJwTDVxamRQWHJ5X0MwSHprOFBCRlBaX1RSOU5qRVdkRGlaZ1M3MlV3ZzdOVzQ3VV9HekpzV3JqcEtEX2hRZmRDY0JkYVlpQ19kS2x3aFBBeDdTb2dqLUlmZlJNRnZGV1BDVGJ4WUlHZDRUbFQxYlAtZ0thbm5COXItVlNlY19RbWlXUjhMbHZL?oc=5\" target=\"_blank\" rel=\"nofollow noopener\">San Basilio recuerda que el plazo para una eventual segunda OPA del BBVA sobre Sabadell es de un mes<\/a>&nbsp;&nbsp;Europa Press<\/li>\n<li><a href=\"https:\/\/news.google.com\/rss\/articles\/CBMizgFBVV95cUxQUHpWZ0VnNkEzVXRzZXdNRHpRMkNxWlQzSU1RUzNaSkluTjNNZlhidWFUR0V1MUtGUHNUNjNBZEpTRmxxamllcFdpeW9lSmxoMExqd0VfeFVfRXNFZ09mdzk2aWJpbTVLbElkaEZxRHJwWnU0M2xnSHdsbHNhNnJwTWE0ajI1aUJUVTlxMFZ3ZDhNRUQ5WFd2SmthU094UlJUZWd4TVVCTDczQ1BaNGw1Z0J3UV9OT1JybmtyVjA3M09mWlRfaGhVMDZfVjBMZw?oc=5\" target=\"_blank\" rel=\"nofollow noopener\">El BBVA tendr\u00e1 un mes para lanzar una segunda opa sobre el Sabadell<\/a>&nbsp;&nbsp;Cinco D\u00edas<\/li>\n<li><a href=\"https:\/\/news.google.com\/rss\/articles\/CBMizwFBVV95cUxPSzVCemIyVHJHdXA5SFJMdmZfNDIzNndhZDQzaGY3MURWWEJhbWZiemVYT1NUMHdkNlVDV3hTcFFwSjh6SUwzSVd3UWpFaVdlQWl1aEpWWlpYNUN5eEZzRWkycll6TzlVVnNhUFpTQktkUm9pck5Ocm5VYWtNdWJJTHY0XzduMXgxLVNQbWx2SWcxeld3dURrWElZaXFaenhkOFV3MVc1RklaU1AtTTZEME16azlfWEJzX0ZjX2JUR0N3MDdSbTgyU21weWUzQ3M?oc=5\" target=\"_blank\" rel=\"nofollow noopener\">BBVA tendr\u00eda un mes para lanzar la segunda OPA sobre el Sabadell si no alcanza el 50%<\/a>&nbsp;&nbsp;El M\u00f3n<\/li>\n<\/ol>\n","protected":false},"excerpt":{"rendered":"BBVA-Sabadell: la CNMV decidir\u00e1 el precio si hay una segunda opa&nbsp;&nbsp;Expansi\u00f3n La CNMV afirma que el BBVA tendr\u00eda&hellip;\n","protected":false},"author":2,"featured_media":118113,"comment_status":"","ping_status":"","sticky":false,"template":"","format":"standard","meta":{"footnotes":""},"categories":[80],"tags":[5219,82,95,94,6133,25,24,23],"class_list":{"0":"post-118112","1":"post","2":"type-post","3":"status-publish","4":"format-standard","5":"has-post-thumbnail","7":"category-economia","8":"tag-banca","9":"tag-business","10":"tag-economia","11":"tag-economy","12":"tag-empresas-banca","13":"tag-es","14":"tag-espana","15":"tag-spain"},"share_on_mastodon":{"url":"","error":""},"_links":{"self":[{"href":"https:\/\/www.europesays.com\/es\/wp-json\/wp\/v2\/posts\/118112","targetHints":{"allow":["GET"]}}],"collection":[{"href":"https:\/\/www.europesays.com\/es\/wp-json\/wp\/v2\/posts"}],"about":[{"href":"https:\/\/www.europesays.com\/es\/wp-json\/wp\/v2\/types\/post"}],"author":[{"embeddable":true,"href":"https:\/\/www.europesays.com\/es\/wp-json\/wp\/v2\/users\/2"}],"replies":[{"embeddable":true,"href":"https:\/\/www.europesays.com\/es\/wp-json\/wp\/v2\/comments?post=118112"}],"version-history":[{"count":0,"href":"https:\/\/www.europesays.com\/es\/wp-json\/wp\/v2\/posts\/118112\/revisions"}],"wp:featuredmedia":[{"embeddable":true,"href":"https:\/\/www.europesays.com\/es\/wp-json\/wp\/v2\/media\/118113"}],"wp:attachment":[{"href":"https:\/\/www.europesays.com\/es\/wp-json\/wp\/v2\/media?parent=118112"}],"wp:term":[{"taxonomy":"category","embeddable":true,"href":"https:\/\/www.europesays.com\/es\/wp-json\/wp\/v2\/categories?post=118112"},{"taxonomy":"post_tag","embeddable":true,"href":"https:\/\/www.europesays.com\/es\/wp-json\/wp\/v2\/tags?post=118112"}],"curies":[{"name":"wp","href":"https:\/\/api.w.org\/{rel}","templated":true}]}}