{"id":118114,"date":"2025-09-16T05:24:09","date_gmt":"2025-09-16T05:24:09","guid":{"rendered":"https:\/\/www.europesays.com\/es\/118114\/"},"modified":"2025-09-16T05:24:09","modified_gmt":"2025-09-16T05:24:09","slug":"trump-endurece-su-discurso-tras-la-decapitacion-de-un-trabajador-en-texas-a-manos-de-un-cubano-se-ha-acabado-la-indulgencia","status":"publish","type":"post","link":"https:\/\/www.europesays.com\/es\/118114\/","title":{"rendered":"Trump endurece su discurso tras la decapitaci\u00f3n de un trabajador en Texas a manos de un cubano: \u201cSe ha acabado la indulgencia\u201d"},"content":{"rendered":"<p class=\"\">La estremecedora muerte de Chandra Nagamallaiah se ha convertido en el \u00faltimo suceso con el que Donald Trump y su equipo promueven la pol\u00edtica antiinmigrante que echaron a andar desde el pasado 20 de enero, cuando el presidente volvi\u00f3 a la Casa Blanca. Nagamallaiah, de 50 a\u00f1os, originario del estado indio de Karnataka, quien lleg\u00f3 a Estados Unidos en 2018 y trabajaba desde hac\u00eda un tiempo como administrador del motel Downtown Suites, de Dallas, fue decapitado por un hombre cubano la semana pasada, <a href=\"https:\/\/elpais.com\/internacional\/2025-09-11\/el-asesinato-del-activista-trumpista-charlie-kirk-resucita-el-fantasma-de-la-violencia-politica-en-estados-unidos.html\" target=\"_self\" rel=\"nofollow noopener\" title=\"https:\/\/elpais.com\/internacional\/2025-09-11\/el-asesinato-del-activista-trumpista-charlie-kirk-resucita-el-fantasma-de-la-violencia-politica-en-estados-unidos.html\">el mismo d\u00eda que Charlie Kirk muri\u00f3<\/a> mientras hablaba en una universidad de Utah. Ambas muertes se han encajado perfectamente en la narrativa trumpista y se perfilan como argumentos para avanzar en su despliegue autoritario contra inmigrantes y contra oponentes pol\u00edticos: de Kirk ha asegurado que lo mat\u00f3 la \u201cizquierda radical\u201d, mientras a Nagamallaiah asegura que lo asesinaron los \u201cdelincuentes inmigrantes ilegales\u201d. <\/p>\n<p class=\"\">En su red Truth Social, el mandatario dijo que estaba al tanto de \u201clas terribles noticias\u201d sobre el asesinato de Nagamallaiah, a quien llam\u00f3 \u201cuna persona muy respetada\u201d en Dallas, y que fue \u201cbrutalmente decapitado, delante de su esposa y su hijo, por un EXTRANJERO ILEGAL procedente de Cuba que nunca deber\u00eda haber estado en nuestro pa\u00eds\u201d. El presidente tambi\u00e9n pidi\u00f3 p\u00fablicamente que el atacante fuera acusado \u201cde asesinato en primer grado\u201d.<\/p>\n<p class=\"\">Se trata del cubano Yordanis Cobos Mart\u00ednez, de 37 a\u00f1os, quien, seg\u00fan la informaci\u00f3n difundida hasta el momento, en la ma\u00f1ana del mi\u00e9rcoles se encontraba limpiando una habitaci\u00f3n del motel donde trabajaba. Ese d\u00eda tuvo lugar una discusi\u00f3n luego de que, presuntamente, Nagamallaiah le pidiera que no usara una lavadora rota. Im\u00e1genes captadas por las c\u00e1maras de seguridad muestran el momento en que el cubano persigue a Nagamallaiah con un machete en la mano y lo agrede. Su esposa Nisha y su hijo Gaurav, de 18 a\u00f1os, presenciaron c\u00f3mo Mart\u00ednez no solo hiri\u00f3 a Nagamallaiah en varias ocasiones, sino que finalmente lo decapit\u00f3.<\/p>\n<p class=\"\">El Departamento de Seguridad Nacional (DHS) inform\u00f3 que Mart\u00ednez hab\u00eda pateado la cabeza de la v\u00edctima \u201ccomo si fuera un bal\u00f3n de f\u00fatbol\u201d. Antes de ser detenido en el lugar de los hechos, habr\u00eda arrojado la cabeza a la basura. <\/p>\n<p class=\"\">Las autoridades afirman que el cubano, quien permanece detenido en la c\u00e1rcel del condado de Dallas, lleg\u00f3 a Estados Unidos arrastrando antecedentes penales que incluyen abuso sexual infantil, robo de veh\u00edculos a motor, detenci\u00f3n ilegal y robo de veh\u00edculos. El gobierno de La Habana, que se limita a escoger a los deportados que recibe, se hab\u00eda negado a recibirlo de vuelta a pesar de que tiene una orden definitiva de expulsi\u00f3n a Cuba. <\/p>\n<p class=\"\">Luego de <a href=\"https:\/\/elpais.com\/us\/migracion\/2025-07-21\/voy-a-pedir-mi-deportacion-no-aguanto-aqui-un-dia-mas-la-vida-de-ocho-migrantes-en-una-celda-de-un-centro-de-detencion-de-texas.html\" target=\"_self\" rel=\"nofollow noopener\" title=\"https:\/\/elpais.com\/us\/migracion\/2025-07-21\/voy-a-pedir-mi-deportacion-no-aguanto-aqui-un-dia-mas-la-vida-de-ocho-migrantes-en-una-celda-de-un-centro-de-detencion-de-texas.html\">permanecer bajo custodia del ICE en el centro de detenci\u00f3n<\/a> de Bluebonnet, Mart\u00ednez fue liberado bajo una orden de supervisi\u00f3n el 13 de enero de 2025, algo que le ha servido a Trump para emprenderla una vez m\u00e1s contra su antecesor en el puesto, Joe Biden. Luego a\u00f1adi\u00f3: \u201cTengan la seguridad de que, bajo mi mandato, \u00a1se ha acabado el tiempo de ser indulgentes con estos delincuentes inmigrantes ilegales!\u201d.<\/p>\n<p class=\"\">Parte de<a href=\"https:\/\/elpais.com\/us\/2025-09-08\/los-cubanos-de-florida-divididos-tras-nueve-meses-de-trump-en-el-poder-actua-como-fidel.html\" target=\"_self\" rel=\"nofollow noopener\" title=\"https:\/\/elpais.com\/us\/2025-09-08\/los-cubanos-de-florida-divididos-tras-nueve-meses-de-trump-en-el-poder-actua-como-fidel.html\"> la comunidad cubana,<\/a> que le dio un amplio apoyo al republicano y que ha sido golpeada por la actual cruzada antiinmigrante, ha empezado a cuestionarse si el foco sobre este asesinato no significar\u00eda situar a los cubanos en el debate pol\u00edtico y criminalizador que hasta ahora ha ca\u00eddo con fuerza sobre <a href=\"https:\/\/elpais.com\/us\/migracion\/2025-09-15\/votamos-para-sacar-a-maduro-no-a-los-venezolanos-de-estados-unidos-la-comunidad-en-el-pais-atrapada-por-trump.html\" target=\"_self\" rel=\"nofollow noopener\" title=\"https:\/\/elpais.com\/us\/migracion\/2025-09-15\/votamos-para-sacar-a-maduro-no-a-los-venezolanos-de-estados-unidos-la-comunidad-en-el-pais-atrapada-por-trump.html\">los venezolanos. <\/a>Incidentes como el asesinato de la estudiante Laken Riley \u2014hallada muerta en el campus de la Universidad de Georgia tras el ataque de un emigrante venezolano\u2014 o la muerte de Jocelyn Nungaray \u2014una ni\u00f1a de 12 a\u00f1os asesinada en Texas por dos venezolanos indocumentados\u2014 acapararon espacio en casi todos sus m\u00edtines de campa\u00f1a y respaldaron su discurso de expulsi\u00f3n. <\/p>\n<p class=\"\">Este \u00faltimo acontecimiento ha vuelto a traer sobre la mesa la idea de cu\u00e1n insegura vuelven los emigrantes la vida del estadounidense. La subsecretaria del DHS, <a href=\"https:\/\/elpais.com\/us\/migracion\/2025-09-15\/votamos-para-sacar-a-maduro-no-a-los-venezolanos-de-estados-unidos-la-comunidad-en-el-pais-atrapada-por-trump.html\" target=\"_self\" rel=\"nofollow noopener\" title=\"https:\/\/elpais.com\/us\/migracion\/2025-09-15\/votamos-para-sacar-a-maduro-no-a-los-venezolanos-de-estados-unidos-la-comunidad-en-el-pais-atrapada-por-trump.html\">Tricia McLaughlin<\/a>, tild\u00f3 al cubano de \u201cmonstruo vil\u201d y asegur\u00f3 que el asesinato \u201cse podr\u00eda haber evitado por completo si la Administraci\u00f3n Biden no hubiera liberado a este delincuente extranjero ilegal en nuestro pa\u00eds\u201d. Luego a\u00f1adi\u00f3: \u201cEsta es precisamente la raz\u00f3n por la que estamos expulsando a los extranjeros ilegales delincuentes a terceros pa\u00edses. El presidente Trump y la <a href=\"https:\/\/elpais.com\/us\/2025-06-17\/la-secretaria-de-seguridad-nacional-kristi-noem-trasladada-al-hospital-por-una-reaccion-alergica.html\" target=\"_self\" rel=\"nofollow noopener\" title=\"https:\/\/elpais.com\/us\/2025-06-17\/la-secretaria-de-seguridad-nacional-kristi-noem-trasladada-al-hospital-por-una-reaccion-alergica.html\">secretaria Noem<\/a> ya no permiten que los delincuentes b\u00e1rbaros permanezcan indefinidamente en Estados Unidos. Si vienes a nuestro pa\u00eds ilegalmente, podr\u00edas acabar en Esuatini, Uganda, Sud\u00e1n del Sur o CECOT\u201d.<\/p>\n","protected":false},"excerpt":{"rendered":"La estremecedora muerte de Chandra Nagamallaiah se ha convertido en el \u00faltimo suceso con el que Donald Trump&hellip;\n","protected":false},"author":2,"featured_media":118115,"comment_status":"","ping_status":"","sticky":false,"template":"","format":"standard","meta":{"footnotes":""},"categories":[42],"tags":[889,1154,17,18,893,352,629,13,14,11,16531,590,891,61,62,63,64,19,20,892,9,10,15,16,25342,897,6583,12,21,22,65,66,67],"class_list":{"0":"post-118114","1":"post","2":"type-post","3":"status-publish","4":"format-standard","5":"has-post-thumbnail","7":"category-internacional","8":"tag-america","9":"tag-asesinatos","10":"tag-breaking-news","11":"tag-breakingnews","12":"tag-deportacion","13":"tag-donald-trump","14":"tag-estados-unidos","15":"tag-featured-news","16":"tag-featurednews","17":"tag-headlines","18":"tag-ice","19":"tag-inmigracion","20":"tag-inmigrantes","21":"tag-internacional","22":"tag-international","23":"tag-international-news","24":"tag-internationalnews","25":"tag-latest-news","26":"tag-latestnews","27":"tag-migracion","28":"tag-news","29":"tag-noticias","30":"tag-noticias-destacadas","31":"tag-noticiasdestacadas","32":"tag-politica-migratoria","33":"tag-politica-migratoria-ee-uu","34":"tag-texas","35":"tag-titulares","36":"tag-ultimas-noticias","37":"tag-ultimasnoticias","38":"tag-world","39":"tag-world-news","40":"tag-worldnews"},"share_on_mastodon":{"url":"","error":""},"_links":{"self":[{"href":"https:\/\/www.europesays.com\/es\/wp-json\/wp\/v2\/posts\/118114","targetHints":{"allow":["GET"]}}],"collection":[{"href":"https:\/\/www.europesays.com\/es\/wp-json\/wp\/v2\/posts"}],"about":[{"href":"https:\/\/www.europesays.com\/es\/wp-json\/wp\/v2\/types\/post"}],"author":[{"embeddable":true,"href":"https:\/\/www.europesays.com\/es\/wp-json\/wp\/v2\/users\/2"}],"replies":[{"embeddable":true,"href":"https:\/\/www.europesays.com\/es\/wp-json\/wp\/v2\/comments?post=118114"}],"version-history":[{"count":0,"href":"https:\/\/www.europesays.com\/es\/wp-json\/wp\/v2\/posts\/118114\/revisions"}],"wp:featuredmedia":[{"embeddable":true,"href":"https:\/\/www.europesays.com\/es\/wp-json\/wp\/v2\/media\/118115"}],"wp:attachment":[{"href":"https:\/\/www.europesays.com\/es\/wp-json\/wp\/v2\/media?parent=118114"}],"wp:term":[{"taxonomy":"category","embeddable":true,"href":"https:\/\/www.europesays.com\/es\/wp-json\/wp\/v2\/categories?post=118114"},{"taxonomy":"post_tag","embeddable":true,"href":"https:\/\/www.europesays.com\/es\/wp-json\/wp\/v2\/tags?post=118114"}],"curies":[{"name":"wp","href":"https:\/\/api.w.org\/{rel}","templated":true}]}}