{"id":118116,"date":"2025-09-16T05:25:07","date_gmt":"2025-09-16T05:25:07","guid":{"rendered":"https:\/\/www.europesays.com\/es\/118116\/"},"modified":"2025-09-16T05:25:07","modified_gmt":"2025-09-16T05:25:07","slug":"nos-tenemos-que-volver-a-esconder","status":"publish","type":"post","link":"https:\/\/www.europesays.com\/es\/118116\/","title":{"rendered":"\u00abNos tenemos que volver a esconder\u00bb"},"content":{"rendered":"<p style=\"\">La comunidad jud\u00eda de Espa\u00f1a se planta contra S\u00e1nchez y su \u00abantisemitismo\u00bb. La cancelaci\u00f3n de la \u00faltima etapa de a Vuelta Ciclista en Madrid tras <a href=\"https:\/\/www.abc.es\/espana\/sanchez-pide-expulsar-israel-competicion-deportiva-20250915123013-nt.html\" target=\"_self\" data-voc-vtm-id=\"in-text-traffic\" title=\"el aliento del presidente del Gobierno\" rel=\"nofollow noopener\">el aliento del presidente del Gobierno<\/a> o los mensajes de felicitaci\u00f3n de Ham\u00e1s por las sanciones anunciadas contra Israel  &#8230; han sobrepasado todas las l\u00edneas rojas para los practicantes de esta religi\u00f3n en Espa\u00f1a. Muchos de ellos coinciden en que el crecimiento del odio moderno contra los jud\u00edos coincide con la llegada de S\u00e1nchez a la Moncloa.<\/p>\n<p class=\"voc-p\" style=\"\">Desde la Federaci\u00f3n de Comunidades Jud\u00edas de Espa\u00f1a \u2014que agrupa a gran parte de las comunidades de esta religi\u00f3n en Espa\u00f1a\u2014, la portavoz Mar\u00eda Royo conversa con ABC para confirmar que el \u00abantisemitismo est\u00e1 ya en cada punto donde hay comunidad jud\u00eda\u00bb y recordar que \u00ablos jud\u00edos espa\u00f1oles no son responsables de un gobierno que est\u00e1 al otro lado del Mediterr\u00e1neo\u00bb. Esta problem\u00e1tica, seg\u00fan confirma, ha provocado numerosos casos de se\u00f1alamientos p\u00fablicos, pintadas y, en el peor de los escenarios, agresiones. \u00abUna turba <strong>intent\u00f3 entrar en la sinagoga de Melilla<\/strong> en 2023\u00bb, recuerda la portavoz, a\u00f1adiendo que \u00abentraron en comercios jud\u00edos insultando y escupiendo\u00bb. <\/p>\n<p class=\"voc-p\" style=\"\">Adem\u00e1s, Royo comenta que los jud\u00edos han tenido que \u00abvolver a esconderse, a ocultar sus s\u00edmbolos, porque tienen miedo en el metro, en las calles, en sus lugares de trabajo\u00bb. Una persecuci\u00f3n que provoca que no \u00abquieran contar su testimonio ante una c\u00e1mara, porque no se quieren jugar su trabajo, sus amistades, su vida\u00bb. Royo declara, finalmente, que \u00abel <a href=\"https:\/\/www.abc.es\/espana\/dana-erlich-encargada-negocios-israel-sanchez-legitimando-20250915172645-nt.html\" target=\"_self\" data-voc-vtm-id=\"in-text-traffic\" title=\"antisemitismo no afecta solo a los jud\u00edos\" rel=\"nofollow noopener\">antisemitismo no afecta solo a los jud\u00edos<\/a>, es muy inclusivo y se expande a los no jud\u00edos\u00bb<\/p>\n<p class=\"voc-p\" style=\"\">Rosa Reig\u00eda, portavoz de Acci\u00f3n y Comunicaci\u00f3n sobre Oriente Medio, organizaci\u00f3n que trabaja para mejorar las relaciones entre Espa\u00f1a e Israel, declara a este diario que el crecimiento del antisemitismo en Espa\u00f1a surge desde que S\u00e1nchez pacta \u00abcon la izquierda radical, que es el pegamento que necesita hoy: Bildu, Podemos y los partidos independentistas\u00bb. \u00abEl domingo, para rematar este aquelarre, para echar gasolina, S\u00e1nchez anima en Andaluc\u00eda a se\u00f1alar a los jud\u00edo\u00bb, confirma la portavoz, afirmando que \u00abesto no es contra los jud\u00edos, <strong>es contra ciudadanos espa\u00f1oles<\/strong> que ven coartada su libertad\u00bb, critica Reig\u00eda, recordando, adem\u00e1s, que su postura contra la religi\u00f3n jud\u00eda es \u00abuna cortina de humo para intentar ocultar los casos de corrupci\u00f3n en la familia\u00bb. <\/p>\n<p class=\"voc-p\" style=\"\">\u00abLa imagen de Espa\u00f1a ha quedado terrible a nivel internacional\u00bb, se lamenta la portavoz, criticando que S\u00e1nchez es \u00abantisemita\u00bb y que \u00abno tiene problema con hostigar y se\u00f1alar en p\u00fablico\u00bb a la comunidad jud\u00eda. Re\u00edgia coincide con Royo en que el antisemitismo \u00abes una realidad que afecta tambi\u00e9n a los no jud\u00edos porque la marabunta viene a por ellos\u00bb con grupos organizados como el movimiento Boicot, Desinversiones y Sanciones (BDS).<\/p>\n<p>\nLa situaci\u00f3n en Gaza, \u00abutilizad para fines pol\u00edticos\u00bb\n<\/p>\n<p class=\"voc-p\" style=\"\">La Comunidad Jud\u00eda de Madrid, mediante un comunicado, denuncia \u00abel car\u00e1cter marcadamente antisemita de algunas manifestaciones que han protagonizado las protestas contra la participaci\u00f3n del Equipo ciclista de Israel en la Vuelta a Espa\u00f1a\u00bb, reconociendo que estos actos implican \u00abun odio profundo hacia el Estado de Israel y, con \u00e9l, hacia los jud\u00edos\u00bb. Reconocen que estos discursos \u00abalientan y aplauden expresiones violentas, las justifican y les dan cobertura y legitimidad\u00bb y que es \u00abinadmisible\u00bb y representa una postura \u00absectario\u00bb que desde instituciones \u00abque deben representarnos a todos se incite a comportamientos inc\u00edvicos y violentos contra un colectivo espec\u00edfico, sembrando caos y p\u00e1nico.<\/p>\n<p class=\"voc-p\" style=\"\">El Centro de Estudios Judeo-Cristiano, una organizaci\u00f3n erigida por el Arzobispado y que vela por la Iglesia y su relaci\u00f3n con el juda\u00edsmo y el pueblo jud\u00edo, tambi\u00e9n en conversaciones con ABC, no consideran que sea \u00abl\u00f3gico que se persiga a unas personas por el simple hecho de profesar una religi\u00f3n, que es lo que ha sucedido durante muchos siglos\u00bb. Una opini\u00f3n que respaldan con un comunicado en el que afirman que la situaci\u00f3n \u00abdram\u00e1tica\u00bb para los civiles en Gaza est\u00e1 \u00absiendo utilizada para fines pol\u00edticos espurios y proyectando odio hacia las comunidades jud\u00edas y los nacionales israel\u00edes en cualquier \u00edndole deportiva, art\u00edstica o de la sociedad civil, aunque no tengan relaci\u00f3n alguna con el gobierno israel\u00ed\u00bb.<\/p>\n","protected":false},"excerpt":{"rendered":"La comunidad jud\u00eda de Espa\u00f1a se planta contra S\u00e1nchez y su \u00abantisemitismo\u00bb. La cancelaci\u00f3n de la \u00faltima etapa&hellip;\n","protected":false},"author":2,"featured_media":118117,"comment_status":"","ping_status":"","sticky":false,"template":"","format":"standard","meta":{"footnotes":""},"categories":[8],"tags":[39348,17,18,3582,25,39349,24,13,14,11,39347,19,20,9,10,15,16,199,23,12,21,22,865],"class_list":{"0":"post-118116","1":"post","2":"type-post","3":"status-publish","4":"format-standard","5":"has-post-thumbnail","7":"category-espana","8":"tag-antisemita","9":"tag-breaking-news","10":"tag-breakingnews","11":"tag-comunidades","12":"tag-es","13":"tag-esconder","14":"tag-espana","15":"tag-featured-news","16":"tag-featurednews","17":"tag-headlines","18":"tag-judias","19":"tag-latest-news","20":"tag-latestnews","21":"tag-news","22":"tag-noticias","23":"tag-noticias-destacadas","24":"tag-noticiasdestacadas","25":"tag-sanchez","26":"tag-spain","27":"tag-titulares","28":"tag-ultimas-noticias","29":"tag-ultimasnoticias","30":"tag-volver"},"share_on_mastodon":{"url":"","error":""},"_links":{"self":[{"href":"https:\/\/www.europesays.com\/es\/wp-json\/wp\/v2\/posts\/118116","targetHints":{"allow":["GET"]}}],"collection":[{"href":"https:\/\/www.europesays.com\/es\/wp-json\/wp\/v2\/posts"}],"about":[{"href":"https:\/\/www.europesays.com\/es\/wp-json\/wp\/v2\/types\/post"}],"author":[{"embeddable":true,"href":"https:\/\/www.europesays.com\/es\/wp-json\/wp\/v2\/users\/2"}],"replies":[{"embeddable":true,"href":"https:\/\/www.europesays.com\/es\/wp-json\/wp\/v2\/comments?post=118116"}],"version-history":[{"count":0,"href":"https:\/\/www.europesays.com\/es\/wp-json\/wp\/v2\/posts\/118116\/revisions"}],"wp:featuredmedia":[{"embeddable":true,"href":"https:\/\/www.europesays.com\/es\/wp-json\/wp\/v2\/media\/118117"}],"wp:attachment":[{"href":"https:\/\/www.europesays.com\/es\/wp-json\/wp\/v2\/media?parent=118116"}],"wp:term":[{"taxonomy":"category","embeddable":true,"href":"https:\/\/www.europesays.com\/es\/wp-json\/wp\/v2\/categories?post=118116"},{"taxonomy":"post_tag","embeddable":true,"href":"https:\/\/www.europesays.com\/es\/wp-json\/wp\/v2\/tags?post=118116"}],"curies":[{"name":"wp","href":"https:\/\/api.w.org\/{rel}","templated":true}]}}