{"id":118124,"date":"2025-09-16T05:33:07","date_gmt":"2025-09-16T05:33:07","guid":{"rendered":"https:\/\/www.europesays.com\/es\/118124\/"},"modified":"2025-09-16T05:33:07","modified_gmt":"2025-09-16T05:33:07","slug":"la-salida-del-tour-de-barcelona-proxima-prueba-para-espana","status":"publish","type":"post","link":"https:\/\/www.europesays.com\/es\/118124\/","title":{"rendered":"La salida del Tour de Barcelona, pr\u00f3xima prueba para Espa\u00f1a"},"content":{"rendered":"<p><b>\u00abVamos a ver qu\u00e9 sucede en los pr\u00f3ximos meses, pero desde luego, con la participaci\u00f3n de Israel, Gran Canaria no acoger\u00e1 la Vuelta\u00bb, asegura el presidente del Cabildo<\/b>, Antonio Morales. Las dos grandes islas del archipi\u00e9lago canario, Gran Canaria y Tenerife, deber\u00edan acoger el pr\u00f3ximo a\u00f1o las etapas finales de la Vuelta, pero \u00abno vamos a blanquear el genocidio\u00bb, dice Morales. \u00ab<b>Gran Canaria no est\u00e1 dispuesta a blanquear el genocidio<\/b>, a blanquear el estado de Israel a trav\u00e9s del deporte\u00bb, a\u00f1ade.<\/p>\n<p>Las protestas ponen en peligro el recorrido de la carrera el pr\u00f3ximo a\u00f1o, pero la Vuelta no es la \u00fanica afectada. En 2026 Barcelona debe acoger la Gran Salida del Tour, algo que ahora parece inviable, aunque Javier Guill\u00e9n intenta aportar algo de tranquilidad.<\/p>\n<p>\u00abYo no quiero especular con esa posibilidad. <b>Barcelona va a tener un Tour de Francia y un gran Tour. A partir de esta Vuelta las entidades internacionales va a tener que tomar decisiones <\/b>y el ciclismo va a tener que trabajar en ellas, proponerlas. La Vuelta ha sido un elemento para que nos paremos a hacer esa reflexi\u00f3n y veamos lo que hay. <b>De aqu\u00ed al Tour ojal\u00e1 est\u00e9 todo solucionado y que el conflicto en Gaza haya concluido, <\/b>no por el deporte sino por una cuesti\u00f3n humanitaria\u00bb, dice el director de la Vuelta.<\/p>\n<p>La UCI public\u00f3 un comunicado en el que critica al Gobierno espa\u00f1ol porque algunos de sus miembros \u00abhayan mostrado su admiraci\u00f3n hacia los manifestantes\u00bb. Y eso, seg\u00fan la organizaci\u00f3n que rige el ciclismo mundial, \u00ab<b>pone en tela de juicio la capacidad de Espa\u00f1a para acoger grandes eventos deportivos internacionales <\/b>garantizando su buen desarrollo en condiciones de seguridad y de conformidad con los principios que rigen la Carta Ol\u00edmpica\u00bb.<\/p>\n<p>Espa\u00f1a, y Madrid en concreto, tiene que afrontar pr\u00f3ximamente la organizaci\u00f3n de varios eventos. El 16 de noviembre la NFL llega al Santiago Bernab\u00e9u con el partido entre Miami Dolphins y Washington Commanders. Pero el f\u00fatbol americano se disputa en un recinto cerrado y eso hace m\u00e1s complicadas las movilizaciones. Adem\u00e1s, no hay ning\u00fan deportista israel\u00ed involucrado. Algo parecido sucede con la F\u00f3rmula Uno, que recala en el circuito urbano de Madrid la pr\u00f3xima temporada. No hay inversores israel\u00edes en el \u00abgran circo\u00bb y el elevado precio de las entradas impide que se puedan producir grandes manifestaciones.<\/p>\n<p>Las selecciones de Israel s\u00ed podr\u00edan estar en el Eurobasket de 2029 o el Mundial de F\u00fatbol 2030, pero quedan demasiado lejos. Espa\u00f1a ha competido este a\u00f1o en el torneo continental de baloncesto en el que tambi\u00e9n compet\u00eda Israel, pero sin que hayan llegado a cruzarse. Antes, <b>en 2027, el estadio Metropolitano del Atl\u00e9tico debe acoger la final de la Liga de Campeones<\/b>.<\/p>\n<p>Los deportes que se practican en recintos cerrados son menos susceptibles de sufrir un boicot como el de <b>la Vuelta, mucho m\u00e1s vulnerable. \u00abEl ciclismo lo es<\/b>, es una parte que es muy dif\u00edcil de controlar con todo lo que ha pasado. Yo tengo la esperanza de que no sea as\u00ed y no puedo decirte lo que ocurrir\u00e1 en el futuro m\u00e1s all\u00e1 de que evidentemente vamos a seguir trabajando para sacar la Vuelta adelante que todo el mundo tiene que saber que es posiblemente uno de los eventos m\u00e1s importantes que tenemos en Espa\u00f1a\u00bb, asume Guill\u00e9n.<\/p>\n","protected":false},"excerpt":{"rendered":"\u00abVamos a ver qu\u00e9 sucede en los pr\u00f3ximos meses, pero desde luego, con la participaci\u00f3n de Israel, Gran&hellip;\n","protected":false},"author":2,"featured_media":118125,"comment_status":"","ping_status":"","sticky":false,"template":"","format":"standard","meta":{"footnotes":""},"categories":[273],"tags":[313,312,168,25,24,23,167],"class_list":{"0":"post-118124","1":"post","2":"type-post","3":"status-publish","4":"format-standard","5":"has-post-thumbnail","7":"category-ciclismo","8":"tag-ciclismo","9":"tag-cycling","10":"tag-deportes","11":"tag-es","12":"tag-espana","13":"tag-spain","14":"tag-sports"},"share_on_mastodon":{"url":"","error":""},"_links":{"self":[{"href":"https:\/\/www.europesays.com\/es\/wp-json\/wp\/v2\/posts\/118124","targetHints":{"allow":["GET"]}}],"collection":[{"href":"https:\/\/www.europesays.com\/es\/wp-json\/wp\/v2\/posts"}],"about":[{"href":"https:\/\/www.europesays.com\/es\/wp-json\/wp\/v2\/types\/post"}],"author":[{"embeddable":true,"href":"https:\/\/www.europesays.com\/es\/wp-json\/wp\/v2\/users\/2"}],"replies":[{"embeddable":true,"href":"https:\/\/www.europesays.com\/es\/wp-json\/wp\/v2\/comments?post=118124"}],"version-history":[{"count":0,"href":"https:\/\/www.europesays.com\/es\/wp-json\/wp\/v2\/posts\/118124\/revisions"}],"wp:featuredmedia":[{"embeddable":true,"href":"https:\/\/www.europesays.com\/es\/wp-json\/wp\/v2\/media\/118125"}],"wp:attachment":[{"href":"https:\/\/www.europesays.com\/es\/wp-json\/wp\/v2\/media?parent=118124"}],"wp:term":[{"taxonomy":"category","embeddable":true,"href":"https:\/\/www.europesays.com\/es\/wp-json\/wp\/v2\/categories?post=118124"},{"taxonomy":"post_tag","embeddable":true,"href":"https:\/\/www.europesays.com\/es\/wp-json\/wp\/v2\/tags?post=118124"}],"curies":[{"name":"wp","href":"https:\/\/api.w.org\/{rel}","templated":true}]}}