{"id":118134,"date":"2025-09-16T05:38:10","date_gmt":"2025-09-16T05:38:10","guid":{"rendered":"https:\/\/www.europesays.com\/es\/118134\/"},"modified":"2025-09-16T05:38:10","modified_gmt":"2025-09-16T05:38:10","slug":"seila-fernandez-arconada-artista-conozco-el-poder-magico-de-crear-de-forma-colectiva-cultura","status":"publish","type":"post","link":"https:\/\/www.europesays.com\/es\/118134\/","title":{"rendered":"Seila Fern\u00e1ndez Arconada, artista: \u201cConozco el poder m\u00e1gico de crear de forma colectiva\u201d | Cultura"},"content":{"rendered":"<p class=\"\">Seila Fern\u00e1ndez Arconada no es una artista que se proponga pintar un lienzo en un estudio que acabe en las paredes de un museo, sino una especie de activista del arte con los pies firmes en territorios complejos. Esta artista<a href=\"https:\/\/elpais.com\/extra\/medio-ambiente\/2024-06-05\/la-cultura-agita-la-conciencia-ambiental.html\" target=\"_self\" rel=\"nofollow noopener\" title=\"https:\/\/elpais.com\/extra\/medio-ambiente\/2024-06-05\/la-cultura-agita-la-conciencia-ambiental.html\"> ecosocial y multidisciplinar <\/a>nacida en San Felices de Buelna, Cantabria, en 1986, ha trabajado en lugares de la Amazon\u00eda, Colombia, China, Inglaterra, Pa\u00edses Bajos, Francia o Ucrania y defiende la creaci\u00f3n como algo compartido. Hoy desarrolla el proyecto R\u00edo Dnipr\u00f3: pertenencia ecosocial en tiempos de guerra. De todo ello ha hablado en Santander <a href=\"https:\/\/www.uimp.es\/agenda-link.html?id_actividad=6616&amp;anyaca=2025-26\" target=\"_self\" rel=\"nofollow noopener\" title=\"https:\/\/www.uimp.es\/agenda-link.html?id_actividad=6616&amp;anyaca=2025-26\">en un curso de la UIMP.<\/a><\/p>\n<p class=\"\"><b>Pregunta.<\/b> \u00bfQu\u00e9 hace el arte fuera de los museos?<\/p>\n<p class=\"\"><b>Respuesta.<\/b> Mi gran foco de atenci\u00f3n es c\u00f3mo tratar las incertidumbres contempor\u00e1neas desde espacios intermedios que integren arte, ciencia y otras disciplinas para buscar otras formas de hacer e imaginar. Es ah\u00ed donde las pr\u00e1cticas art\u00edsticas tienen mucho que hacer.<\/p>\n<p class=\"\"><b>P. <\/b>\u00bfPor ejemplo?<\/p>\n<p class=\"\"><b>R.<\/b> El cambio clim\u00e1tico, los conflictos, los impactos de las pr\u00e1cticas extractivas de la naturaleza. Busco crear espacios a partir de significados colectivos e idear imaginarios futuros tejidos con el ahora, imaginarios que hoy no son el foco de atenci\u00f3n. Intento trabajar con cient\u00edficos a partir de pr\u00e1cticas art\u00edsticas.<\/p>\n<p class=\"\"><b>P.<\/b> Vive donde crea, ahora mismo entre Berl\u00edn y Kiev.<\/p>\n<p class=\"\"><b>R.<\/b> S\u00ed, desde hace dos a\u00f1os Berl\u00edn es mi campamento base y desde ah\u00ed me muevo a distintos pa\u00edses. A Ucrania fui por primera vez en 2016. Trabaj\u00e9 con activistas locales e internacionales en el Donb\u00e1s en un proyecto que abordaba el posconflicto. Ya hab\u00eda much\u00edsimos desplazados en <a href=\"https:\/\/elpais.com\/noticias\/kramatorsk\/\" target=\"_self\" rel=\"nofollow noopener\" title=\"https:\/\/elpais.com\/noticias\/kramatorsk\/\">Kromatorsk<\/a>. Y desde 2022 seguir all\u00ed se ha convertido en responsabilidad. Son proyectos art\u00edsticos, pero tambi\u00e9n humanitarios, de apoyo mutuo.<\/p>\n<p class=\"\"><b>P.<\/b> \u00bfPor ejemplo?<\/p>\n<p class=\"\"><b>R.<\/b> Ahora mismo trabajo en un proyecto vinculado al r\u00edo Dnipro. Trabajo mucho con cuerpos de agua, para m\u00ed es importante repensarnos desde el r\u00edo y repensarlo como un ente que es testigo y que sufre esta guerra. Muchos en Ucrania no tienen agua potable. Trabajamos con ni\u00f1os que viven cerca del frente de guerra y lo hacemos con metodolog\u00edas art\u00edsticas para acogerles en espacios de libertad y sanaci\u00f3n que, aunque son temporales, les dejan un gran poso. Son campamentos en el oeste del pa\u00eds en los que pueden sentirse seguros dentro de la incertidumbre.<\/p>\n<p class=\"\"><b>P.<\/b> \u00bfC\u00f3mo est\u00e1n esos ni\u00f1os?<\/p>\n<p class=\"\"><b>R.<\/b> Vienen muy encogidos y asustados por lo que viven, muy da\u00f1ados, <a href=\"https:\/\/elpais.com\/planeta-futuro\/2022-03-23\/ninos-en-la-frontera-ucrania-ni-solos-ni-mal-acompanados.html\" target=\"_self\" rel=\"nofollow noopener\" title=\"https:\/\/elpais.com\/planeta-futuro\/2022-03-23\/ninos-en-la-frontera-ucrania-ni-solos-ni-mal-acompanados.html\">sufren much\u00edsimo y necesitan expresar.<\/a> T\u00fa los acompa\u00f1as, aportas cari\u00f1o para que se sientan escuchados y apoyados.<\/p>\n<p class=\"\"><b>P.<\/b> \u00bfEl arte es terapia?<\/p>\n<p class=\"\"><b>R.<\/b> Hay arte terapia que est\u00e1 utilizando t\u00e9cnicas art\u00edsticas junto a la psicolog\u00eda. Yo soy artista, conozco el potencial y el poder m\u00e1gico de crear de forma colectiva. No solo es crear significado, sino tambi\u00e9n una intenci\u00f3n.<\/p>\n<p class=\"\"><b>P.<\/b> \u00bfC\u00f3mo logra integrar otras disciplinas?<\/p>\n<p class=\"\"><b>R.<\/b> En Somerset, en Inglaterra, trabaj\u00e9 con ingenieros, hidr\u00f3logos, investigadores del cambio clim\u00e1tico y expertos en las <a href=\"https:\/\/elpais.com\/internacional\/2014\/02\/07\/actualidad\/1391785921_040146.html\" target=\"_self\" rel=\"nofollow noopener\" title=\"https:\/\/elpais.com\/internacional\/2014\/02\/07\/actualidad\/1391785921_040146.html\">inundaciones en esa zona de Inglaterra <\/a>y entre todos creamos, tambi\u00e9n con la comunidad local. Construimos un barco que era una respuesta positiva al agua y tuvimos muchos encuentros relacionados con ello. Ese barco era parte de la identidad local y se trataba de trabajar y hacer crecer el sentido de pertenencia. Participaron gentes que no necesariamente hablan entre s\u00ed ni crean en un espacio com\u00fan, desde ganaderos a activistas, para integrar imaginarios. No se trataba de crear actividades culturales, sino de fluir dentro de un sentido colectivo. Eso dej\u00f3 grandes huellas, incluso alg\u00fan cambio legal.<\/p>\n<p class=\"\"><b>P.<\/b> Usted naci\u00f3 en un peque\u00f1o pueblo de Cantabria. \u00bfC\u00f3mo surgi\u00f3 ese amor al arte? \u00bfSus padres?<\/p>\n<p class=\"\"><b>R.<\/b> Mi padre trabajaba en una f\u00e1brica y mi madre trabajaba en un comedor escolar. Yo ten\u00eda inquietudes y mucha curiosidad, aunque no tanto inter\u00e9s en dibujar. Pero la asignatura de Artes Pl\u00e1sticas en el instituto con un gran profesor me llev\u00f3 a estudiar Bellas Artes en el Pa\u00eds Vasco y luego mi intuici\u00f3n hizo lo dem\u00e1s. No era la pintura, sino la curiosidad. Acert\u00e9 con ello y a partir de ah\u00ed se trataba de intercalarlo de forma interdisciplinar.<\/p>\n<p class=\"\"><b>P.<\/b> Hemos empezado hablando del arte fuera de los museos. \u00bfVe su arte en un museo?<\/p>\n<p class=\"\"><b>R.<\/b> He expuesto en Santillana y en la Fundaci\u00f3n Bot\u00edn. El arte puede suceder en el espacio p\u00fablico y volver al museo, el tema es c\u00f3mo pensamos el rol del artista en la sociedad, si debe estar aislado en un estudio o ser parte de conversaciones m\u00e1s amplias. Las pautas art\u00edsticas crean conocimiento y deben entretejerse con otras disciplinas.<\/p>\n<p class=\"\"><b>P.<\/b> \u00bfVe los museos como parte viva de la sociedad?<\/p>\n<p class=\"\"><b>R.<\/b> S\u00ed, pero tienen que existir distintas pr\u00e1cticas tambi\u00e9n conectadas con otros mundos y eso no se da tanto en el mundo del arte contempor\u00e1neo. Hay una pata acad\u00e9mica y otra en la sociedad civil. El espacio muse\u00edstico tiene otras l\u00f3gicas.<\/p>\n<p class=\"\"><b>P.<\/b> \u00bfSus artistas de referencia?<\/p>\n<p class=\"\"><b>R.<\/b> No puedo elegir porque coexisten conmigo en mi mundo y porque el mundo del arte no es el \u00fanico que me inspira, me inspiran momentos, personas muy diversas, yo respondo mucho al ahora. Mis compa\u00f1eros de viaje son personas con talento con las que siento que estamos creciendo de forma conjunta. <\/p>\n<p class=\"\"><b>P.<\/b> \u00bfCree que est\u00e1n haciendo algo que no exist\u00eda?<\/p>\n<p class=\"\"><b>R.<\/b> Se est\u00e1n haciendo cosas que no exist\u00edan, proyectos en los que no sabes el resultado final. Desde mis l\u00f3gicas, deber\u00eda haber libertad de crear a partir de la colaboraci\u00f3n, y las instituciones van muy por detr\u00e1s. Apostamos por un proyecto confiando en los artistas, dentro de los par\u00e1metros posibles y dejando que esa incertidumbre sea parte del proyecto.<\/p>\n","protected":false},"excerpt":{"rendered":"Seila Fern\u00e1ndez Arconada no es una artista que se proponga pintar un lienzo en un estudio que acabe&hellip;\n","protected":false},"author":2,"featured_media":118135,"comment_status":"","ping_status":"","sticky":false,"template":"","format":"standard","meta":{"footnotes":""},"categories":[173],"tags":[15230,229,2875,233,231,230,209,232,234,146,147,25,24,23,7081],"class_list":{"0":"post-118134","1":"post","2":"type-post","3":"status-publish","4":"format-standard","5":"has-post-thumbnail","7":"category-arte-y-diseno","8":"tag-amazonas","9":"tag-arte","10":"tag-arte-contemporaneo","11":"tag-arte-y-diseno","12":"tag-arts","13":"tag-arts-and-design","14":"tag-cultura","15":"tag-design","16":"tag-diseno","17":"tag-entertainment","18":"tag-entretenimiento","19":"tag-es","20":"tag-espana","21":"tag-spain","22":"tag-ucrania"},"share_on_mastodon":{"url":"","error":""},"_links":{"self":[{"href":"https:\/\/www.europesays.com\/es\/wp-json\/wp\/v2\/posts\/118134","targetHints":{"allow":["GET"]}}],"collection":[{"href":"https:\/\/www.europesays.com\/es\/wp-json\/wp\/v2\/posts"}],"about":[{"href":"https:\/\/www.europesays.com\/es\/wp-json\/wp\/v2\/types\/post"}],"author":[{"embeddable":true,"href":"https:\/\/www.europesays.com\/es\/wp-json\/wp\/v2\/users\/2"}],"replies":[{"embeddable":true,"href":"https:\/\/www.europesays.com\/es\/wp-json\/wp\/v2\/comments?post=118134"}],"version-history":[{"count":0,"href":"https:\/\/www.europesays.com\/es\/wp-json\/wp\/v2\/posts\/118134\/revisions"}],"wp:featuredmedia":[{"embeddable":true,"href":"https:\/\/www.europesays.com\/es\/wp-json\/wp\/v2\/media\/118135"}],"wp:attachment":[{"href":"https:\/\/www.europesays.com\/es\/wp-json\/wp\/v2\/media?parent=118134"}],"wp:term":[{"taxonomy":"category","embeddable":true,"href":"https:\/\/www.europesays.com\/es\/wp-json\/wp\/v2\/categories?post=118134"},{"taxonomy":"post_tag","embeddable":true,"href":"https:\/\/www.europesays.com\/es\/wp-json\/wp\/v2\/tags?post=118134"}],"curies":[{"name":"wp","href":"https:\/\/api.w.org\/{rel}","templated":true}]}}