{"id":118157,"date":"2025-09-16T05:56:07","date_gmt":"2025-09-16T05:56:07","guid":{"rendered":"https:\/\/www.europesays.com\/es\/118157\/"},"modified":"2025-09-16T05:56:07","modified_gmt":"2025-09-16T05:56:07","slug":"un-boicot-anunciado-un-fracaso-inevitable","status":"publish","type":"post","link":"https:\/\/www.europesays.com\/es\/118157\/","title":{"rendered":"Un boicot anunciado, un fracaso inevitable"},"content":{"rendered":"<p class=\"c-paragraph\"><b>La Vuelta 2025<\/b> se ha estrellado contra la realidad de <b>un boicot anunciado<\/b>, de un fracaso tan previsible como las empinadas cuestas asturianas del Angliru. La presencia del equipo<b> Israel-Premier Tech<\/b> ha convertido las carreteras de Bilbao, Valladolid o Madrid en un campo de batalla. \u00bfA qui\u00e9n se le ocurri\u00f3 pensar que no iba a pasar nada? \u00bfQui\u00e9n, en su ingenuidad o cinismo,<b> crey\u00f3 que el deporte pod\u00eda mantenerse al margen de la hambruna y matanza que sufre una poblaci\u00f3n asediada<\/b>? La cuesti\u00f3n de fondo, al margen de La Vuelta, es que Israel no merece un trato distinto al de <a href=\"https:\/\/www.20minutos.es\/tags\/lugares\/rusia.html\" title=\"Rusia\" target=\"_blank\" rel=\"nofollow noopener\">Rusia <\/a>tras Ucrania: exclusi\u00f3n, sanciones y presi\u00f3n hasta que cese la barbarie en <a href=\"https:\/\/www.20minutos.es\/tags\/lugares\/gaza.html\" title=\"Gaza\" rel=\"nofollow noopener\" target=\"_blank\">Gaza<\/a>.\u00a0<\/p>\n<p class=\"c-paragraph\">El desastre se gest\u00f3 desde el <b>kil\u00f3metro cero e<\/b>n Tur\u00edn el 23 de agosto. Las protestas han ido creciendo hasta su apoteosis de caos en las calles Madrid, \u00faltima etapa, que finalmente<b> fue suspendida<\/b> pese al amplio <b>dispositivo policial<\/b> desplegado. <b>Unipublic<\/b>, la agencia organizadora de La Vuelta, insinu\u00f3 hace d\u00edas que el equipo israel\u00ed deber\u00eda retirarse, pero este, ligado a un empresario cercano a <a href=\"https:\/\/www.20minutos.es\/tags\/personas\/benjamin-netanyahu.html\" title=\"Benjamin Netanyahu\" target=\"_blank\" rel=\"nofollow noopener\">Benjam\u00edn Netanyahu<\/a>, se aferr\u00f3 a su plaza, ocultando su nombre en las equipaciones. <b>\u00bfQui\u00e9n pens\u00f3 que este circo rodar\u00eda sin consecuencias?<\/b> A esta hipocres\u00eda se suma la del Gobierno de Pedro S\u00e1nchez, cuya postura destila oportunismo. El delegado del Gobierno en Madrid, <b>responsable de garantizar la seguridad y el desarrollo de La Vuelta<\/b>, no solo fall\u00f3 en su cometido, sino que apareci\u00f3 p\u00fablicamente satisfecho por el desenlace, como si el <b>autoboicot <\/b>fuera una <b>victoria pol\u00edtica<\/b>, enmascarando el final violento. \u00bfEs cierto que la Polic\u00eda recibi\u00f3 \u00f3rdenes de no actuar?<b> Esta actitud refleja una doble moral<\/b>, si el Ejecutivo espa\u00f1ol quer\u00eda tomar partido deber\u00eda haberlo hecho con claridad desde el principio, por ejemplo,<b> exigiendo la expulsi\u00f3n del equipo israel\u00ed <\/b>para que hubiera Vuelta, en lugar de parapetarse detr\u00e1s del boicot para sacar r\u00e9ditos pol\u00edticos.<\/p>\n<p class=\"c-paragraph\">Pese a toda la politiquer\u00eda, l<b>a legitimidad de la protesta es incuestionable<\/b>. La limpieza \u00e9tnica, documentada por Amnist\u00eda Internacional y otros organismos, no es un debate: es un hecho que exige coherencia.<b> Rusia fue expulsada del deporte global, o del festival de Eurovisi\u00f3n, tras invadir Ucrania<\/b>. \u00bfPor qu\u00e9 a Israel no se le da el mismo trato? Este boicot, pese al da\u00f1o que ha infligido a los deportistas, es un eco de la historia. <b>Al igual que los boicots al apartheid sudafricano<\/b>, que marcaron un antes y un despu\u00e9s en la conciencia global, la indiferencia ante lo que sucede en Gaza <b>no es una opci\u00f3n<\/b>. La Vuelta, un negocio millonario, paga el precio de <b>ignorar la realidad<\/b>: no se puede pedalear bajo la bandera de un Estado que est\u00e1 cometiendo cr\u00edmenes de guerra y esperar que no ocurra nada.<\/p>\n","protected":false},"excerpt":{"rendered":"La Vuelta 2025 se ha estrellado contra la realidad de un boicot anunciado, de un fracaso tan previsible&hellip;\n","protected":false},"author":2,"featured_media":118158,"comment_status":"","ping_status":"","sticky":false,"template":"","format":"standard","meta":{"footnotes":""},"categories":[273],"tags":[17207,35163,313,312,168,25,24,8604,23,167,16743],"class_list":{"0":"post-118157","1":"post","2":"type-post","3":"status-publish","4":"format-standard","5":"has-post-thumbnail","7":"category-ciclismo","8":"tag-anunciado","9":"tag-boicot","10":"tag-ciclismo","11":"tag-cycling","12":"tag-deportes","13":"tag-es","14":"tag-espana","15":"tag-fracaso","16":"tag-spain","17":"tag-sports","18":"tag-un"},"share_on_mastodon":{"url":"","error":""},"_links":{"self":[{"href":"https:\/\/www.europesays.com\/es\/wp-json\/wp\/v2\/posts\/118157","targetHints":{"allow":["GET"]}}],"collection":[{"href":"https:\/\/www.europesays.com\/es\/wp-json\/wp\/v2\/posts"}],"about":[{"href":"https:\/\/www.europesays.com\/es\/wp-json\/wp\/v2\/types\/post"}],"author":[{"embeddable":true,"href":"https:\/\/www.europesays.com\/es\/wp-json\/wp\/v2\/users\/2"}],"replies":[{"embeddable":true,"href":"https:\/\/www.europesays.com\/es\/wp-json\/wp\/v2\/comments?post=118157"}],"version-history":[{"count":0,"href":"https:\/\/www.europesays.com\/es\/wp-json\/wp\/v2\/posts\/118157\/revisions"}],"wp:featuredmedia":[{"embeddable":true,"href":"https:\/\/www.europesays.com\/es\/wp-json\/wp\/v2\/media\/118158"}],"wp:attachment":[{"href":"https:\/\/www.europesays.com\/es\/wp-json\/wp\/v2\/media?parent=118157"}],"wp:term":[{"taxonomy":"category","embeddable":true,"href":"https:\/\/www.europesays.com\/es\/wp-json\/wp\/v2\/categories?post=118157"},{"taxonomy":"post_tag","embeddable":true,"href":"https:\/\/www.europesays.com\/es\/wp-json\/wp\/v2\/tags?post=118157"}],"curies":[{"name":"wp","href":"https:\/\/api.w.org\/{rel}","templated":true}]}}