{"id":118159,"date":"2025-09-16T05:57:05","date_gmt":"2025-09-16T05:57:05","guid":{"rendered":"https:\/\/www.europesays.com\/es\/118159\/"},"modified":"2025-09-16T05:57:05","modified_gmt":"2025-09-16T05:57:05","slug":"culpo-a-colapinto-de-su-salida-de-alpine-y-ahora-podria-correr-como-titular-en-la-formula-1-no-tuve-oportunidades","status":"publish","type":"post","link":"https:\/\/www.europesays.com\/es\/118159\/","title":{"rendered":"Culp\u00f3 a Colapinto de su salida de Alpine y ahora podr\u00eda correr como titular en la F\u00f3rmula 1: \u00abNo tuve oportunidades\u00bb"},"content":{"rendered":"<p class=\"left paragraph font__body-regular\">El <a href=\"https:\/\/tn.com.ar\/deportes\/automovilismo\/2025\/09\/13\/gran-premio-de-azerbaiyan-de-formula-1-cuando-corre-franco-colapinto-y-a-que-hora-ver-la-carrera\/\" target=\"_blank\" rel=\"noreferrer nofollow noopener\" title=\"https:\/\/tn.com.ar\/deportes\/automovilismo\/2025\/09\/13\/gran-premio-de-azerbaiyan-de-formula-1-cuando-corre-franco-colapinto-y-a-que-hora-ver-la-carrera\/\"><b>Gran Premio de Azerbaiy\u00e1n<\/b><\/a> reanudar\u00e1 este domingo la temporada de la <b>F\u00f3rmula 1<\/b> luego de un breve receso. La atenci\u00f3n estar\u00e1 puesta sobre un piloto que podr\u00eda perder su lugar en la grilla si recibe una nueva penalizaci\u00f3n. Su reemplazante, en caso de que eso ocurra, ser\u00eda un corredor que estuvo en Alpine y que<a href=\"https:\/\/tn.com.ar\/deportes\/automovilismo\/2025\/04\/07\/cambios-en-la-formula-1-uno-de-los-companeros-de-franco-colapinto-en-alpine-correra-para-otra-escuderia\/\" target=\"_blank\" rel=\"noreferrer nofollow noopener\" title=\"https:\/\/tn.com.ar\/deportes\/automovilismo\/2025\/04\/07\/cambios-en-la-formula-1-uno-de-los-companeros-de-franco-colapinto-en-alpine-correra-para-otra-escuderia\/\"> vincul\u00f3 su salida a la llegada de Franco Colapinto. <\/a><\/p>\n<p class=\"left paragraph font__body-regular\"><b>Le\u00e9 tambi\u00e9n: <\/b><a href=\"https:\/\/tn.com.ar\/deportes\/automovilismo\/2025\/08\/22\/gran-premio-de-paises-bajos-de-formula-1-cuando-corre-franco-colapinto-y-a-que-hora-ver-la-carrera\/\" rel=\"nofollow noopener\" title=\"https:\/\/tn.com.ar\/deportes\/automovilismo\/2025\/08\/22\/gran-premio-de-paises-bajos-de-formula-1-cuando-corre-franco-colapinto-y-a-que-hora-ver-la-carrera\/\" target=\"_blank\"><b>Franco Colapinto revel\u00f3 qui\u00e9nes son sus tres m\u00e1ximos \u00eddolos de la F\u00f3rmula 1<\/b><\/a><\/p>\n<p class=\"left paragraph font__body-regular\">El caso de <b>Oliver Bearman <\/b>enciende las alarmas en <b>Haas<\/b>. Tal como lo indica el reglamento, si un corredor alcanza <b>los 12 puntos en la Superlicencia en un lapso de un a\u00f1o <\/b>ser\u00e1 penalizado con <b>la suspensi\u00f3n de una carrera<\/b>. El brit\u00e1nico acumula diez unidades y, en caso de recibir dos m\u00e1s de aqu\u00ed hasta fines de octubre, no podr\u00e1 correr en una fecha del calendario.<\/p>\n<p class=\"left paragraph font__body-regular\">Si Bearman no puede disputar un GP de la F\u00f3rmula 1, su reemplazante ser\u00e1 el japon\u00e9s <b>Ryo Hirakawa<\/b>, expiloto de <a href=\"https:\/\/tn.com.ar\/deportes\/automovilismo\/2025\/09\/14\/gran-noticia-para-franco-colapinto-expertos-aseguran-que-tendra-el-mejor-motor-de-la-formula-1-en-2026\/\" target=\"_blank\" rel=\"noreferrer nofollow noopener\" title=\"https:\/\/tn.com.ar\/deportes\/automovilismo\/2025\/09\/14\/gran-noticia-para-franco-colapinto-expertos-aseguran-que-tendra-el-mejor-motor-de-la-formula-1-en-2026\/\"><b>Alpine<\/b><\/a> y actual reserva de la escuder\u00eda norteamericana. Ser\u00eda <b>su primera oportunidad de participar de un evento grande de la categor\u00eda.<\/b><\/p>\n<p><img decoding=\"async\" loading=\"lazy\" fetchpriority=\"low\" data-testid=\"loading-testid\" class=\"image content-image image_placeholder\" alt=\"Pierre Gasly, Jack Doohan, Franco Colapinto, Ryo Hirakawa y Paul Aron, todos los pilotos de Alpine junto a Flavio Briatore y Luca De Meo. (Foto: AlpineF1Team\/IG)\" width=\"767\" height=\"959\" src=\"https:\/\/www.europesays.com\/es\/wp-content\/uploads\/2025\/09\/pierre-gasly-jack-doohan-franco-colapinto-ryo-hirakawa-y-paul-aron-todos-los-pilotos-de-alpine-junto.jpeg\"\/><\/p>\n<p>Pierre Gasly, Jack Doohan, Franco Colapinto, Ryo Hirakawa y Paul Aron, todos los pilotos de Alpine junto a Flavio Briatore y Luca De Meo. (Foto: AlpineF1Team\/IG)<\/p>\n<p class=\"left paragraph font__body-regular\">Hirakawa hab\u00eda comenzado el a\u00f1o como compa\u00f1ero de <b>Franco Colapinto<\/b> e incluso lleg\u00f3 a participar en una pr\u00e1ctica libre del Gran Premio de Jap\u00f3n, donde hizo de local. Sin embargo, en cuanto recibi\u00f3 la propuesta de Haas, no dud\u00f3 en cambiar de equipo y<b> vincul\u00f3 al piloto argentino en su decisi\u00f3n final<\/b>.<\/p>\n<p class=\"left paragraph font__body-regular\">En una entrevista con el sitio Motorsport, el corredor asi\u00e1tico asegur\u00f3 tras irse de Alpine: \u201cNo tuve oportunidades\u201d. Luego, relacion\u00f3 su ida con el ascenso de Colapinto, quien estaba en primera fila entre los considerados para ascender en caso de que Jack Doohan no diera la talla.<\/p>\n<p class=\"left paragraph font__body-regular\">\u201cS\u00ed,<b> no puedo negarlo<\/b>. Creo que es dif\u00edcil de responder, pero creo que as\u00ed es como se entendi\u00f3, as\u00ed que s\u00ed\u201d, expres\u00f3 Hirakawa ante la consulta de Motorsport sobre si el desembarco del argentino en Alpine influy\u00f3 en su decisi\u00f3n de irse a otro equipo.<\/p>\n<p class=\"left paragraph font__body-regular\">Ahora, esa determinaci\u00f3n de dejar Alpine podr\u00eda rendir sus frutos en caso de que Bearman sume dos puntos en la Superlicencia, sea castigado y tenga que cederle el coche durante un Gran Premio de la F\u00f3rmula 1.<\/p>\n","protected":false},"excerpt":{"rendered":"El Gran Premio de Azerbaiy\u00e1n reanudar\u00e1 este domingo la temporada de la F\u00f3rmula 1 luego de un breve&hellip;\n","protected":false},"author":2,"featured_media":118160,"comment_status":"","ping_status":"","sticky":false,"template":"","format":"standard","meta":{"footnotes":""},"categories":[270],"tags":[1331,168,25,24,306,271,272,1723,23,167],"class_list":{"0":"post-118159","1":"post","2":"type-post","3":"status-publish","4":"format-standard","5":"has-post-thumbnail","7":"category-formula-1","8":"tag-alpine","9":"tag-deportes","10":"tag-es","11":"tag-espana","12":"tag-f1","13":"tag-formula-1","14":"tag-formula1","15":"tag-franco-colapinto","16":"tag-spain","17":"tag-sports"},"share_on_mastodon":{"url":"","error":""},"_links":{"self":[{"href":"https:\/\/www.europesays.com\/es\/wp-json\/wp\/v2\/posts\/118159","targetHints":{"allow":["GET"]}}],"collection":[{"href":"https:\/\/www.europesays.com\/es\/wp-json\/wp\/v2\/posts"}],"about":[{"href":"https:\/\/www.europesays.com\/es\/wp-json\/wp\/v2\/types\/post"}],"author":[{"embeddable":true,"href":"https:\/\/www.europesays.com\/es\/wp-json\/wp\/v2\/users\/2"}],"replies":[{"embeddable":true,"href":"https:\/\/www.europesays.com\/es\/wp-json\/wp\/v2\/comments?post=118159"}],"version-history":[{"count":0,"href":"https:\/\/www.europesays.com\/es\/wp-json\/wp\/v2\/posts\/118159\/revisions"}],"wp:featuredmedia":[{"embeddable":true,"href":"https:\/\/www.europesays.com\/es\/wp-json\/wp\/v2\/media\/118160"}],"wp:attachment":[{"href":"https:\/\/www.europesays.com\/es\/wp-json\/wp\/v2\/media?parent=118159"}],"wp:term":[{"taxonomy":"category","embeddable":true,"href":"https:\/\/www.europesays.com\/es\/wp-json\/wp\/v2\/categories?post=118159"},{"taxonomy":"post_tag","embeddable":true,"href":"https:\/\/www.europesays.com\/es\/wp-json\/wp\/v2\/tags?post=118159"}],"curies":[{"name":"wp","href":"https:\/\/api.w.org\/{rel}","templated":true}]}}