{"id":118163,"date":"2025-09-16T05:59:08","date_gmt":"2025-09-16T05:59:08","guid":{"rendered":"https:\/\/www.europesays.com\/es\/118163\/"},"modified":"2025-09-16T05:59:08","modified_gmt":"2025-09-16T05:59:08","slug":"crisis-total-en-el-manchester-united-tras-la-humillante-caida-ante-el-city-roces-entre-el-dt-y-el-plantel-y-la-furia-de-un-idolo","status":"publish","type":"post","link":"https:\/\/www.europesays.com\/es\/118163\/","title":{"rendered":"Crisis total en el Manchester United tras la \u201chumillante\u201d ca\u00edda ante el City: roces entre el DT y el plantel y la furia de un \u00eddolo"},"content":{"rendered":"<p><img alt=\"Bruno Fernandes y Casemiro encabezan\" class=\"global-image\" decoding=\"async\" fetchpriority=\"high\" height=\"3825\" loading=\"eager\" src=\"https:\/\/www.europesays.com\/es\/wp-content\/uploads\/2025\/09\/I4FQ6BD4XRCIDD2UTL4HRO4HJA.JPG\" width=\"5766\"\/>Bruno Fernandes y Casemiro encabezan la marcha de la decepci\u00f3n del United (Reuters\/Jason Cairnduff)<\/p>\n<p class=\"paragraph\">El <b>Manchester United<\/b> atraviesa una de las etapas m\u00e1s dif\u00edciles de su historia reciente tras caer 3-0 ante el <b>Manchester City<\/b> en el Etihad Stadium; un resultado que en Inglaterra fue calificado como \u201chumillante\u201d y que ha marcado su peor inicio de temporada en la <b>Premier League<\/b> desde 1992. La derrota en el derbi dej\u00f3 al equipo dirigido por <b>Ruben Amorim<\/b> con solo cuatro puntos en cuatro partidos, intensificando la presi\u00f3n sobre el t\u00e9cnico portugu\u00e9s, que sigue sin encontrarle la vuelta a la situaci\u00f3n y colecciona cr\u00edticas. A pesar de los malos resultados, la directiva mantiene su respaldo al entrenador, seg\u00fan inform\u00f3 The Sun.<\/p>\n<p class=\"paragraph\">El encuentro ante el City evidenci\u00f3 las dificultades del United para competir al m\u00e1ximo nivel. <b>Phil Foden<\/b> abri\u00f3 el marcador a los 18 minutos con un cabezazo, mientras que <b>Erling Haaland<\/b> ampli\u00f3 la ventaja con dos goles en la segunda mitad, dejando sin opciones a los visitantes. Con este resultado, el equipo de Amorim ocupa la decimocuarta posici\u00f3n en la tabla, lejos de las expectativas generadas al inicio de la campa\u00f1a. Vale recordar, adem\u00e1s, que esta temporada no tiene participaci\u00f3n internacional por la pobre cosecha en el ciclo 2024-2025.<\/p>\n<p class=\"paragraph\">A pesar de la crisis de resultados, la c\u00fapula del club mantiene su apoyo al DT. De acuerdo con The Sun, la directiva permanece tranquila y est\u00e1 dispuesta a concederle tiempo para revertir la situaci\u00f3n. El copropietario <b>Sir Jim Ratcliffe<\/b>, quien fue fotografiado visiblemente afectado durante el partido, autoriz\u00f3 una inversi\u00f3n de cerca de USD 250 millones en fichajes para reforzar la plantilla bajo el mando de Amorim. Desde la dirigencia consideran que un cambio de t\u00e9cnico en este momento implicar\u00eda iniciar un nuevo proceso de reconstrucci\u00f3n, algo que desean evitar.<\/p>\n<p class=\"paragraph\">Mientras tanto, dentro del vestuario existen dudas sobre el sistema t\u00e1ctico implementado por Amorim. <b>Algunos jugadores no est\u00e1n convencidos con la defensa de tres hombres que el t\u00e9cnico insiste en utilizar, una preocupaci\u00f3n que comparten exjugadores del club<\/b>. Seg\u00fan el citado medio brit\u00e1nico, aunque la directiva no contempla exigirle un cambio de esquema, la incomodidad respecto a la estrategia es palpable entre varios integrantes del plantel.<\/p>\n<p class=\"paragraph\">El propio Ruben Amorim ha defendido p\u00fablicamente su filosof\u00eda de juego y ha dejado claro que no modificar\u00e1 su planteamiento a menos que \u00e9l mismo lo decida. \u201cNo es un r\u00e9cord que debas tener en el Manchester United. No tienes idea de lo que ha pasado durante estos meses; hay muchas cosas. Pero lo acepto y no voy a cambiar. Cuando quiera cambiar mi filosof\u00eda, la cambiar\u00e9. Si no, tendr\u00e1n que cambiar al hombre\u201d, declar\u00f3 el orientador luso. Amorim reconoci\u00f3 la presi\u00f3n que implica dirigir al United, pero reafirm\u00f3 su convicci\u00f3n en su m\u00e9todo.<\/p>\n<p><img alt=\"La preocupaci\u00f3n de Amorim, quien\" class=\"global-image\" decoding=\"async\" fetchpriority=\"low\" height=\"1275\" loading=\"lazy\" src=\"https:\/\/www.europesays.com\/es\/wp-content\/uploads\/2025\/09\/4T6XGJJRTVHCZHFNMHZQVKP6LI.JPG\" width=\"1754\"\/>La preocupaci\u00f3n de Amorim, quien avis\u00f3 que no cambiar\u00e1 su estilo (REUTERS\/Phil Noble)<\/p>\n<p class=\"paragraph\">Las cr\u00edticas al rendimiento del equipo han llegado tambi\u00e9n desde figuras hist\u00f3ricas del club. <b>Wayne Rooney<\/b>, m\u00e1ximo goleador en la historia del Manchester United, expres\u00f3 su desconcierto tras ver el partido junto a otros excompa\u00f1eros. \u201cTodos lo estamos viendo, y todos tuvimos dificultades para describir lo que vemos en la forma de jugar del Manchester United. <b>\u00bfCu\u00e1les son los patrones? \u00bfQu\u00e9 estamos viendo que podr\u00eda mejorar al equipo en el futuro? <\/b>Todos tuvimos problemas para responder a las preguntas; todos hemos jugado al m\u00e1s alto nivel y es muy dif\u00edcil verlo. <b>No creo que nadie pueda entender ni comprender lo que est\u00e1 pasando<\/b>\u201d, afirm\u00f3 el exdelantero, que consider\u00f3 que el equipo ha empeorado desde la llegada de Amorim y cuestion\u00f3 la falta de identidad en el juego.<\/p>\n<p class=\"paragraph\">En t\u00e9rminos estad\u00edsticos, el balance de Amorim desde su llegada a Old Trafford a mediados de noviembre es preocupante: solo ha sumado 31 puntos en 31 partidos, con 16 derrotas en ese periodo. Esta cifra representa el peor registro entre los 17 clubes que han permanecido en la m\u00e1xima categor\u00eda durante ambas temporadas. El United termin\u00f3 en el puesto 15 la campa\u00f1a pasada y, tras perder la final de la Europa League ante el Tottenham, no disputar\u00e1 competiciones europeas por segunda vez desde la retirada de <b>Alex Ferguson<\/b> en 2013. Adem\u00e1s, el equipo fue eliminado recientemente de la Carabao Cup por el <b>Grimsby Town<\/b>, un club de cuarta divisi\u00f3n.<\/p>\n<p class=\"paragraph\">El pr\u00f3ximo reto para el Manchester United ser\u00e1 recibir al <b>Chelsea<\/b>, actual campe\u00f3n del mundo, en Old Trafford. La directiva ha negado que la plantilla haya perdido la confianza en Amorim y sostiene que el entrenador cuenta todav\u00eda con el respaldo de los jugadores, aunque la presi\u00f3n por obtener resultados positivos es cada vez mayor.<\/p>\n","protected":false},"excerpt":{"rendered":"Bruno Fernandes y Casemiro encabezan la marcha de la decepci\u00f3n del United (Reuters\/Jason Cairnduff) El Manchester United atraviesa&hellip;\n","protected":false},"author":2,"featured_media":118164,"comment_status":"","ping_status":"","sticky":false,"template":"","format":"standard","meta":{"footnotes":""},"categories":[268],"tags":[168,25,24,406,280,282,9985,281,23,3020,167],"class_list":{"0":"post-118163","1":"post","2":"type-post","3":"status-publish","4":"format-standard","5":"has-post-thumbnail","7":"category-futbol","8":"tag-deportes","9":"tag-es","10":"tag-espana","11":"tag-europe","12":"tag-football","13":"tag-futbol","14":"tag-manchester","15":"tag-soccer","16":"tag-spain","17":"tag-sport","18":"tag-sports"},"share_on_mastodon":{"url":"","error":""},"_links":{"self":[{"href":"https:\/\/www.europesays.com\/es\/wp-json\/wp\/v2\/posts\/118163","targetHints":{"allow":["GET"]}}],"collection":[{"href":"https:\/\/www.europesays.com\/es\/wp-json\/wp\/v2\/posts"}],"about":[{"href":"https:\/\/www.europesays.com\/es\/wp-json\/wp\/v2\/types\/post"}],"author":[{"embeddable":true,"href":"https:\/\/www.europesays.com\/es\/wp-json\/wp\/v2\/users\/2"}],"replies":[{"embeddable":true,"href":"https:\/\/www.europesays.com\/es\/wp-json\/wp\/v2\/comments?post=118163"}],"version-history":[{"count":0,"href":"https:\/\/www.europesays.com\/es\/wp-json\/wp\/v2\/posts\/118163\/revisions"}],"wp:featuredmedia":[{"embeddable":true,"href":"https:\/\/www.europesays.com\/es\/wp-json\/wp\/v2\/media\/118164"}],"wp:attachment":[{"href":"https:\/\/www.europesays.com\/es\/wp-json\/wp\/v2\/media?parent=118163"}],"wp:term":[{"taxonomy":"category","embeddable":true,"href":"https:\/\/www.europesays.com\/es\/wp-json\/wp\/v2\/categories?post=118163"},{"taxonomy":"post_tag","embeddable":true,"href":"https:\/\/www.europesays.com\/es\/wp-json\/wp\/v2\/tags?post=118163"}],"curies":[{"name":"wp","href":"https:\/\/api.w.org\/{rel}","templated":true}]}}