{"id":118165,"date":"2025-09-16T06:00:16","date_gmt":"2025-09-16T06:00:16","guid":{"rendered":"https:\/\/www.europesays.com\/es\/118165\/"},"modified":"2025-09-16T06:00:16","modified_gmt":"2025-09-16T06:00:16","slug":"el-paso-adelante-de-vicky-la-mas-picara-de-la-clase","status":"publish","type":"post","link":"https:\/\/www.europesays.com\/es\/118165\/","title":{"rendered":"El paso adelante de Vicky, la m\u00e1s p\u00edcara de la clase"},"content":{"rendered":"<p class=\"ft-text\">El Bar\u00e7a necesitaba respuestas y las ha encontrado en una de las jugadoras m\u00e1s j\u00f3venes del vestuario. <a class=\"ft-link ft-link--decoration\" href=\"https:\/\/www.sport.es\/es\/noticias\/barca\/futbol-femenino\/vicky-lopez-gana-golden-girl-112103068\" rel=\"nofollow noopener\" target=\"_blank\"><strong>Vicky L\u00f3pez, con apenas 19 a\u00f1os<\/strong><\/a><strong>, ha iniciado la temporada como un torbellino creativo: cuatro contribuciones de gol en tres partidos \u2013dos tantos y una asistencia en San Mam\u00e9s y otra m\u00e1s frente al DUX\u2013 jugando en una posici\u00f3n que, hace apenas unos meses, todav\u00eda estaba asimilando<\/strong>: la de extremo derecho. Del banquillo en el primer encuentro a disputar los 90 minutos en los dos siguientes, su progresi\u00f3n se palpa.<\/p>\n<p class=\"ft-text\">Su conexi\u00f3n con Ona Batlle y Aitana por la derecha est\u00e1 siendo uno de los grandes focos del equipo. Tras un curso pasado en el que tuvo que adaptarse a un rol nuevo y pelear por minutos, su explosi\u00f3n lleg\u00f3 en la Eurocopa: ocup\u00f3 el hueco de Aitana, que a\u00fan se recuperaba de una meningitis, y brill\u00f3. <strong>Ahora, con la baja de Graham Hansen y una plantilla corta, ha llegado el momento de dar un paso adelante. Como Pina en su d\u00eda, como Kika\u2026 ahora es el turno de Vicky.<\/strong><\/p>\n<p class=\"ft-text\">Ella misma reconoce que le cost\u00f3 adaptarse a la banda. <strong>\u201cNo toco tanta bola como en el medio, pero me adapto. Me ha costado, pero me siento bien. Y voy a dar lo mejor de m\u00ed all\u00ed donde me pongan\u201d<\/strong>, <a class=\"ft-link ft-link--decoration\" href=\"https:\/\/www.sport.es\/es\/noticias\/eurocopa\/vicky-lopez-vengo-disfrutar-119537309\" rel=\"nofollow noopener\" target=\"_blank\">confes\u00f3 en SPORT este pasado verano<\/a>. Hoy, esa promesa ya es una realidad.<\/p>\n<p><img decoding=\"async\" src=\"https:\/\/www.europesays.com\/es\/wp-content\/uploads\/2025\/09\/0379c3af-fa74-4fbf-a422-318398cf988c_alta-libre-aspect-ratio_default_0.jpg\" width=\"1200\" height=\"1481\" alt=\"Vicky L\u00f3pez anot\u00f3 un doblete en San Mam\u00e9s\" class=\"ft-helper-img-rd\" loading=\"lazy\" hasdataaida=\"true\"\/><\/p>\n<p class=\"ft-helper-fontColor-quaternary ft-helper-fontSize-body-S ft-helper-spacer-t-xxs\">Vicky L\u00f3pez anot\u00f3 un doblete en San Mam\u00e9s  \/ FCB<\/p>\n<p>Su temporada<\/p>\n<p class=\"ft-text\">Vicky juega con la picard\u00eda <strong>de quien empez\u00f3 en la playa y en el patio del colegio, intentando copiar los regates de Neymar antes de subir a casa. <\/strong>La visi\u00f3n de juego la aprendi\u00f3 de su hermano, pero la magia naci\u00f3 en esos d\u00edas de f\u00fatbol callejero.<\/p>\n<p class=\"ft-text\">A\u00fan es joven, pero su f\u00fatbol habla ya en presente. Si esta es la temporada en que Vicky se confirma como pieza clave, el Bar\u00e7a tendr\u00e1 mucho ganado. <a class=\"ft-link ft-link--decoration\" href=\"https:\/\/www.sport.es\/es\/noticias\/eurocopa\/vicky-lopez-vengo-disfrutar-119537309\" rel=\"nofollow noopener\" target=\"_blank\"><strong>Y ella, que siempre dice \u201cyo soy Vicky y quiero disfrutar\u201d<\/strong><\/a><strong>,<\/strong> parece estar haci\u00e9ndolo<\/p>\n","protected":false},"excerpt":{"rendered":"El Bar\u00e7a necesitaba respuestas y las ha encontrado en una de las jugadoras m\u00e1s j\u00f3venes del vestuario. Vicky&hellip;\n","protected":false},"author":2,"featured_media":118166,"comment_status":"","ping_status":"","sticky":false,"template":"","format":"standard","meta":{"footnotes":""},"categories":[174],"tags":[6415,255,16816,146,147,25,24,256,5039,4191,39360,23,39359],"class_list":{"0":"post-118165","1":"post","2":"type-post","3":"status-publish","4":"format-standard","5":"has-post-thumbnail","7":"category-famosos","8":"tag-adelante","9":"tag-celebrities","10":"tag-clase","11":"tag-entertainment","12":"tag-entretenimiento","13":"tag-es","14":"tag-espana","15":"tag-famosos","16":"tag-fc-barcelona-femenino","17":"tag-paso","18":"tag-picara","19":"tag-spain","20":"tag-vicky"},"share_on_mastodon":{"url":"","error":""},"_links":{"self":[{"href":"https:\/\/www.europesays.com\/es\/wp-json\/wp\/v2\/posts\/118165","targetHints":{"allow":["GET"]}}],"collection":[{"href":"https:\/\/www.europesays.com\/es\/wp-json\/wp\/v2\/posts"}],"about":[{"href":"https:\/\/www.europesays.com\/es\/wp-json\/wp\/v2\/types\/post"}],"author":[{"embeddable":true,"href":"https:\/\/www.europesays.com\/es\/wp-json\/wp\/v2\/users\/2"}],"replies":[{"embeddable":true,"href":"https:\/\/www.europesays.com\/es\/wp-json\/wp\/v2\/comments?post=118165"}],"version-history":[{"count":0,"href":"https:\/\/www.europesays.com\/es\/wp-json\/wp\/v2\/posts\/118165\/revisions"}],"wp:featuredmedia":[{"embeddable":true,"href":"https:\/\/www.europesays.com\/es\/wp-json\/wp\/v2\/media\/118166"}],"wp:attachment":[{"href":"https:\/\/www.europesays.com\/es\/wp-json\/wp\/v2\/media?parent=118165"}],"wp:term":[{"taxonomy":"category","embeddable":true,"href":"https:\/\/www.europesays.com\/es\/wp-json\/wp\/v2\/categories?post=118165"},{"taxonomy":"post_tag","embeddable":true,"href":"https:\/\/www.europesays.com\/es\/wp-json\/wp\/v2\/tags?post=118165"}],"curies":[{"name":"wp","href":"https:\/\/api.w.org\/{rel}","templated":true}]}}