{"id":118169,"date":"2025-09-16T06:03:08","date_gmt":"2025-09-16T06:03:08","guid":{"rendered":"https:\/\/www.europesays.com\/es\/118169\/"},"modified":"2025-09-16T06:03:08","modified_gmt":"2025-09-16T06:03:08","slug":"operacion-triunfo-ya-tiene-a-sus-16-concursantes-tras-una-gala-0-entre-lagrimas-y-abrazos-television","status":"publish","type":"post","link":"https:\/\/www.europesays.com\/es\/118169\/","title":{"rendered":"\u2018Operaci\u00f3n Triunfo\u2019 ya tiene a sus 16 concursantes tras una gala 0 entre l\u00e1grimas y abrazos | Televisi\u00f3n"},"content":{"rendered":"<p class=\"\">Con los brazos cruzados, la cabeza baja y un suspiro profundo, <a href=\"https:\/\/elpais.com\/noticias\/chenoa\/\" target=\"_blank\" rel=\"noreferrer nofollow noopener\" title=\"https:\/\/elpais.com\/noticias\/chenoa\/\">Chenoa<\/a> contuvo la tensi\u00f3n segundos antes de que empezara todo. Han pasado 24 a\u00f1os desde que fue una joven concursante de <a href=\"https:\/\/elpais.com\/noticias\/operacion-triunfo\/\" target=\"_blank\" rel=\"noreferrer nofollow noopener\" title=\"https:\/\/elpais.com\/noticias\/operacion-triunfo\/\">Operaci\u00f3n Triunfo<\/a>, pero el impacto del momento sigue intacto. Conducida por la cantante como presentadora, el talent show m\u00e1s famoso de Espa\u00f1a ha vuelto a las pantallas en la noche de este lunes, por segunda vez producido por Amazon Prime. La Gala 0 eligi\u00f3 a los 16 concursantes de la pr\u00f3xima temporada, una nueva generaci\u00f3n con referencias musicales para todas las edades. \u201cAlexia, Ya es hora de empezar!\u201d, anim\u00f3 la presentadora. La transmisi\u00f3n estar\u00e1 disponible en Espa\u00f1a y en seis pa\u00edses de Latinoam\u00e9rica: Argentina, M\u00e9xico, Chile, Brasil, Per\u00fa y Colombia.<\/p>\n<p class=\"\">El plat\u00f3, desde el que EL PA\u00cdS vivi\u00f3 la gala 0, est\u00e1 redise\u00f1ado para acoger a 800 personas, y se convirti\u00f3 en un hervidero de gritos. La atenci\u00f3n se centraba en los 18 aspirantes que buscaban una plaza sabiendo que dos de ellos no dormir\u00edan en la Academia. Entre la lista de nombres, algunos rostros ya familiares en las redes como Javi Crespo, ganador de La Voz 9; T\u00e9you, corista y ex participante de Factor X; o Iv\u00e1n Rojo, que llegaba desde Valladolid y termin\u00f3 entrando en \u00faltimo lugar gracias al voto del p\u00fablico.<\/p>\n<p><img alt=\"Vista general del plat\u00f3 de Operaci\u00f3n Triunfo 2025.\" decoding=\"auto\" class=\"_re lazyload a_m-h\" height=\"276\"  width=\"414\"  src=\"https:\/\/www.europesays.com\/es\/wp-content\/uploads\/2025\/09\/SWVEWPRTUJHXNPJJ3KMOAVBC2Q.JPG\" loading=\"lazy\"\/>Vista general del plat\u00f3 de Operaci\u00f3n Triunfo 2025.Jose Irun <\/p>\n<p class=\"\">La din\u00e1mica de la ceremonia mantuvo la esencia de siempre. En 2023 el programa ya hab\u00eda dado el salto al streaming con galas en Prime Video, <a href=\"https:\/\/elpais.com\/television\/2025-09-10\/operacion-triunfo-2025-regresa-con-galas-mas-largas-y-la-intencion-de-conquistar-latinoamerica-emitiendo-en-directo.html\" target=\"_blank\" rel=\"noreferrer nofollow noopener\" title=\"https:\/\/elpais.com\/television\/2025-09-10\/operacion-triunfo-2025-regresa-con-galas-mas-largas-y-la-intencion-de-conquistar-latinoamerica-emitiendo-en-directo.html\">pero en 2025 las emisiones se alargaron<\/a>. Los participantes fueron divididos en grupos de tres y cuatro y, tras sus actuaciones, los mejores recibieron directamente el pase de oro. Despu\u00e9s, el jurado seleccion\u00f3 a otros ocho concursantes y la decisi\u00f3n final recay\u00f3 en profesores y p\u00fablico. Al t\u00e9rmino de la fiesta, solo 16 cruzaron la pasarela: el jurado premi\u00f3 la calidad vocal y la presencia esc\u00e9nica de Max, Judit, Cristina, Luc\u00eda Casani, Claudia Arenas y T\u00e9you, adem\u00e1s de Laura Mu\u00f1oz, Guillo Rist, Crespo, Olivia, Salma, Tinho y Carlos. Los profesores rescataron a Mar\u00eda Cruz y el p\u00fablico dio el \u00faltimo pase a Iv\u00e1n Rojo, mientras Sam y Quique quedaron fuera del casting final.<\/p>\n<p class=\"\">Los jurados de la edici\u00f3n (Abraham Mateo, Guille Milkyway, Leire Mart\u00ednez y Cris Regatero), cuatro perfiles con experiencia en la m\u00fasica y en televisi\u00f3n, mostraron sinton\u00eda mientras decid\u00edan el futuro de los concursantes. Los cuatro se dejaron llevar por la euforia con interpretaciones como las de Laura Mu\u00f1oz, que version\u00f3 a la espa\u00f1ola <a href=\"https:\/\/elpais.com\/noticias\/monica-naranjo\/\" target=\"_self\" rel=\"nofollow noopener\" title=\"https:\/\/elpais.com\/noticias\/monica-naranjo\/\">M\u00f3nica Naranjo<\/a>, o las de Judit y Luc\u00eda Casani, que arrancaron una ovaci\u00f3n del plat\u00f3. Milkyway, el m\u00e1s expresivo del grupo, no pod\u00eda contenerse cuando una actuaci\u00f3n le entusiasmaba. Para <a href=\"https:\/\/elpais.com\/television\/2025-09-15\/noemi-galera-directora-de-la-academia-de-ot-estoy-de-acuerdo-en-no-participar-en-eurovision-si-esta-israel.html\" target=\"_self\" rel=\"nofollow noopener\" title=\"https:\/\/elpais.com\/television\/2025-09-15\/noemi-galera-directora-de-la-academia-de-ot-estoy-de-acuerdo-en-no-participar-en-eurovision-si-esta-israel.html\">Noem\u00ed Galera<\/a>, directora de la Academia, este jurado es \u201cuno de los mejores de la historia\u201d.<\/p>\n<p class=\"\">La ansiedad del estreno se transforma ahora en aprendizaje y la Academia funciona como una escuela donde las primeras clases marcan el inicio oficial del concurso. Los concursantes comienzan una rutina que combina disciplina y exposici\u00f3n permanente. Cada semana preparar\u00e1n un tema para la gala de los lunes, con ensayos de voz, interpretaci\u00f3n y coreograf\u00eda dirigidos por el equipo de profesores. De martes a domingo la vida transcurre entre clases de t\u00e9cnica vocal, sesiones de composici\u00f3n, baile y puesta en escena, mientras las c\u00e1maras registran cada movimiento, con excepci\u00f3n de los cuartos y ba\u00f1os, para el canal 24 horas y los res\u00famenes en redes. El domingo se celebra el pase de micros, un ensayo general donde los profesores eval\u00faan la evoluci\u00f3n de cada n\u00famero antes de presentarlo en directo. <\/p>\n<p>Noem\u00ed Galera, directora de la Academia de OT: \u201cEstoy de acuerdo en no participar en Eurovisi\u00f3n si est\u00e1 Israel\u201d<\/p>\n<p class=\"\">La semana se completa con talleres, clases de ingl\u00e9s, encuentros con <a href=\"https:\/\/elpais.com\/noticias\/artistas\/\" target=\"_blank\" rel=\"noreferrer nofollow noopener\" title=\"https:\/\/elpais.com\/noticias\/artistas\/\">artistas<\/a> invitados y el contacto limitado con el exterior. Los concursantes tendr\u00e1n acceso de contenido controlado y a las redes, apenas quince minutos semanales en un espacio bautizado como TikTok Corner. La medida busca controlar la exposici\u00f3n y la autoestima de los participantes. A los expectantes, <a href=\"https:\/\/elpais.com\/television\/2025-07-16\/pase-de-micros-en-directo-y-el-regreso-del-mitico-chat-asi-sera-el-programa-diario-de-operacion-triunfo-segun-su-presentadora-miriam-rodriguez.html\" target=\"_self\" rel=\"nofollow noopener\" title=\"https:\/\/elpais.com\/television\/2025-07-16\/pase-de-micros-en-directo-y-el-regreso-del-mitico-chat-asi-sera-el-programa-diario-de-operacion-triunfo-segun-su-presentadora-miriam-rodriguez.html\">Mirian Rodriguez, exconcursante del formato en la edici\u00f3n de 2017, presentar\u00e1 Conexi\u00f3n OT<\/a> de martes a s\u00e1bado. El objetivo ser\u00e1 repasar los mejores momentos entre las galas del lunes. <\/p>\n<p class=\"\">El estreno de OT, adem\u00e1s de una noche marcada por la mezcla de nervios y euforia de los aspirantes (y tambi\u00e9n de la presentadora veterana), ya ha dejado un balance positivo desde el punto de vista del negocio: el r\u00e9cord de la primera noche con m\u00e1s de 300.000 votos \u00fanicos registrados en la aplicaci\u00f3n oficial. Seg\u00fan representantes del equipo de <a href=\"https:\/\/elpais.com\/noticias\/amazon-prime-video\/\" target=\"_blank\" rel=\"noreferrer nofollow noopener\" title=\"https:\/\/elpais.com\/noticias\/amazon-prime-video\/\">Amazon Prime<\/a>, la segunda edici\u00f3n de Operaci\u00f3n Triunfo forma parte de una estrategia para crecer en suscriptores y audiencia en directo, sobre todo Latinoam\u00e9rica. Adem\u00e1s, han asegurado que \u201cel formato desgasta much\u00edsimo y dif\u00edcilmente lo haremos todos los a\u00f1os.\u201d <\/p>\n<p class=\"\">Con los 16 concursantes instalados en la Academia tras una noche de abrazos y l\u00e1grimas, el estreno dio paso a la rutina. Chenoa despidi\u00f3 la gala con gesto relajado despu\u00e9s de la tensi\u00f3n inicial. A partir de ahora, cada lunes a las 22.00 Operaci\u00f3n Triunfo emitir\u00e1 en directo las galas semanales, que medir\u00e1n el progreso de los participantes y el pulso de la audiencia en una temporada que concluir\u00e1 el 15 de diciembre con la elecci\u00f3n del ganador, la pr\u00f3xima voz de la industria musical espa\u00f1ola. <\/p>\n","protected":false},"excerpt":{"rendered":"Con los brazos cruzados, la cabeza baja y un suspiro profundo, Chenoa contuvo la tensi\u00f3n segundos antes de&hellip;\n","protected":false},"author":2,"featured_media":118170,"comment_status":"","ping_status":"","sticky":false,"template":"","format":"standard","meta":{"footnotes":""},"categories":[171],"tags":[6826,3061,1980,17945,7580,209,146,147,25,24,700,25188,36729,185,39037,222,23,807,214],"class_list":{"0":"post-118169","1":"post","2":"type-post","3":"status-publish","4":"format-standard","5":"has-post-thumbnail","7":"category-tv","8":"tag-amazon-prime-video","9":"tag-cantantes","10":"tag-cataluna","11":"tag-chenoa","12":"tag-concursos","13":"tag-cultura","14":"tag-entertainment","15":"tag-entretenimiento","16":"tag-es","17":"tag-espana","18":"tag-europa","19":"tag-festival-eurovision","20":"tag-leire-martinez","21":"tag-musica","22":"tag-noemi-galera","23":"tag-operacion-triunfo","24":"tag-spain","25":"tag-television","26":"tag-tv"},"share_on_mastodon":{"url":"","error":""},"_links":{"self":[{"href":"https:\/\/www.europesays.com\/es\/wp-json\/wp\/v2\/posts\/118169","targetHints":{"allow":["GET"]}}],"collection":[{"href":"https:\/\/www.europesays.com\/es\/wp-json\/wp\/v2\/posts"}],"about":[{"href":"https:\/\/www.europesays.com\/es\/wp-json\/wp\/v2\/types\/post"}],"author":[{"embeddable":true,"href":"https:\/\/www.europesays.com\/es\/wp-json\/wp\/v2\/users\/2"}],"replies":[{"embeddable":true,"href":"https:\/\/www.europesays.com\/es\/wp-json\/wp\/v2\/comments?post=118169"}],"version-history":[{"count":0,"href":"https:\/\/www.europesays.com\/es\/wp-json\/wp\/v2\/posts\/118169\/revisions"}],"wp:featuredmedia":[{"embeddable":true,"href":"https:\/\/www.europesays.com\/es\/wp-json\/wp\/v2\/media\/118170"}],"wp:attachment":[{"href":"https:\/\/www.europesays.com\/es\/wp-json\/wp\/v2\/media?parent=118169"}],"wp:term":[{"taxonomy":"category","embeddable":true,"href":"https:\/\/www.europesays.com\/es\/wp-json\/wp\/v2\/categories?post=118169"},{"taxonomy":"post_tag","embeddable":true,"href":"https:\/\/www.europesays.com\/es\/wp-json\/wp\/v2\/tags?post=118169"}],"curies":[{"name":"wp","href":"https:\/\/api.w.org\/{rel}","templated":true}]}}