{"id":118171,"date":"2025-09-16T06:05:18","date_gmt":"2025-09-16T06:05:18","guid":{"rendered":"https:\/\/www.europesays.com\/es\/118171\/"},"modified":"2025-09-16T06:05:18","modified_gmt":"2025-09-16T06:05:18","slug":"cillian-murphy-parece-destinado-a-ser-el-nuevo-voldemort-y-ahora-el-actor-se-pronuncia-sobre-su-3djuegos","status":"publish","type":"post","link":"https:\/\/www.europesays.com\/es\/118171\/","title":{"rendered":"Cillian Murphy parece destinado a ser el nuevo Voldemort y ahora el actor se pronuncia sobre su&#8230; &#8211; 3DJuegos"},"content":{"rendered":"<ol>\n<li><a href=\"https:\/\/news.google.com\/rss\/articles\/CBMi-gFBVV95cUxPcmE2NTlDUGZnV3JtTHpGMDI3WW8xTm5ySlVNUjR1cnNpaW05aGtZMDBHOGY5Z01qZGZiZmhqQUZfUWpYc09rem9UNHBpOFVCSk44UVhjbDl2bUJnTU5VNTlPQkpOTURRYlRNX0FoUV9QYXVRZmxUYjgxZ3U5Q216T2tRVWt2NnZmU3ZfbTBRaGR0ZzIwLWxvbjRRS0xCYTVrVHZ2QmhHQV9FNnJyaTVaMXNfZEc5a1BYcmx5TnVUbmMxUk95bm1wSG1leV82bmhBSlo2MWZOMnRrWFpSQ00zbXFEYWlMQjVZRk9lQXdQTkM2TDNLRTh6NjZR0gH_AUFVX3lxTFBlMjlSNk5ZZXhTXzVNQlg3VXRpcTZ0VVNpWUU0WjBPVlVqX3BRTFJ3ckJidzJuNi1GMUZwV3RwdldEZ3NNSFhYS2pwSzN2SmRIbUJkRHcyMDZQYW5TZnZpSzcySXFTMy15NExwb2RRemFzMHc0UF9KY3haV00yckxRbTRTR3V2MWM5Ylc4Z01HUzVlZ0g3clk3M0wyTFN3dGtwNl9oeGJIVVB3b3VQQk9BaGhEZUNfU0haMVFZMTB3S0ppU0NKOGZIRXl2dDc1RF9yNGwwbTVIVk9NaXcxdG5jRUJwTkQzTktmaUxncktyTlh6NTFHYWppSTY0WjNLQQ?oc=5\" target=\"_blank\" rel=\"nofollow noopener\">Cillian Murphy parece destinado a ser el nuevo Voldemort y ahora el actor se pronuncia sobre su&#8230;<\/a>&nbsp;&nbsp;3DJuegos<\/li>\n<li><a href=\"https:\/\/news.google.com\/rss\/articles\/CBMiqgFBVV95cUxNRTg1SGxnYU5kX3VRZjJVU0c4SGdWRERWNXg5RFhHNFY1bmdKRnBuSWp6SEZkYXFIQ2JaZFVjYkFhOE5mUTRpTmNFQm9fSkxKSTlYbUZaVGNmUFU4c19VbEk4M2xEYkY2OTJjMmJIeWQwX3o4Zm9VTDdSOEEtSXZvX2hhbHd4WVF6MWpubUxOUHJubVc2R0FTY0hlSl9zd0lGVzVncENScWU4Zw?oc=5\" target=\"_blank\" rel=\"nofollow noopener\">Cillian Murphy sobre el rumor de que ser\u00e1 Voldemort en la serie de &#8216;Harry Potter&#8217;: \u00abMis hijos me lo muestran de vez en cuando\u00bb<\/a>&nbsp;&nbsp;Men&#8217;s Health<\/li>\n<li><a href=\"https:\/\/news.google.com\/rss\/articles\/CBMipAFBVV95cUxQeU93U3VJZXpBX0cyaWhFMEtHRTBIamRjTTZsdDdYX3paUUFEMGFwY3B4bzc4YXFNV2N0d3dUSDBncm1odTBROXlxdFZhVk43Y3JIRUU5bzVnUTJVUmJEbm5lVFNHcmJBVTltaVF0MU5qNjhlUDZZb1NUVHZTSGVrdEh0RFBia2VQS2ZPdDY1cGVMWlNVal9kRlhlR3FuRlViR1JvLQ?oc=5\" target=\"_blank\" rel=\"nofollow noopener\">\u00bfCillian Murphy como Voldemort? El actor desmiente el rumor m\u00e1s insistente sobre &#8216;Harry Potter&#8217;<\/a>&nbsp;&nbsp;20Minutos<\/li>\n<li><a href=\"https:\/\/news.google.com\/rss\/articles\/CBMiywFBVV95cUxPX0Z2cHFxZlJEUU5TNmJ1ZWttQkFpY1ZsODZKdk1zYVgtd0J3dVBoVi1sbDRqV3B5QzRvNHk1dnRqVjMyZW1VTUd5YXVlelpJRE9seEdVRDBCa2ZGSURLYzJJUUhrM1RTSVFPZ016LXRrbE5EUzZOcW1vMHJRMFhaN3E3YkthcHNnMGJJaTBCLVYxQWZjMjRzcU9zUGxhemRDRFVGMm80X2lTT0MyVVRtOHl6WmFxbEhaUGZ1dW5Wd3VrdUZTZUN1MExRWQ?oc=5\" target=\"_blank\" rel=\"nofollow noopener\">Cillian Murphy podr\u00eda ser el m\u00e1s ic\u00f3nico villano de Harry Potter en la pr\u00f3xima adaptaci\u00f3n de HBO<\/a>&nbsp;&nbsp;Softonic<\/li>\n<li><a href=\"https:\/\/news.google.com\/rss\/articles\/CBMi7AFBVV95cUxQWGxfMWVsOXhRN1JOZDJXS1dXeTBLOWVBeng4dnBINnNaZWdiWTJEdGdZZjRSRFhMclBwc0ZxdEZEYzdoLU1FMkRUbHJaazBucVJhWEZsSlZHSEpUOGYwUFFGN0pXU1RYVENOa0pIUUE1dHdXODR4bGQxaEh3UDRGZ3FPM254MG1raWppVmdrRFpDeHVlOHEzQ0k2aHdOOWdrbGtRaVpKQzN0TVZqREVBWU42M1BocS0xRFg2OERPQ0NRUWlVSkxCenFPdnZTekhZVHlaVkpjb20tUUc0NzRTaVRxT3J4clJPalYtNg?oc=5\" target=\"_blank\" rel=\"nofollow noopener\">Silian Murphy responde al rumor de Voldemort en la pr\u00f3xima serie de Harry Potter: \u2018Estoy muy apegado a \u00e9l\u2019<\/a>&nbsp;&nbsp;mascipolletti.com.ar<\/li>\n<\/ol>\n","protected":false},"excerpt":{"rendered":"Cillian Murphy parece destinado a ser el nuevo Voldemort y ahora el actor se pronuncia sobre su&#8230;&nbsp;&nbsp;3DJuegos Cillian&hellip;\n","protected":false},"author":2,"featured_media":113496,"comment_status":"","ping_status":"","sticky":false,"template":"","format":"standard","meta":{"footnotes":""},"categories":[169],"tags":[177,146,147,25,24,176,175,23],"class_list":{"0":"post-118171","1":"post","2":"type-post","3":"status-publish","4":"format-standard","5":"has-post-thumbnail","7":"category-cine","8":"tag-cine","9":"tag-entertainment","10":"tag-entretenimiento","11":"tag-es","12":"tag-espana","13":"tag-film","14":"tag-movies","15":"tag-spain"},"share_on_mastodon":{"url":"","error":""},"_links":{"self":[{"href":"https:\/\/www.europesays.com\/es\/wp-json\/wp\/v2\/posts\/118171","targetHints":{"allow":["GET"]}}],"collection":[{"href":"https:\/\/www.europesays.com\/es\/wp-json\/wp\/v2\/posts"}],"about":[{"href":"https:\/\/www.europesays.com\/es\/wp-json\/wp\/v2\/types\/post"}],"author":[{"embeddable":true,"href":"https:\/\/www.europesays.com\/es\/wp-json\/wp\/v2\/users\/2"}],"replies":[{"embeddable":true,"href":"https:\/\/www.europesays.com\/es\/wp-json\/wp\/v2\/comments?post=118171"}],"version-history":[{"count":0,"href":"https:\/\/www.europesays.com\/es\/wp-json\/wp\/v2\/posts\/118171\/revisions"}],"wp:featuredmedia":[{"embeddable":true,"href":"https:\/\/www.europesays.com\/es\/wp-json\/wp\/v2\/media\/113496"}],"wp:attachment":[{"href":"https:\/\/www.europesays.com\/es\/wp-json\/wp\/v2\/media?parent=118171"}],"wp:term":[{"taxonomy":"category","embeddable":true,"href":"https:\/\/www.europesays.com\/es\/wp-json\/wp\/v2\/categories?post=118171"},{"taxonomy":"post_tag","embeddable":true,"href":"https:\/\/www.europesays.com\/es\/wp-json\/wp\/v2\/tags?post=118171"}],"curies":[{"name":"wp","href":"https:\/\/api.w.org\/{rel}","templated":true}]}}