{"id":118174,"date":"2025-09-16T06:07:12","date_gmt":"2025-09-16T06:07:12","guid":{"rendered":"https:\/\/www.europesays.com\/es\/118174\/"},"modified":"2025-09-16T06:07:12","modified_gmt":"2025-09-16T06:07:12","slug":"monica-garcia-se-gasta-220-000-euros-en-la-campana-hoy-follas-seguro","status":"publish","type":"post","link":"https:\/\/www.europesays.com\/es\/118174\/","title":{"rendered":"M\u00f3nica Garc\u00eda se gasta 220.000 euros en la campa\u00f1a &#8216;Hoy follas seguro&#8217;"},"content":{"rendered":"<p>El <a href=\"https:\/\/www.sanidad.gob.es\/\" rel=\"nofollow noreferrer noopener\" target=\"_blank\">Ministerio de Sanidad<\/a>, gestionado por <a href=\"https:\/\/www.sanidad.gob.es\/organizacion\/altosCargos\/ministra.htm\" rel=\"nofollow noreferrer noopener\" target=\"_blank\">M\u00f3nica Garc\u00eda<\/a>, destina un total de 220.000 euros a una iniciativa publicitaria bajo el lema \u00abHoy follas seguro\u00bb, enfocada en promover el empleo de preservativos como medida preventiva contra infecciones de transmisi\u00f3n sexual (ITS) durante las celebraciones del Orgullo 2025.<\/p>\n<p>Esta resoluci\u00f3n, firmada electr\u00f3nicamente por Ana Mar\u00eda S\u00e1nchez Hern\u00e1ndez, Subsecretaria del Ministerio, responde a una solicitud de informaci\u00f3n p\u00fablica gestionada a trav\u00e9s del portal de <a href=\"https:\/\/transparencia.gob.es\/\" rel=\"nofollow noreferrer noopener\" target=\"_blank\">Transparencia del Gobierno<\/a> y recibida en exclusiva por Libre Mercado.<\/p>\n<p>El documento, fechado el 8 de septiembre de 2025, detalla los fondos asignados a esta campa\u00f1a que busca concienciar, especialmente a hombres gais, bisexuales y otros hombres que tienen relaciones sexuales con hombres (GBHSH), el grupo m\u00e1s afectado actualmente por estas infecciones en Espa\u00f1a, seg\u00fan el propio organismo, sobre la importancia de la prevenci\u00f3n del VIH y otras afecciones de transmisi\u00f3n sexual.<\/p>\n<p>Desglose de los costos asociados a la iniciativa<\/p>\n<p>La inversi\u00f3n exacta es de <strong>218.633,94 euros<\/strong> y se distribuye entre varias partidas espec\u00edficas. La impresi\u00f3n, instalaci\u00f3n y desinstalaci\u00f3n de la lona principal, ubicada en el edificio del Ministerio con el mensaje \u00abHoy follas seguro\u00bb, asciende a 2.073,94 euros con IVA incluido, equivalente a 1.714 euros sin este impuesto.<\/p>\n<p>Por otro lado, <a href=\"https:\/\/contrataciondelestado.es\/wps\/portal\/!ut\/p\/b0\/DcrNCkBAEADgRxolB8qBcpassBdN-9cwu7Ys5e05fvWBhAVkwIccJjoD8u9VGxOZwlFpk5DZbEyKEqo_wAwSJOnuYVgvV4q3LbLj9krYfbD5NPauriF633wR1UBe\/\" rel=\"nofollow noreferrer noopener\" target=\"_blank\">el dise\u00f1o<\/a> creativo corre a cargo de LOVE DRAMA, S.L., con un gasto de 13.100 euros, mientras que BBO, Mucho que contar, S.L. asume la <a href=\"https:\/\/contrataciondelestado.es\/wps\/portal\/!ut\/p\/b0\/04_Sj9CPykssy0xPLMnMz0vMAfIjU1JTC3Iy87KtUlJLEnNyUuNzMpMzSxKTgQr0w_Wj9KMyU1zLcvQjo6qijAyDyjNKMysDzMzcg7X9_SLLAm1t9Qtycx0ByQ-e5Q!!\/\" rel=\"nofollow noreferrer noopener\" target=\"_blank\">producci\u00f3n audiovisual<\/a> por 9.860 euros.<\/p>\n<p>La <a href=\"https:\/\/contrataciondelestado.es\/wps\/portal\/!ut\/p\/b0\/DcoxCoAwDADABzlkEAcFhw666K7NIrEtJZpGwdL32_HgAGEHVCocKfOjJNXWh_AK6z34kEkkHMKOM7kaYAMEZD8VAbvofNqrl6T71-h6tcXEzowjvCmZH1V7gfs!\/\" rel=\"nofollow noreferrer noopener\" target=\"_blank\">difusi\u00f3n en medios de comunicaci\u00f3n<\/a>, manejada por CARAT SPAIN, S.A., representa la mayor porci\u00f3n del presupuesto, con un m\u00e1ximo licitado de 193.600 euros, de los cuales 98.932,77 euros se destinaron espec\u00edficamente a la primera ola de promoci\u00f3n durante el Orgullo de 2025, por lo que a\u00fan quedan 97.067,23 euros por gastar para la siguiente fase de la campa\u00f1a cuya fecha se desconoce. Estos fondos abarcan dos l\u00edneas tem\u00e1ticas: prevenci\u00f3n de ITS en j\u00f3venes y medidas contra el VIH en el contexto del Orgullo LGTBIQ+.<\/p>\n<p>Detalles de la campa\u00f1a de concienciaci\u00f3n<\/p>\n<p>La campa\u00f1a \u00ab<a href=\"https:\/\/www.sanidad.gob.es\/campannas\/campanas25\/ITS_VIHorgullo.htm\" rel=\"nofollow noreferrer noopener\" target=\"_blank\">Hoy follas seguro<\/a>\u00bb se dise\u00f1a como una herramienta educativa dentro del marco del Orgullo 2025, buscando captar la atenci\u00f3n de una audiencia diversa. Su enfoque principal radica en difundir mensajes preventivos sobre el uso de barreras de protecci\u00f3n, como el preservativo, para mitigar riesgos de salud. Las piezas publicitarias, que incluyen la pol\u00e9mica lona en la sede ministerial, se complementan con <a href=\"https:\/\/www.sanidad.gob.es\/campannas\/campanas25\/ITS_VIHorgullo\/materiales.htm\" rel=\"nofollow noreferrer noopener\" target=\"_blank\">materiales audiovisuales<\/a> y estrategias de comunicaci\u00f3n masiva, adaptadas al esp\u00edritu del evento.<\/p>\n<p>&#13;<br \/>\n    Relacionado&#13;<br \/>\n    &#13;<\/p>\n<p>El proyecto se alinea con objetivos m\u00e1s amplios de salud p\u00fablica, destacando la relevancia de la prevenci\u00f3n en entornos donde la interacci\u00f3n sexual es intensa. Las creatividades desarrolladas ofrecen <strong>un enfoque combinando humor y seriedad<\/strong> para conectar con los j\u00f3venes, un grupo prioritario en esta iniciativa. Adem\u00e1s, la campa\u00f1a busca reforzar la visibilidad de las pol\u00edticas sanitarias, utilizando el Orgullo como plataforma para ampliar su alcance y fomentar h\u00e1bitos saludables entre los asistentes.<\/p>\n<p>Concepto y tipos de infecciones de transmisi\u00f3n sexual<\/p>\n<p>Las <a href=\"https:\/\/www.sanidad.gob.es\/ciudadanos\/enfLesiones\/enfTransmisibles\/sida\/Campanas\/prevencionITS\/home.htm\" rel=\"nofollow noreferrer noopener\" target=\"_blank\">infecciones de transmisi\u00f3n sexual <\/a>(ITS) constituyen un grupo de enfermedades que se propagan principalmente mediante contacto \u00edntimo sin protecci\u00f3n adecuada. Estas afecciones, seg\u00fan informaci\u00f3n oficial, abarcan diversas patolog\u00edas que afectan la salud reproductiva y general de las personas si no se tratan a tiempo. Entre las m\u00e1s comunes se encuentran el VIH, que debilita el sistema inmunol\u00f3gico, y la s\u00edfilis, caracterizada por lesiones cut\u00e1neas en etapas iniciales.<\/p>\n<p>Otras condiciones incluyen la gonorrea, que provoca inflamaciones en las v\u00edas urinarias, y el herpes genital, identificado por brotes recurrentes de ampollas. La clamidia, frecuentemente asintom\u00e1tica, puede derivar en complicaciones si no se detecta, mientras que la hepatitis B afecta el h\u00edgado y se transmite por fluidos corporales. Esta campa\u00f1a subraya la necesidad de diagn\u00f3stico temprano y el uso de m\u00e9todos preventivos para controlar la incidencia de la mayor\u00eda de estas enfermedades, las cuales se han disparado desde la comercializaci\u00f3n del PrEP, cuya ingesta reduce en un 99% el riesgo de infecci\u00f3n por VIH.<\/p>\n","protected":false},"excerpt":{"rendered":"El Ministerio de Sanidad, gestionado por M\u00f3nica Garc\u00eda, destina un total de 220.000 euros a una iniciativa publicitaria&hellip;\n","protected":false},"author":2,"featured_media":118175,"comment_status":"","ping_status":"","sticky":false,"template":"","format":"standard","meta":{"footnotes":""},"categories":[92],"tags":[658,25,24,165,166,23],"class_list":{"0":"post-118174","1":"post","2":"type-post","3":"status-publish","4":"format-standard","5":"has-post-thumbnail","7":"category-salud","8":"tag-campana","9":"tag-es","10":"tag-espana","11":"tag-health","12":"tag-salud","13":"tag-spain"},"share_on_mastodon":{"url":"","error":""},"_links":{"self":[{"href":"https:\/\/www.europesays.com\/es\/wp-json\/wp\/v2\/posts\/118174","targetHints":{"allow":["GET"]}}],"collection":[{"href":"https:\/\/www.europesays.com\/es\/wp-json\/wp\/v2\/posts"}],"about":[{"href":"https:\/\/www.europesays.com\/es\/wp-json\/wp\/v2\/types\/post"}],"author":[{"embeddable":true,"href":"https:\/\/www.europesays.com\/es\/wp-json\/wp\/v2\/users\/2"}],"replies":[{"embeddable":true,"href":"https:\/\/www.europesays.com\/es\/wp-json\/wp\/v2\/comments?post=118174"}],"version-history":[{"count":0,"href":"https:\/\/www.europesays.com\/es\/wp-json\/wp\/v2\/posts\/118174\/revisions"}],"wp:featuredmedia":[{"embeddable":true,"href":"https:\/\/www.europesays.com\/es\/wp-json\/wp\/v2\/media\/118175"}],"wp:attachment":[{"href":"https:\/\/www.europesays.com\/es\/wp-json\/wp\/v2\/media?parent=118174"}],"wp:term":[{"taxonomy":"category","embeddable":true,"href":"https:\/\/www.europesays.com\/es\/wp-json\/wp\/v2\/categories?post=118174"},{"taxonomy":"post_tag","embeddable":true,"href":"https:\/\/www.europesays.com\/es\/wp-json\/wp\/v2\/tags?post=118174"}],"curies":[{"name":"wp","href":"https:\/\/api.w.org\/{rel}","templated":true}]}}