{"id":118176,"date":"2025-09-16T06:08:14","date_gmt":"2025-09-16T06:08:14","guid":{"rendered":"https:\/\/www.europesays.com\/es\/118176\/"},"modified":"2025-09-16T06:08:14","modified_gmt":"2025-09-16T06:08:14","slug":"lourdes-montes-comparte-el-album-de-sus-fotos-mas-intimas-con-francisco-rivera-en-marruecos","status":"publish","type":"post","link":"https:\/\/www.europesays.com\/es\/118176\/","title":{"rendered":"Lourdes Montes comparte el \u00e1lbum de sus fotos m\u00e1s \u00edntimas con Francisco Rivera en Marruecos"},"content":{"rendered":"<p data-journey-content=\"true\" data-node-id=\"3\" class=\"css-i9p093 emevuu60\">Marrakech tiene un hechizo y sino que se lo digan a Francisco Rivera y Lourdes Montes. Este fin de semana, l<strong data-node-id=\"3.1\">a ciudad ha sido el epicentro de una gran velada para la jet set sevillana. <\/strong>Figuras muy reconocidas como <strong data-node-id=\"3.3\">Francisco Rivera<\/strong>, su mujer <strong data-node-id=\"3.5\">Lourdes Montes<\/strong>, o <strong data-node-id=\"3.7\">In\u00e9s Domecq<\/strong> junto a su marido, <strong data-node-id=\"3.9\">Javier Mart\u00ednez de Irujo eran<\/strong> los asistentes a esta exclusiva fiesta tambi\u00e9n ha estado Tana Rivera, que a punto de cumplir 26 a\u00f1os sigue reivindicando con orgullo el legado de sus abuelas, la duquesa de Alba y Carmina Ord\u00f3\u00f1ez, a quienes suele rendir tributo a trav\u00e9s de su estilo. <\/p>\n<p data-journey-content=\"true\" data-node-id=\"6\" class=\"css-i9p093 emevuu60\">Como era de esperar, todo los asistentes de la alta sociedad sevillana iban derrochando glamour pero hay una persona que acaparaba todas las miradas. A trav\u00e9s de sus redes sociales, Lourdes Montes demostraba que es toda una musa de la moda y abr\u00eda su \u00e1lbum de fotos del fin de semana dejando unas fotos de una velada de ensue\u00f1o. La dise\u00f1adora luci\u00f3 un look de la estilista Cristina Reyes.<strong data-node-id=\"6.1\"> Un vestido satinado de Silvia Tcherassi, zapatos de tac\u00f3n de Christian Louboutin y joyas de Del Pa\u0301ramo Vintage Joyas.<\/strong><\/p>\n<p data-journey-content=\"true\" data-node-id=\"9\" class=\"css-i9p093 emevuu60\">Entre las invitadas, tambi\u00e9n destac\u00f3 la hija del torero, Tana Rivera. La joven luci\u00f3 un precioso look muy acorde con el m\u00e1gico enclave marroqu\u00ed, un estilismo inspirado en la ic\u00f3nica fotograf\u00eda tomada en T\u00e1nger en los a\u00f1os noventa de Carmina Ord\u00f3\u00f1ez, nombrada entonces como la mujer m\u00e1s bella de Europa. Exactamente se trataba de un vestido en tonos rosas, en clave joya, firmado por el dise\u00f1ador de<strong data-node-id=\"9.1\"> alta costura Nicol\u00e1s Montenegro,<\/strong> que acompa\u00f1\u00f3 con un turbante de la <strong data-node-id=\"9.3\">firma de Roc\u00edo Cambas. <\/strong><\/p>\n<p><img src=\"https:\/\/www.europesays.com\/es\/wp-content\/uploads\/2025\/09\/1758002894_109_efed3e56-411c-4c5f-aad1-8194ce4fe362_1700500172.file\" alt=\"Headshot of Redacci\u00f3n Diez Minutos\" title=\"Headshot of Redacci\u00f3n Diez Minutos\" width=\"100%\" height=\"100%\" decoding=\"async\" loading=\"lazy\" class=\"css-o0wq4v ev8dhu53\"\/><\/p>\n<p>\u00a0En Diez Minutos somos especialistas en cubrir todas las noticias del coraz\u00f3n y de la monarqu\u00eda para acercarte a las vidas de todos esos personajes a los que admiras.<\/p>\n<p>Descubre con nosotros la \u00faltima hora de los famosos nacionales e internacionales m\u00e1s relevantes: sus pol\u00e9micas, sus historias amorosas y familiares y sus proyectos profesionales con nuestras entrevistas, videos y reportajes. Tambi\u00e9n te mostramos el d\u00eda a d\u00eda de la realeza, cont\u00e1ndote con especial detalle la vida personal y familiar de nuestros Reyes: Felipe VI y Letizia y sus hijas Leonor y Sof\u00eda.<\/p>\n<p>Diez Minutos es mucho m\u00e1s que cr\u00f3nica social. Queremos hacerte la vida m\u00e1s f\u00e1cil y cuidar de ti. Por eso, publicamos una amplia selecci\u00f3n de contenidos pr\u00e1cticos para ayudarte en tu econom\u00eda dom\u00e9stica, en la decoraci\u00f3n de tu casa o en tu bienestar f\u00edsico y emocional. Tambi\u00e9n encontrar\u00e1s todo tipo de noticias y reportajes sobre el embarazo y la maternidad para facilitarte este proceso de la vida.<\/p>\n<p>La cocina es otra parte fundamental de esta gu\u00eda pr\u00e1ctica con la mejor selecci\u00f3n de recetas y consejos para llevar una dieta saludable y variada. Y todo ello sin olvidarnos de los contenidos de moda y belleza que te har\u00e1n estar a la \u00faltima en las tendencias del momento con numerosas propuestas, ofertas y novedades.<\/p>\n<p>Te lo contamos todo con la misma rigurosidad y cercan\u00eda con la que te llevamos acompa\u00f1ando desde hace 72 a\u00f1os, cuando un 1 de septiembre de 1951 la revista vio la luz por primera vez. Muchas cosas han cambiado en lo que se refiere a la parte t\u00e9cnica, pero lo que te aseguramos es que el equipo que forma esta redacci\u00f3n realiza su trabajo con entusiasmo y entrega pensando en cada uno de vosotros para que encontr\u00e9is aqu\u00ed el sitio ideal donde disfrutar de la vida.<\/p>\n<p>El equipo digital de Diez Minutos est\u00e1 formado por:<\/p>\n<p><a href=\"https:\/\/www.diezminutos.es\/author\/15369\/rosa-prieto\/\" rel=\"nofollow noopener\" target=\"_blank\">Rosa Prieto:<\/a> Directora digital.<\/p>\n<p><a href=\"https:\/\/www.diezminutos.es\/author\/18095\/silvia-criado\/\" rel=\"nofollow noopener\" target=\"_blank\">Silvia Criado:<\/a> Jefa de secci\u00f3n digital.<\/p>\n<p><a href=\"https:\/\/www.diezminutos.es\/author\/16262\/magdalena-pinero\/\" rel=\"nofollow noopener\" target=\"_blank\">Magdalena Pi\u00f1ero:<\/a> redactora digital.\u00a0<\/p>\n<p><a href=\"https:\/\/www.diezminutos.es\/author\/16270\/daniel-reyes\/\" rel=\"nofollow noopener\" target=\"_blank\">Daniel Reyes:<\/a> redactor digital.<\/p>\n<p><a href=\"https:\/\/www.diezminutos.es\/author\/221934\/ignacio-herruzo\/\" rel=\"nofollow noopener\" target=\"_blank\">Ignacio Herruzo<\/a>: redactor digital.<\/p>\n<p><a href=\"https:\/\/www.diezminutos.es\/author\/740003\/nora-camara\/\" rel=\"nofollow noopener\" target=\"_blank\">Nora C\u00e1mara<\/a>: redactora digital.\u00a0<\/p>\n","protected":false},"excerpt":{"rendered":"Marrakech tiene un hechizo y sino que se lo digan a Francisco Rivera y Lourdes Montes. Este fin&hellip;\n","protected":false},"author":2,"featured_media":118177,"comment_status":"","ping_status":"","sticky":false,"template":"","format":"standard","meta":{"footnotes":""},"categories":[91],"tags":[253,146,147,25,24,23],"class_list":{"0":"post-118176","1":"post","2":"type-post","3":"status-publish","4":"format-standard","5":"has-post-thumbnail","7":"category-entretenimiento","8":"tag-discover","9":"tag-entertainment","10":"tag-entretenimiento","11":"tag-es","12":"tag-espana","13":"tag-spain"},"share_on_mastodon":{"url":"","error":""},"_links":{"self":[{"href":"https:\/\/www.europesays.com\/es\/wp-json\/wp\/v2\/posts\/118176","targetHints":{"allow":["GET"]}}],"collection":[{"href":"https:\/\/www.europesays.com\/es\/wp-json\/wp\/v2\/posts"}],"about":[{"href":"https:\/\/www.europesays.com\/es\/wp-json\/wp\/v2\/types\/post"}],"author":[{"embeddable":true,"href":"https:\/\/www.europesays.com\/es\/wp-json\/wp\/v2\/users\/2"}],"replies":[{"embeddable":true,"href":"https:\/\/www.europesays.com\/es\/wp-json\/wp\/v2\/comments?post=118176"}],"version-history":[{"count":0,"href":"https:\/\/www.europesays.com\/es\/wp-json\/wp\/v2\/posts\/118176\/revisions"}],"wp:featuredmedia":[{"embeddable":true,"href":"https:\/\/www.europesays.com\/es\/wp-json\/wp\/v2\/media\/118177"}],"wp:attachment":[{"href":"https:\/\/www.europesays.com\/es\/wp-json\/wp\/v2\/media?parent=118176"}],"wp:term":[{"taxonomy":"category","embeddable":true,"href":"https:\/\/www.europesays.com\/es\/wp-json\/wp\/v2\/categories?post=118176"},{"taxonomy":"post_tag","embeddable":true,"href":"https:\/\/www.europesays.com\/es\/wp-json\/wp\/v2\/tags?post=118176"}],"curies":[{"name":"wp","href":"https:\/\/api.w.org\/{rel}","templated":true}]}}