{"id":118180,"date":"2025-09-16T06:11:08","date_gmt":"2025-09-16T06:11:08","guid":{"rendered":"https:\/\/www.europesays.com\/es\/118180\/"},"modified":"2025-09-16T06:11:08","modified_gmt":"2025-09-16T06:11:08","slug":"israel-intensifica-sus-ataques-en-la-ciudad-de-gaza-mientras-sus-tropas-avanzan-poco-a-poco","status":"publish","type":"post","link":"https:\/\/www.europesays.com\/es\/118180\/","title":{"rendered":"Israel intensifica sus ataques en la ciudad de Gaza mientras sus tropas avanzan poco a poco"},"content":{"rendered":"<p class=\"articleParagraph\">El ej\u00e9rcito israel\u00ed ha lanzado esta noche una serie de intensos ataques a\u00e9reos contra la Ciudad de Gaza mientras <b>sus tanques avanzan lentamente de cara a la invasi\u00f3n terrestre de la capital <\/b>gazat\u00ed, seg\u00fan han informado fuentes locales y ha comprobado EFE.<\/p>\n<p class=\"articleParagraph\">Las fuerzas israel\u00edes est\u00e1n atacando duramente la ciudad con<b> \u00f3rdenes de desalojo, con helic\u00f3pteros, drones y robots<\/b> que lanzan explosivos mientras sus tropas ganan terreno a las afueras. En el noroeste, los tanques avanzan, pero no es seguro que hayan cruzado los l\u00edmites de la ciudad, seg\u00fan las mismas fuentes.<\/p>\n<p class=\"articleParagraph\">\u00abSe reportan<b> fuertes ataques a\u00e9reos israel\u00edes<\/b> en el noroeste de la Ciudad de Gaza mientras se avecina una operaci\u00f3n terrestre\u00bb, ha advertido el diario israel\u00ed Times of Israel, mientras que el Haaret ha indicado que \u00abmiles huyen de Gaza mientras las Fuerzas de Defensa de Israel llevan a cabo extensos ataques\u00bb.<\/p>\n<p class=\"articleParagraph\">Desde el anuncio de Israel de invadir y ocupar por completo la ciudad de Gaza, los bombardeos se han incrementado contra la capital. Sin ir m\u00e1s lejos, el Ej\u00e9rcito israel\u00ed ha derribado<b> seis torres de gran altura, as\u00ed como otras decenas de edificios. <\/b><\/p>\n<p class=\"articleParagraph\">Se calcula que en la ciudad quedan al menos 650.000 personas -seg\u00fan las \u00faltimas cifras del Ej\u00e9rcito israel\u00ed- del alrededor de un mill\u00f3n que viv\u00edan en la urbe a mediados de agosto, cuando Israel anunci\u00f3 su intenci\u00f3n de invadir la capital.<\/p>\n<p>Trump exige a Ham\u00e1s que no use a los rehenes israel\u00edes como escudos humanos<\/p>\n<p class=\"articleParagraph\">Por su parte, el presidente de Estados Unidos, Donald Trump, ha advertido a Ham\u00e1s de que no use a los rehenes israel\u00edes que mantiene en su poder como escudos humanos, ya que <b>ser\u00eda \u00abuna atrocidad\u00bb<\/b>, tal y como ha manifestado en una publicaci\u00f3n en su red social Truth Social.<\/p>\n<p class=\"articleParagraph\">Seg\u00fan Trump, ha \u00able\u00eddo unos informes de prensa\u00bb, sin decir de qu\u00e9 medio, que dec\u00edan que los rehenes iban a ser sacados a la superficie de Gaza, lo que es \u00abuna atrocidad humana, una cosa como la que muy poca gente ha visto nunca antes\u00bb. Por ello, le ha lanzado una advertencia:<b> \u00abNo dejen que esto suceda o AQU\u00cd PUEDE PASAR DE TODO\u00bb. <\/b><\/p>\n<p class=\"articleParagraph\">Ham\u00e1s mantiene en su poder a medio centenar de rehenes desde hace casi dos a\u00f1os, escondidos bajo tierra, y <b>se teme que la mitad de ellos est\u00e9n ya muertos desde hace meses. <\/b>La cuesti\u00f3n de los rehenes se ha convertido en el principal argumento para continuar la guerra: el primer ministro israel\u00ed, Benjam\u00edn Netanyahu, exige su liberaci\u00f3n como condici\u00f3n previa a toda negociaci\u00f3n, mientras que Ham\u00e1s los considera la \u00fanica baza negociadora que le queda.<\/p>\n","protected":false},"excerpt":{"rendered":"El ej\u00e9rcito israel\u00ed ha lanzado esta noche una serie de intensos ataques a\u00e9reos contra la Ciudad de Gaza&hellip;\n","protected":false},"author":2,"featured_media":118181,"comment_status":"","ping_status":"","sticky":false,"template":"","format":"standard","meta":{"footnotes":""},"categories":[42],"tags":[17,18,13,14,11,61,62,63,64,19,20,9,10,15,16,12,21,22,65,66,67],"class_list":{"0":"post-118180","1":"post","2":"type-post","3":"status-publish","4":"format-standard","5":"has-post-thumbnail","7":"category-internacional","8":"tag-breaking-news","9":"tag-breakingnews","10":"tag-featured-news","11":"tag-featurednews","12":"tag-headlines","13":"tag-internacional","14":"tag-international","15":"tag-international-news","16":"tag-internationalnews","17":"tag-latest-news","18":"tag-latestnews","19":"tag-news","20":"tag-noticias","21":"tag-noticias-destacadas","22":"tag-noticiasdestacadas","23":"tag-titulares","24":"tag-ultimas-noticias","25":"tag-ultimasnoticias","26":"tag-world","27":"tag-world-news","28":"tag-worldnews"},"share_on_mastodon":{"url":"","error":""},"_links":{"self":[{"href":"https:\/\/www.europesays.com\/es\/wp-json\/wp\/v2\/posts\/118180","targetHints":{"allow":["GET"]}}],"collection":[{"href":"https:\/\/www.europesays.com\/es\/wp-json\/wp\/v2\/posts"}],"about":[{"href":"https:\/\/www.europesays.com\/es\/wp-json\/wp\/v2\/types\/post"}],"author":[{"embeddable":true,"href":"https:\/\/www.europesays.com\/es\/wp-json\/wp\/v2\/users\/2"}],"replies":[{"embeddable":true,"href":"https:\/\/www.europesays.com\/es\/wp-json\/wp\/v2\/comments?post=118180"}],"version-history":[{"count":0,"href":"https:\/\/www.europesays.com\/es\/wp-json\/wp\/v2\/posts\/118180\/revisions"}],"wp:featuredmedia":[{"embeddable":true,"href":"https:\/\/www.europesays.com\/es\/wp-json\/wp\/v2\/media\/118181"}],"wp:attachment":[{"href":"https:\/\/www.europesays.com\/es\/wp-json\/wp\/v2\/media?parent=118180"}],"wp:term":[{"taxonomy":"category","embeddable":true,"href":"https:\/\/www.europesays.com\/es\/wp-json\/wp\/v2\/categories?post=118180"},{"taxonomy":"post_tag","embeddable":true,"href":"https:\/\/www.europesays.com\/es\/wp-json\/wp\/v2\/tags?post=118180"}],"curies":[{"name":"wp","href":"https:\/\/api.w.org\/{rel}","templated":true}]}}