{"id":118188,"date":"2025-09-16T06:19:08","date_gmt":"2025-09-16T06:19:08","guid":{"rendered":"https:\/\/www.europesays.com\/es\/118188\/"},"modified":"2025-09-16T06:19:08","modified_gmt":"2025-09-16T06:19:08","slug":"la-union-ciclista-internacional-arremete-contra-pedro-sanchez-por-los-incidentes-politicos-durante-la-vuelta","status":"publish","type":"post","link":"https:\/\/www.europesays.com\/es\/118188\/","title":{"rendered":"La Uni\u00f3n Ciclista Internacional arremete contra Pedro S\u00e1nchez por los incidentes pol\u00edticos durante la Vuelta"},"content":{"rendered":"<p>15\/09\/2025<br \/>\n<br \/><strong><br \/>\nActualizado a las 20:52h.<br \/>\n<\/strong><\/p>\n<p class=\"voc-p\" style=\"\">La Uni\u00f3n Ciclista Internacional (UCI) ha emitido un contundente comunicado en el que reprueba duramente la politizaci\u00f3n de <a href=\"https:\/\/www.abc.es\/espana\/indignacion-policia-tras-incidentes-vuelta-diseno-dispositivo-20250915115613-nt.html\" title=\"www.abc.es\" data-voc-vtm-id=\"in-text-traffic\" data-mrf-link=\"www.abc.es\" rel=\"nofollow noopener\" target=\"_blank\">La Vuelta a Espa\u00f1a<\/a> durante su edici\u00f3n n\u00famero 90, se\u00f1alando directamente al presidente del Gobierno, Pedro S\u00e1nchez, por su supuesta actitud permisiva ante las protestas que interrumpieron el desarrollo de la competici\u00f3n.<\/p>\n<p class=\"voc-p\" style=\"\">Los <strong>disturbios registrados en Madrid,<\/strong> donde se vivieron momentos de tensi\u00f3n entre manifestantes y cuerpos policiales, motivaron la reacci\u00f3n del m\u00e1ximo ente del ciclismo mundial. La UCI manifest\u00f3 su profunda preocupaci\u00f3n por los actos ocurridos, entre ellos la irrupci\u00f3n de activistas en plena carretera, agresiones simb\u00f3licas como el lanzamiento de orina a los corredores, y ca\u00eddas provocadas que afectaron el normal desarrollo de la carrera, incluso obligando a abandonar a ciclistas como Javier Romo.<\/p>\n<p>\nLamentan que Pedro S\u00e1nchez haya respaldado a los manifestantes\n<\/p>\n<p class=\"voc-p\" style=\"\">Pero lo que m\u00e1s ha encendido las alarmas del organismo fue el aparente <strong>respaldo del Gobierno espa\u00f1ol a los manifestantes. <\/strong>En su declaraci\u00f3n, la UCI lamenta que \u00abel presidente del Gobierno espa\u00f1ol y su equipo hayan respaldado acciones realizadas en el marco de una competici\u00f3n deportiva que pueden obstaculizar su buen desarrollo\u00bb, haciendo hincapi\u00e9 en que algunos miembros del Ejecutivo llegaron incluso a \u00abexpresar su admiraci\u00f3n\u00bb hacia los manifestantes.<\/p>\n<p class=\"voc-p\" style=\"\">\u00abLa instrumentalizaci\u00f3n del deporte con fines pol\u00edticos es inaceptable\u00bb, asever\u00f3 el organismo. En ese sentido, la UCI record\u00f3 que el deporte debe mantenerse al margen de conflictos ideol\u00f3gicos y ser \u00abuna herramienta al servicio de la paz\u00bb, en l\u00ednea con los principios de la Carta Ol\u00edmpica.<\/p>\n<p>\nCuestionan que Espa\u00f1a est\u00e9 en condiciones de albergar eventos internacionales\n<\/p>\n<p class=\"voc-p\" style=\"\">La gravedad de los hechos ha llevado a la instituci\u00f3n a plantearse si Espa\u00f1a est\u00e1 en condiciones de albergar eventos internacionales de gran envergadura. \u00abEste tipo de incidentes pone en tela de juicio la capacidad del pa\u00eds para garantizar la seguridad y el desarrollo de competiciones en un entorno de respeto y neutralidad\u00bb, advierte el comunicado.<\/p>\n<p class=\"voc-p\" style=\"\">Frente a esta situaci\u00f3n, <strong>la UCI tambi\u00e9n aprovech\u00f3 para felicitar tanto a la organizaci\u00f3n de La Vuelta como a las Fuerzas y Cuerpos de Seguridad del Estado<\/strong> por su actuaci\u00f3n ante un escenario complejo. No obstante, insiste en que el compromiso institucional debe ser claro y firme en la defensa de los valores deportivos.<\/p>\n<p class=\"voc-p\" style=\"\">Desde la UCI sostienen, \u00abno puede convertirse en campo de batalla para debates pol\u00edticos\u00bb. Instan a que los desacuerdos entre Estados y ciudadanos se tramiten por las v\u00edas adecuadas, respetando los espacios de convivencia que ofrece el deporte.<\/p>\n<p>Reportar un error<\/p>\n","protected":false},"excerpt":{"rendered":"15\/09\/2025 Actualizado a las 20:52h. La Uni\u00f3n Ciclista Internacional (UCI) ha emitido un contundente comunicado en el que&hellip;\n","protected":false},"author":2,"featured_media":118189,"comment_status":"","ping_status":"","sticky":false,"template":"","format":"standard","meta":{"footnotes":""},"categories":[273],"tags":[16360,313,1757,312,168,25,24,4884,61,1822,1670,199,23,167,2079,1357],"class_list":{"0":"post-118188","1":"post","2":"type-post","3":"status-publish","4":"format-standard","5":"has-post-thumbnail","7":"category-ciclismo","8":"tag-arremete","9":"tag-ciclismo","10":"tag-ciclista","11":"tag-cycling","12":"tag-deportes","13":"tag-es","14":"tag-espana","15":"tag-incidentes","16":"tag-internacional","17":"tag-pedro","18":"tag-politicos","19":"tag-sanchez","20":"tag-spain","21":"tag-sports","22":"tag-union","23":"tag-vuelta"},"share_on_mastodon":{"url":"","error":""},"_links":{"self":[{"href":"https:\/\/www.europesays.com\/es\/wp-json\/wp\/v2\/posts\/118188","targetHints":{"allow":["GET"]}}],"collection":[{"href":"https:\/\/www.europesays.com\/es\/wp-json\/wp\/v2\/posts"}],"about":[{"href":"https:\/\/www.europesays.com\/es\/wp-json\/wp\/v2\/types\/post"}],"author":[{"embeddable":true,"href":"https:\/\/www.europesays.com\/es\/wp-json\/wp\/v2\/users\/2"}],"replies":[{"embeddable":true,"href":"https:\/\/www.europesays.com\/es\/wp-json\/wp\/v2\/comments?post=118188"}],"version-history":[{"count":0,"href":"https:\/\/www.europesays.com\/es\/wp-json\/wp\/v2\/posts\/118188\/revisions"}],"wp:featuredmedia":[{"embeddable":true,"href":"https:\/\/www.europesays.com\/es\/wp-json\/wp\/v2\/media\/118189"}],"wp:attachment":[{"href":"https:\/\/www.europesays.com\/es\/wp-json\/wp\/v2\/media?parent=118188"}],"wp:term":[{"taxonomy":"category","embeddable":true,"href":"https:\/\/www.europesays.com\/es\/wp-json\/wp\/v2\/categories?post=118188"},{"taxonomy":"post_tag","embeddable":true,"href":"https:\/\/www.europesays.com\/es\/wp-json\/wp\/v2\/tags?post=118188"}],"curies":[{"name":"wp","href":"https:\/\/api.w.org\/{rel}","templated":true}]}}